{"id":69743,"date":"2016-05-13T09:00:54","date_gmt":"2016-05-13T12:00:54","guid":{"rendered":"http:\/\/www.eltrabajo.cl\/portal\/?p=69743"},"modified":"2016-05-13T09:00:54","modified_gmt":"2016-05-13T12:00:54","slug":"centro-colapso-con-movilizacion-de-los-taxis-y-colectivos-en-los-andes","status":"publish","type":"post","link":"https:\/\/eltrabajo.cl\/portal\/centro-colapso-con-movilizacion-de-los-taxis-y-colectivos-en-los-andes\/","title":{"rendered":"Centro colaps\u00f3 con movilizaci\u00f3n de los taxis y colectivos en Los Andes"},"content":{"rendered":"<ul>\n<li><strong>Exigen mayor fiscalizaci\u00f3n de los veh\u00edculos piratas:<\/strong><\/li>\n<\/ul>\n<p><strong>LOS ANDES.-<\/strong> Alrededor de 600 veh\u00edculos entre taxis y colectivos, se movilizaron a nivel de la provincia de Los Andes para protestar por la incursi\u00f3n en el mercado de las aplicaciones Uber y Cabify.<br \/>\nTal como se hab\u00eda anunciado, a partir de las 11:30 horas, cinco columnas de veh\u00edculos comenzaron a avanzar desde diferentes puntos de la ciudad hasta confluir en la plaza de armas, lo cual paraliz\u00f3 por completo la circulaci\u00f3n de veh\u00edculos.<br \/>\nDurante la movilizaci\u00f3n los dirigentes del Consejo Superior de Taxis Colectivos de Los Andes, hicieron entrega de un pliego de peticiones a la gobernadora provincial como representante de la Presidenta de la Rep\u00fablica en la provincia, donde entre otras cosas exigen una mayor fiscalizaci\u00f3n al transporte pirata como ellos catalogan a Uber y Cabify.<br \/>\nPiden tambi\u00e9n una fiscalizaci\u00f3n exhaustiva del Servicios de Impuestos Internos para ver la forma de tributar de estas empresas, agregando que la Direcci\u00f3n del Trabajo tiene que controlar cu\u00e1l es la relaci\u00f3n del empleador con los conductores de los veh\u00edculos que prestan esos servicios.<br \/>\nAl mismo tiempo exigen saber cu\u00e1les son las protecciones con que cuentan los pasajeros que usan estas aplicaciones.<br \/>\nEl gremio a nivel nacional no descarta recrudecer las movilizaciones si estas empresas extranjeras contin\u00faan operando sin regulaciones.<\/p>\n<figure id=\"attachment_69744\" aria-describedby=\"caption-attachment-69744\" style=\"width: 530px\" class=\"wp-caption alignleft\"><a href=\"http:\/\/www.eltrabajo.cl\/portal\/centro-colapso-con-movilizacion-de-los-taxis-y-colectivos-en-los-andes\/uber-colectivos1\/\" rel=\"attachment wp-att-69744\"><img data-recalc-dims=\"1\" loading=\"lazy\" decoding=\"async\" class=\"size-full wp-image-69744\" src=\"https:\/\/i0.wp.com\/www.eltrabajo.cl\/portal\/wp-content\/uploads\/2016\/05\/uber-colectivos1.jpg?resize=530%2C349\" alt=\"La circulaci\u00f3n por el centro de Los Andes qued\u00f3 paralizada con la manifestaci\u00f3n de los transportistas.\" width=\"530\" height=\"349\" srcset=\"https:\/\/i0.wp.com\/eltrabajo.cl\/portal\/wp-content\/uploads\/2016\/05\/uber-colectivos1.jpg?w=530&amp;ssl=1 530w, https:\/\/i0.wp.com\/eltrabajo.cl\/portal\/wp-content\/uploads\/2016\/05\/uber-colectivos1.jpg?resize=200%2C132&amp;ssl=1 200w, https:\/\/i0.wp.com\/eltrabajo.cl\/portal\/wp-content\/uploads\/2016\/05\/uber-colectivos1.jpg?resize=300%2C198&amp;ssl=1 300w, https:\/\/i0.wp.com\/eltrabajo.cl\/portal\/wp-content\/uploads\/2016\/05\/uber-colectivos1.jpg?resize=228%2C150&amp;ssl=1 228w, https:\/\/i0.wp.com\/eltrabajo.cl\/portal\/wp-content\/uploads\/2016\/05\/uber-colectivos1.jpg?resize=400%2C263&amp;ssl=1 400w\" sizes=\"auto, (max-width: 530px) 100vw, 530px\" \/><\/a><figcaption id=\"caption-attachment-69744\" class=\"wp-caption-text\">La circulaci\u00f3n por el centro de Los Andes qued\u00f3 paralizada con la manifestaci\u00f3n de los transportistas.<\/figcaption><\/figure>\n<figure id=\"attachment_69745\" aria-describedby=\"caption-attachment-69745\" style=\"width: 530px\" class=\"wp-caption alignleft\"><a href=\"http:\/\/www.eltrabajo.cl\/portal\/centro-colapso-con-movilizacion-de-los-taxis-y-colectivos-en-los-andes\/uber-colectivos2\/\" rel=\"attachment wp-att-69745\"><img data-recalc-dims=\"1\" loading=\"lazy\" decoding=\"async\" class=\"size-full wp-image-69745\" src=\"https:\/\/i0.wp.com\/www.eltrabajo.cl\/portal\/wp-content\/uploads\/2016\/05\/uber-colectivos2.jpg?resize=530%2C348\" alt=\"Durante la movilizaci\u00f3n los dirigentes hicieron entrega de un pliego de peticiones a la gobernadora provincial como representante de la Presidenta de la Rep\u00fablica en la provincia.\" width=\"530\" height=\"348\" srcset=\"https:\/\/i0.wp.com\/eltrabajo.cl\/portal\/wp-content\/uploads\/2016\/05\/uber-colectivos2.jpg?w=530&amp;ssl=1 530w, https:\/\/i0.wp.com\/eltrabajo.cl\/portal\/wp-content\/uploads\/2016\/05\/uber-colectivos2.jpg?resize=200%2C131&amp;ssl=1 200w, https:\/\/i0.wp.com\/eltrabajo.cl\/portal\/wp-content\/uploads\/2016\/05\/uber-colectivos2.jpg?resize=300%2C197&amp;ssl=1 300w, https:\/\/i0.wp.com\/eltrabajo.cl\/portal\/wp-content\/uploads\/2016\/05\/uber-colectivos2.jpg?resize=228%2C150&amp;ssl=1 228w, https:\/\/i0.wp.com\/eltrabajo.cl\/portal\/wp-content\/uploads\/2016\/05\/uber-colectivos2.jpg?resize=400%2C263&amp;ssl=1 400w\" sizes=\"auto, (max-width: 530px) 100vw, 530px\" \/><\/a><figcaption id=\"caption-attachment-69745\" class=\"wp-caption-text\">Durante la movilizaci\u00f3n los dirigentes hicieron entrega de un pliego de peticiones a la gobernadora provincial como representante de la Presidenta de la Rep\u00fablica en la provincia.<\/figcaption><\/figure>\n","protected":false},"excerpt":{"rendered":"<p>Exigen mayor fiscalizaci\u00f3n de los veh\u00edculos piratas: LOS ANDES.- Alrededor de 600 veh\u00edculos entre taxis y colectivos, se movilizaron a nivel de la provincia de Los Andes para protestar por la incursi\u00f3n&#8230;<\/p>\n","protected":false},"author":1,"featured_media":69744,"comment_status":"open","ping_status":"open","sticky":false,"template":"","format":"standard","meta":{"advanced_seo_description":"","jetpack_seo_html_title":"","jetpack_seo_noindex":false,"_jetpack_memberships_contains_paid_content":false,"footnotes":""},"categories":[1],"tags":[],"class_list":["post-69743","post","type-post","status-publish","format-standard","has-post-thumbnail","hentry","category-cronica"],"jetpack_featured_media_url":"https:\/\/i0.wp.com\/eltrabajo.cl\/portal\/wp-content\/uploads\/2016\/05\/uber-colectivos1.jpg?fit=530%2C349&ssl=1","jetpack_sharing_enabled":true,"jetpack_likes_enabled":true,"jetpack-related-posts":[],"_links":{"self":[{"href":"https:\/\/eltrabajo.cl\/portal\/wp-json\/wp\/v2\/posts\/69743","targetHints":{"allow":["GET"]}}],"collection":[{"href":"https:\/\/eltrabajo.cl\/portal\/wp-json\/wp\/v2\/posts"}],"about":[{"href":"https:\/\/eltrabajo.cl\/portal\/wp-json\/wp\/v2\/types\/post"}],"author":[{"embeddable":true,"href":"https:\/\/eltrabajo.cl\/portal\/wp-json\/wp\/v2\/users\/1"}],"replies":[{"embeddable":true,"href":"https:\/\/eltrabajo.cl\/portal\/wp-json\/wp\/v2\/comments?post=69743"}],"version-history":[{"count":0,"href":"https:\/\/eltrabajo.cl\/portal\/wp-json\/wp\/v2\/posts\/69743\/revisions"}],"wp:featuredmedia":[{"embeddable":true,"href":"https:\/\/eltrabajo.cl\/portal\/wp-json\/wp\/v2\/media\/69744"}],"wp:attachment":[{"href":"https:\/\/eltrabajo.cl\/portal\/wp-json\/wp\/v2\/media?parent=69743"}],"wp:term":[{"taxonomy":"category","embeddable":true,"href":"https:\/\/eltrabajo.cl\/portal\/wp-json\/wp\/v2\/categories?post=69743"},{"taxonomy":"post_tag","embeddable":true,"href":"https:\/\/eltrabajo.cl\/portal\/wp-json\/wp\/v2\/tags?post=69743"}],"curies":[{"name":"wp","href":"https:\/\/api.w.org\/{rel}","templated":true}]}}