{"id":69748,"date":"2016-05-13T09:03:57","date_gmt":"2016-05-13T12:03:57","guid":{"rendered":"http:\/\/www.eltrabajo.cl\/portal\/?p=69748"},"modified":"2016-05-13T09:03:57","modified_gmt":"2016-05-13T12:03:57","slug":"locomocion-menor-se-sumo-a-movilizacion-nacional-contra-uber-y-cabify","status":"publish","type":"post","link":"https:\/\/eltrabajo.cl\/portal\/locomocion-menor-se-sumo-a-movilizacion-nacional-contra-uber-y-cabify\/","title":{"rendered":"Locomoci\u00f3n menor se sum\u00f3 a movilizaci\u00f3n nacional contra UBER y CABIFY"},"content":{"rendered":"<ul>\n<li><strong>Paro de Taxis, Radiotaxis y Colectivos borde\u00f3 el 100 por ciento de adhesi\u00f3n en la Provincia de San Felipe<\/strong><\/li>\n<\/ul>\n<p>Dirigentes de los distintos gremios quedaron conformes con la convocatoria y a la espera que la autoridad resuelva el estado de ilegalidad en el que, seg\u00fan dicen, se encuentran funcionando las aplicaciones telef\u00f3nicas.<br \/>\nSatisfacci\u00f3n y conformidad con la convocatoria conseguida, mostraron los dirigentes de los distintos gremios de \u2018Taxis Colectivos de la Provincia de San Felipe\u2019, que durante la jornada de ayer (hasta las 14 horas), se adhirieron a la paralizaci\u00f3n de car\u00e1cter nacional y que a nivel local reuni\u00f3 a alrededor de 500 veh\u00edculos que en caravana atravesaron San Felipe de un extremo a otro.<br \/>\nDe acuerdo a lo expresado por Elizabeth Reyes, presidenta de la Federaci\u00f3n de Taxis-colectivos de San Felipe, el paro del transporte menor en la comuna lleg\u00f3 casi un 100 por ciento, salvo algunas excepciones, coordinadas con la dirigencia con antelaci\u00f3n, por lo que, el balance result\u00f3 ser m\u00e1s que positivo<br \/>\n\u201cLa verdad es que la movilizaci\u00f3n tuvo bastante aceptaci\u00f3n por parte de las l\u00edneas de colectivos, taxis y radiotaxis, si bien es cierto en la ma\u00f1ana estuvieron algunos trabajando, son patentes autorizadas por nuestro gremio, porque ten\u00edan compromiso con anterioridad pero sin letrero, excepciones de las cuales nosotros ten\u00edamos conocimiento\u201d, destac\u00f3.<br \/>\nAs\u00ed mismo, la dirigente afirm\u00f3, que la jornada se desarroll\u00f3 tal como estaba planificado, detallando que \u201ctuvimos dos columnas, una que ingres\u00f3 y baj\u00f3 por calle Prat, con alrededor de 250 veh\u00edculos y otra que subi\u00f3 desde Diego de Almagro, por calle Merced que eran como 200 autos m\u00e1s\u201d, mencion\u00f3.<br \/>\nRespecto a cu\u00e1l es el saldo que deja la manifestaci\u00f3n, Reyes afirm\u00f3 que aquella evaluaci\u00f3n se realizar\u00e1 una vez que se conozca la postura de las autoridades locales, aunque advirti\u00f3 que \u201cel \u00e9xito de esta actividad, se debe en parte, a las buenas coordinaciones entre los dirigentes y las autoridades pertinentes, justamente vamos a hacer la evaluaci\u00f3n respectiva con ellos\u201d, acot\u00f3.<br \/>\nCabe recordar, que la movilizaci\u00f3n nacional de los distintos gremios del transporte menor, surge a partir de la aparici\u00f3n y funcionamientos de las aplicaciones telef\u00f3nicas UBER y CABIFY, las cuales, tambi\u00e9n ofrecen un servicio de transporte de pasajeros, pero que seg\u00fan los dirigentes de las agrupaciones de taxis colectivos a nivel pa\u00eds, no cumplen con el marco regulatorio que exige la ley, transformando la tecnolog\u00eda en un sistema de traslado de car\u00e1cter \u2018pirata\u2019.<br \/>\nManuel Carvallo, presidente del Consejo Superior de Taxis Colectivos de San Felipe, destac\u00f3 la alta adhesi\u00f3n que tuvo esta manifestaci\u00f3n en el Valle de Aconcagua, argumentando que \u201ccomo se pudo ver, nosotros cumplimos en un 100 por ciento, yo quiero agradecer a la gente que represento, la cual tuvo sobre un 90 por ciento de participaci\u00f3n y eso habla bien de nosotros, porque estamos defendiendo una actividad laboral, en la cual hoy d\u00eda creemos que existe una injusticia en la aplicaci\u00f3n de la ley\u201d, enfatiz\u00f3<br \/>\n\u201cNormalmente se cuestiona el servicio que uno presta, entonces la soluci\u00f3n es que seamos todos Uber, no nos pongan condiciones y trabajemos as\u00ed, sin costo de operaci\u00f3n, mantenimiento, ni restricci\u00f3n alguna. La injusticia se produce porque nosotros tenemos que tener veh\u00edculos de un color determinado, un tipo de placa patente, que el propio ministerio nos exige\u201d, agreg\u00f3 el representante gremial.<br \/>\nEn relaci\u00f3n con los pasos que seguir\u00e1n de aqu\u00ed en adelante, para que la autoridad tome cartas en el asunto que los aqueja, Carvallo no descart\u00f3 la posibilidad de que en el corto plazo, se sigan realizando movilizaciones, y adujo que \u201cesta es una primera etapa, hay que entender que este es un tema a nivel nacional, nosotros nos debemos a las bases nacionales, este es un primer llamado de alerta en la que manifestamos a las autoridades nuestra disconformidad con este tipo de aplicaci\u00f3n y ellos son los que, a diferencia de otros pa\u00edses, deben bloquear este asunto u otorgarle cierta legalidad que a nosotros no nos perjudique\u201d, sentenci\u00f3.<br \/>\nFinalmente, el Gobernador de la Provincia de San Felipe Eduardo Le\u00f3n, estim\u00f3 que el n\u00famero de veh\u00edculos participantes fue de 350 aproximadamente, los cuales cumplieron en plenitud con el compromiso pactado con la autoridad, sin provocar incidentes ni tampoco grandes atochamientos durante la movilizaci\u00f3n.<br \/>\n\u201cDescartamos cualquier problema asociado a la manifestaci\u00f3n de los taxistas y tambi\u00e9n por lo que vimos la comunidad tom\u00f3 las precauciones necesarias, no vimos paraderos llenos ni tuvimos mayores reclamos, as\u00ed que afortunadamente fue una jornada tranquila\u201d, concluy\u00f3 la m\u00e1xima autoridad provincial.<\/p>\n<figure id=\"attachment_69749\" aria-describedby=\"caption-attachment-69749\" style=\"width: 530px\" class=\"wp-caption alignleft\"><a href=\"http:\/\/www.eltrabajo.cl\/portal\/locomocion-menor-se-sumo-a-movilizacion-nacional-contra-uber-y-cabify\/foto-1-10\/\" rel=\"attachment wp-att-69749\"><img data-recalc-dims=\"1\" loading=\"lazy\" decoding=\"async\" class=\"size-full wp-image-69749\" src=\"https:\/\/i0.wp.com\/www.eltrabajo.cl\/portal\/wp-content\/uploads\/2016\/05\/foto-1-1.jpg?resize=530%2C348\" alt=\"Alrededor de 500 taxis y colectivos atravesaron San Felipe en Caravana y tal como lo hab\u00edan anunciado, extendieron hasta las 14 horas la paralizaci\u00f3n del servicio\" width=\"530\" height=\"348\" srcset=\"https:\/\/i0.wp.com\/eltrabajo.cl\/portal\/wp-content\/uploads\/2016\/05\/foto-1-1.jpg?w=530&amp;ssl=1 530w, https:\/\/i0.wp.com\/eltrabajo.cl\/portal\/wp-content\/uploads\/2016\/05\/foto-1-1.jpg?resize=200%2C131&amp;ssl=1 200w, https:\/\/i0.wp.com\/eltrabajo.cl\/portal\/wp-content\/uploads\/2016\/05\/foto-1-1.jpg?resize=300%2C197&amp;ssl=1 300w, https:\/\/i0.wp.com\/eltrabajo.cl\/portal\/wp-content\/uploads\/2016\/05\/foto-1-1.jpg?resize=228%2C150&amp;ssl=1 228w, https:\/\/i0.wp.com\/eltrabajo.cl\/portal\/wp-content\/uploads\/2016\/05\/foto-1-1.jpg?resize=400%2C263&amp;ssl=1 400w\" sizes=\"auto, (max-width: 530px) 100vw, 530px\" \/><\/a><figcaption id=\"caption-attachment-69749\" class=\"wp-caption-text\">Alrededor de 500 taxis y colectivos atravesaron San Felipe en Caravana y tal como lo hab\u00edan anunciado, extendieron hasta las 14 horas la paralizaci\u00f3n del servicio<\/figcaption><\/figure>\n<figure id=\"attachment_69750\" aria-describedby=\"caption-attachment-69750\" style=\"width: 300px\" class=\"wp-caption alignleft\"><a href=\"http:\/\/www.eltrabajo.cl\/portal\/locomocion-menor-se-sumo-a-movilizacion-nacional-contra-uber-y-cabify\/foto-2-7\/\" rel=\"attachment wp-att-69750\"><img data-recalc-dims=\"1\" loading=\"lazy\" decoding=\"async\" class=\"size-medium wp-image-69750\" src=\"https:\/\/i0.wp.com\/www.eltrabajo.cl\/portal\/wp-content\/uploads\/2016\/05\/foto-2-300x197.jpg?resize=300%2C197\" alt=\"Manuel Carvallo, Presidente del Consejo Superior de Taxis Colectivos de San Felipe.\" width=\"300\" height=\"197\" srcset=\"https:\/\/i0.wp.com\/eltrabajo.cl\/portal\/wp-content\/uploads\/2016\/05\/foto-2.jpg?resize=300%2C197&amp;ssl=1 300w, https:\/\/i0.wp.com\/eltrabajo.cl\/portal\/wp-content\/uploads\/2016\/05\/foto-2.jpg?resize=200%2C131&amp;ssl=1 200w, https:\/\/i0.wp.com\/eltrabajo.cl\/portal\/wp-content\/uploads\/2016\/05\/foto-2.jpg?resize=228%2C150&amp;ssl=1 228w, https:\/\/i0.wp.com\/eltrabajo.cl\/portal\/wp-content\/uploads\/2016\/05\/foto-2.jpg?resize=400%2C263&amp;ssl=1 400w, https:\/\/i0.wp.com\/eltrabajo.cl\/portal\/wp-content\/uploads\/2016\/05\/foto-2.jpg?w=530&amp;ssl=1 530w\" sizes=\"auto, (max-width: 300px) 100vw, 300px\" \/><\/a><figcaption id=\"caption-attachment-69750\" class=\"wp-caption-text\">Manuel Carvallo, Presidente del Consejo Superior de Taxis Colectivos de San Felipe.<\/figcaption><\/figure>\n<figure id=\"attachment_69751\" aria-describedby=\"caption-attachment-69751\" style=\"width: 300px\" class=\"wp-caption alignleft\"><a href=\"http:\/\/www.eltrabajo.cl\/portal\/locomocion-menor-se-sumo-a-movilizacion-nacional-contra-uber-y-cabify\/foto-3-8\/\" rel=\"attachment wp-att-69751\"><img data-recalc-dims=\"1\" loading=\"lazy\" decoding=\"async\" class=\"size-medium wp-image-69751\" src=\"https:\/\/i0.wp.com\/www.eltrabajo.cl\/portal\/wp-content\/uploads\/2016\/05\/foto-3-300x197.jpg?resize=300%2C197\" alt=\"Elizabeth Reyes, Presidenta de la Federaci\u00f3n de Taxis-colectivos de San Felipe.\" width=\"300\" height=\"197\" srcset=\"https:\/\/i0.wp.com\/eltrabajo.cl\/portal\/wp-content\/uploads\/2016\/05\/foto-3.jpg?resize=300%2C197&amp;ssl=1 300w, https:\/\/i0.wp.com\/eltrabajo.cl\/portal\/wp-content\/uploads\/2016\/05\/foto-3.jpg?resize=200%2C131&amp;ssl=1 200w, https:\/\/i0.wp.com\/eltrabajo.cl\/portal\/wp-content\/uploads\/2016\/05\/foto-3.jpg?resize=228%2C150&amp;ssl=1 228w, https:\/\/i0.wp.com\/eltrabajo.cl\/portal\/wp-content\/uploads\/2016\/05\/foto-3.jpg?resize=400%2C263&amp;ssl=1 400w, https:\/\/i0.wp.com\/eltrabajo.cl\/portal\/wp-content\/uploads\/2016\/05\/foto-3.jpg?w=530&amp;ssl=1 530w\" sizes=\"auto, (max-width: 300px) 100vw, 300px\" \/><\/a><figcaption id=\"caption-attachment-69751\" class=\"wp-caption-text\">Elizabeth Reyes, Presidenta de la Federaci\u00f3n de Taxis-colectivos de San Felipe.<\/figcaption><\/figure>\n","protected":false},"excerpt":{"rendered":"<p>Paro de Taxis, Radiotaxis y Colectivos borde\u00f3 el 100 por ciento de adhesi\u00f3n en la Provincia de San Felipe Dirigentes de los distintos gremios quedaron conformes con la convocatoria y a la&#8230;<\/p>\n","protected":false},"author":1,"featured_media":69749,"comment_status":"open","ping_status":"open","sticky":false,"template":"","format":"standard","meta":{"advanced_seo_description":"","jetpack_seo_html_title":"","jetpack_seo_noindex":false,"_jetpack_memberships_contains_paid_content":false,"footnotes":""},"categories":[1],"tags":[],"class_list":["post-69748","post","type-post","status-publish","format-standard","has-post-thumbnail","hentry","category-cronica"],"jetpack_featured_media_url":"https:\/\/i0.wp.com\/eltrabajo.cl\/portal\/wp-content\/uploads\/2016\/05\/foto-1-1.jpg?fit=530%2C348&ssl=1","jetpack_sharing_enabled":true,"jetpack_likes_enabled":true,"jetpack-related-posts":[],"_links":{"self":[{"href":"https:\/\/eltrabajo.cl\/portal\/wp-json\/wp\/v2\/posts\/69748","targetHints":{"allow":["GET"]}}],"collection":[{"href":"https:\/\/eltrabajo.cl\/portal\/wp-json\/wp\/v2\/posts"}],"about":[{"href":"https:\/\/eltrabajo.cl\/portal\/wp-json\/wp\/v2\/types\/post"}],"author":[{"embeddable":true,"href":"https:\/\/eltrabajo.cl\/portal\/wp-json\/wp\/v2\/users\/1"}],"replies":[{"embeddable":true,"href":"https:\/\/eltrabajo.cl\/portal\/wp-json\/wp\/v2\/comments?post=69748"}],"version-history":[{"count":0,"href":"https:\/\/eltrabajo.cl\/portal\/wp-json\/wp\/v2\/posts\/69748\/revisions"}],"wp:featuredmedia":[{"embeddable":true,"href":"https:\/\/eltrabajo.cl\/portal\/wp-json\/wp\/v2\/media\/69749"}],"wp:attachment":[{"href":"https:\/\/eltrabajo.cl\/portal\/wp-json\/wp\/v2\/media?parent=69748"}],"wp:term":[{"taxonomy":"category","embeddable":true,"href":"https:\/\/eltrabajo.cl\/portal\/wp-json\/wp\/v2\/categories?post=69748"},{"taxonomy":"post_tag","embeddable":true,"href":"https:\/\/eltrabajo.cl\/portal\/wp-json\/wp\/v2\/tags?post=69748"}],"curies":[{"name":"wp","href":"https:\/\/api.w.org\/{rel}","templated":true}]}}