{"id":69754,"date":"2016-05-13T09:07:10","date_gmt":"2016-05-13T12:07:10","guid":{"rendered":"http:\/\/www.eltrabajo.cl\/portal\/?p=69754"},"modified":"2016-05-13T09:07:10","modified_gmt":"2016-05-13T12:07:10","slug":"tres-inventos-de-industrialinos-compiten-en-concurso-nacional-de-genios","status":"publish","type":"post","link":"https:\/\/eltrabajo.cl\/portal\/tres-inventos-de-industrialinos-compiten-en-concurso-nacional-de-genios\/","title":{"rendered":"Tres inventos de industrialinos compiten en concurso nacional de genios"},"content":{"rendered":"<ul>\n<li><strong>Diesel org\u00e1nico; zapato que carga bater\u00edas y lector de agua:<\/strong><\/li>\n<\/ul>\n<figure id=\"attachment_69756\" aria-describedby=\"caption-attachment-69756\" style=\"width: 300px\" class=\"wp-caption alignleft\"><a href=\"http:\/\/www.eltrabajo.cl\/portal\/tres-inventos-de-industrialinos-compiten-en-concurso-nacional-de-genios\/andres-vargas-7\/\" rel=\"attachment wp-att-69756\"><img data-recalc-dims=\"1\" loading=\"lazy\" decoding=\"async\" class=\"size-medium wp-image-69756\" src=\"https:\/\/i0.wp.com\/www.eltrabajo.cl\/portal\/wp-content\/uploads\/2016\/05\/Andres-Vargas-300x197.jpg?resize=300%2C197\" alt=\"Andr\u00e9s Vargas Munita, director de la Escuela Industrial de San Felipe.\" width=\"300\" height=\"197\" srcset=\"https:\/\/i0.wp.com\/eltrabajo.cl\/portal\/wp-content\/uploads\/2016\/05\/Andres-Vargas.jpg?resize=300%2C197&amp;ssl=1 300w, https:\/\/i0.wp.com\/eltrabajo.cl\/portal\/wp-content\/uploads\/2016\/05\/Andres-Vargas.jpg?resize=200%2C131&amp;ssl=1 200w, https:\/\/i0.wp.com\/eltrabajo.cl\/portal\/wp-content\/uploads\/2016\/05\/Andres-Vargas.jpg?resize=228%2C150&amp;ssl=1 228w, https:\/\/i0.wp.com\/eltrabajo.cl\/portal\/wp-content\/uploads\/2016\/05\/Andres-Vargas.jpg?resize=400%2C263&amp;ssl=1 400w, https:\/\/i0.wp.com\/eltrabajo.cl\/portal\/wp-content\/uploads\/2016\/05\/Andres-Vargas.jpg?w=530&amp;ssl=1 530w\" sizes=\"auto, (max-width: 300px) 100vw, 300px\" \/><\/a><figcaption id=\"caption-attachment-69756\" class=\"wp-caption-text\">Andr\u00e9s Vargas Munita, director de la Escuela Industrial de San Felipe.<\/figcaption><\/figure>\n<p>Un vertiginoso revuelo estudiantil se est\u00e1 generando en los pasillos de la Escuela Industrial Guillermo Richards Cuevas de San Felipe, luego que tres grupos de estudiantes de tercero medio entraran a participar a un concurso nacional Crear y Emprender 2016 que desarrolla Fundaci\u00f3n Mustakis y SNA Educa a lo largo de sus 20 establecimientos en todo Chile.<br \/>\nSe trata, de una jornada en donde estudiantes de tercero medio de cada centro educativo participante, deber\u00e1n exhibir sus experimentos e inventiva para no solamente patentar sus creaciones, sino tambi\u00e9n para competir por el mill\u00f3n de pesos que ganar\u00e1 el primer lugar; los $750.000 del segundo lugar y el medio mill\u00f3n de pesos destinado al tercer lugar.<\/p>\n<p><strong>LOS PROYECTOS<\/strong><br \/>\nSeg\u00fan explic\u00f3 el director de la Industrial, Andr\u00e9s Vargas Munita, \u00abes para nuestra escuela un desaf\u00edo y un honor el tener a tres grupos de tercero medio participando este a\u00f1o. Son tres las inventivas que ellos han propuesta en el concurso, uno trata de \u2018NaturDiesel\u2019, que implica la elaboraci\u00f3n de diesel generado de aceite vegetal, aceite de cocina usado, el que normalmente es desechado y llega hasta nuestras napas de agua o a los r\u00edos de nuestro valle\u00bb, explic\u00f3 Vargas a Diario El Trabajo.<br \/>\nEl segundo proyecto es \u2018Corre Conectado\u2019, un dispositivo adherido a un pie, que genera una carga el\u00e9ctrica cuando el usuario da cada paso, as\u00ed, mientras se trota o camina, este dispositivo recarga la bater\u00eda de un celular sin m\u00e1s que la energ\u00eda producida por su generador miniatura.<br \/>\n\u00abEl tercer proyecto o invento es un medidor multivariable, artefacto que registra e informa a su due\u00f1o la temperatura, presi\u00f3n, pureza, fugas y otras condiciones del agua dentro de la tuber\u00eda de la casa o edificio en donde est\u00e9 instalado este dispositivo\u00bb, agreg\u00f3 el director de la Industrial.<br \/>\nEl dinero de los premios, si ganan alguno, ser\u00e1 utilizado para crear estos inventos, algunos funcionan ya, como el NaturDiesel, que ya se est\u00e1 produciendo para los autos de esa casa de estudios.<br \/>\n<strong>Roberto Gonz\u00e1lez Short<\/strong><br \/>\n<strong>rgonzalez@eltrabajo.cl<\/strong><\/p>\n<figure id=\"attachment_69755\" aria-describedby=\"caption-attachment-69755\" style=\"width: 530px\" class=\"wp-caption alignleft\"><a href=\"http:\/\/www.eltrabajo.cl\/portal\/tres-inventos-de-industrialinos-compiten-en-concurso-nacional-de-genios\/agua1-15\/\" rel=\"attachment wp-att-69755\"><img data-recalc-dims=\"1\" loading=\"lazy\" decoding=\"async\" class=\"size-full wp-image-69755\" src=\"https:\/\/i0.wp.com\/www.eltrabajo.cl\/portal\/wp-content\/uploads\/2016\/05\/Agua1.jpg?resize=530%2C349\" alt=\"MEDIDOR MULTIVARIABLE.- Crist\u00f3bal Acevedo, Gabriel Montenegro, V\u00edctor Olave, Sebasti\u00e1n Zamora y el profesor Daniel Delgado, llevan adelante este ingenioso proyecto h\u00eddrico.\" width=\"530\" height=\"349\" srcset=\"https:\/\/i0.wp.com\/eltrabajo.cl\/portal\/wp-content\/uploads\/2016\/05\/Agua1.jpg?w=530&amp;ssl=1 530w, https:\/\/i0.wp.com\/eltrabajo.cl\/portal\/wp-content\/uploads\/2016\/05\/Agua1.jpg?resize=200%2C132&amp;ssl=1 200w, https:\/\/i0.wp.com\/eltrabajo.cl\/portal\/wp-content\/uploads\/2016\/05\/Agua1.jpg?resize=300%2C198&amp;ssl=1 300w, https:\/\/i0.wp.com\/eltrabajo.cl\/portal\/wp-content\/uploads\/2016\/05\/Agua1.jpg?resize=228%2C150&amp;ssl=1 228w, https:\/\/i0.wp.com\/eltrabajo.cl\/portal\/wp-content\/uploads\/2016\/05\/Agua1.jpg?resize=400%2C263&amp;ssl=1 400w\" sizes=\"auto, (max-width: 530px) 100vw, 530px\" \/><\/a><figcaption id=\"caption-attachment-69755\" class=\"wp-caption-text\">MEDIDOR MULTIVARIABLE.- Crist\u00f3bal Acevedo, Gabriel Montenegro, V\u00edctor Olave, Sebasti\u00e1n Zamora y el profesor Daniel Delgado, llevan adelante este ingenioso proyecto h\u00eddrico.<\/figcaption><\/figure>\n<figure id=\"attachment_69757\" aria-describedby=\"caption-attachment-69757\" style=\"width: 530px\" class=\"wp-caption alignleft\"><a href=\"http:\/\/www.eltrabajo.cl\/portal\/tres-inventos-de-industrialinos-compiten-en-concurso-nacional-de-genios\/cargador1\/\" rel=\"attachment wp-att-69757\"><img data-recalc-dims=\"1\" loading=\"lazy\" decoding=\"async\" class=\"size-full wp-image-69757\" src=\"https:\/\/i0.wp.com\/www.eltrabajo.cl\/portal\/wp-content\/uploads\/2016\/05\/Cargador1.jpg?resize=530%2C348\" alt=\"CORRE CONECTADO.- Rodrigo Gaete y Mat\u00edas Cordero son dos de los estudiantes que desarrollan este cargador de bater\u00edas para celular instalado en un zapato y el pie.\" width=\"530\" height=\"348\" srcset=\"https:\/\/i0.wp.com\/eltrabajo.cl\/portal\/wp-content\/uploads\/2016\/05\/Cargador1.jpg?w=530&amp;ssl=1 530w, https:\/\/i0.wp.com\/eltrabajo.cl\/portal\/wp-content\/uploads\/2016\/05\/Cargador1.jpg?resize=200%2C131&amp;ssl=1 200w, https:\/\/i0.wp.com\/eltrabajo.cl\/portal\/wp-content\/uploads\/2016\/05\/Cargador1.jpg?resize=300%2C197&amp;ssl=1 300w, https:\/\/i0.wp.com\/eltrabajo.cl\/portal\/wp-content\/uploads\/2016\/05\/Cargador1.jpg?resize=228%2C150&amp;ssl=1 228w, https:\/\/i0.wp.com\/eltrabajo.cl\/portal\/wp-content\/uploads\/2016\/05\/Cargador1.jpg?resize=400%2C263&amp;ssl=1 400w\" sizes=\"auto, (max-width: 530px) 100vw, 530px\" \/><\/a><figcaption id=\"caption-attachment-69757\" class=\"wp-caption-text\">CORRE CONECTADO.- Rodrigo Gaete y Mat\u00edas Cordero son dos de los estudiantes que desarrollan este cargador de bater\u00edas para celular instalado en un zapato y el pie.<\/figcaption><\/figure>\n<figure id=\"attachment_69758\" aria-describedby=\"caption-attachment-69758\" style=\"width: 530px\" class=\"wp-caption alignleft\"><a href=\"http:\/\/www.eltrabajo.cl\/portal\/tres-inventos-de-industrialinos-compiten-en-concurso-nacional-de-genios\/diesel2\/\" rel=\"attachment wp-att-69758\"><img data-recalc-dims=\"1\" loading=\"lazy\" decoding=\"async\" class=\"size-full wp-image-69758\" src=\"https:\/\/i0.wp.com\/www.eltrabajo.cl\/portal\/wp-content\/uploads\/2016\/05\/Diesel2.jpg?resize=530%2C349\" alt=\"NATURDIESEL.-  Ellos son Diego L\u00f3pez, Ra\u00fal Guti\u00e9rrez, el profesor Cristian Carmona y Mat\u00edas Mart\u00ednez, quienes est\u00e1n ya produciendo diesel de aceite vegetal.\" width=\"530\" height=\"349\" srcset=\"https:\/\/i0.wp.com\/eltrabajo.cl\/portal\/wp-content\/uploads\/2016\/05\/Diesel2.jpg?w=530&amp;ssl=1 530w, https:\/\/i0.wp.com\/eltrabajo.cl\/portal\/wp-content\/uploads\/2016\/05\/Diesel2.jpg?resize=200%2C132&amp;ssl=1 200w, https:\/\/i0.wp.com\/eltrabajo.cl\/portal\/wp-content\/uploads\/2016\/05\/Diesel2.jpg?resize=300%2C198&amp;ssl=1 300w, https:\/\/i0.wp.com\/eltrabajo.cl\/portal\/wp-content\/uploads\/2016\/05\/Diesel2.jpg?resize=228%2C150&amp;ssl=1 228w, https:\/\/i0.wp.com\/eltrabajo.cl\/portal\/wp-content\/uploads\/2016\/05\/Diesel2.jpg?resize=400%2C263&amp;ssl=1 400w\" sizes=\"auto, (max-width: 530px) 100vw, 530px\" \/><\/a><figcaption id=\"caption-attachment-69758\" class=\"wp-caption-text\">NATURDIESEL.- Ellos son Diego L\u00f3pez, Ra\u00fal Guti\u00e9rrez, el profesor Cristian Carmona y Mat\u00edas Mart\u00ednez, quienes est\u00e1n ya produciendo diesel de aceite vegetal.<\/figcaption><\/figure>\n","protected":false},"excerpt":{"rendered":"<p>Diesel org\u00e1nico; zapato que carga bater\u00edas y lector de agua: Un vertiginoso revuelo estudiantil se est\u00e1 generando en los pasillos de la Escuela Industrial Guillermo Richards Cuevas de San Felipe, luego que&#8230;<\/p>\n","protected":false},"author":1,"featured_media":69755,"comment_status":"open","ping_status":"open","sticky":false,"template":"","format":"standard","meta":{"advanced_seo_description":"","jetpack_seo_html_title":"","jetpack_seo_noindex":false,"_jetpack_memberships_contains_paid_content":false,"footnotes":""},"categories":[15],"tags":[],"class_list":["post-69754","post","type-post","status-publish","format-standard","has-post-thumbnail","hentry","category-comunidad"],"jetpack_featured_media_url":"https:\/\/i0.wp.com\/eltrabajo.cl\/portal\/wp-content\/uploads\/2016\/05\/Agua1.jpg?fit=530%2C349&ssl=1","jetpack_sharing_enabled":true,"jetpack_likes_enabled":true,"jetpack-related-posts":[],"_links":{"self":[{"href":"https:\/\/eltrabajo.cl\/portal\/wp-json\/wp\/v2\/posts\/69754","targetHints":{"allow":["GET"]}}],"collection":[{"href":"https:\/\/eltrabajo.cl\/portal\/wp-json\/wp\/v2\/posts"}],"about":[{"href":"https:\/\/eltrabajo.cl\/portal\/wp-json\/wp\/v2\/types\/post"}],"author":[{"embeddable":true,"href":"https:\/\/eltrabajo.cl\/portal\/wp-json\/wp\/v2\/users\/1"}],"replies":[{"embeddable":true,"href":"https:\/\/eltrabajo.cl\/portal\/wp-json\/wp\/v2\/comments?post=69754"}],"version-history":[{"count":0,"href":"https:\/\/eltrabajo.cl\/portal\/wp-json\/wp\/v2\/posts\/69754\/revisions"}],"wp:featuredmedia":[{"embeddable":true,"href":"https:\/\/eltrabajo.cl\/portal\/wp-json\/wp\/v2\/media\/69755"}],"wp:attachment":[{"href":"https:\/\/eltrabajo.cl\/portal\/wp-json\/wp\/v2\/media?parent=69754"}],"wp:term":[{"taxonomy":"category","embeddable":true,"href":"https:\/\/eltrabajo.cl\/portal\/wp-json\/wp\/v2\/categories?post=69754"},{"taxonomy":"post_tag","embeddable":true,"href":"https:\/\/eltrabajo.cl\/portal\/wp-json\/wp\/v2\/tags?post=69754"}],"curies":[{"name":"wp","href":"https:\/\/api.w.org\/{rel}","templated":true}]}}