{"id":69761,"date":"2016-05-13T09:20:30","date_gmt":"2016-05-13T12:20:30","guid":{"rendered":"http:\/\/www.eltrabajo.cl\/portal\/?p=69761"},"modified":"2016-05-13T09:22:12","modified_gmt":"2016-05-13T12:22:12","slug":"muere-el-popular-motoquero-polilla-olguin-tras-colision-con-colectivo","status":"publish","type":"post","link":"https:\/\/eltrabajo.cl\/portal\/muere-el-popular-motoquero-polilla-olguin-tras-colision-con-colectivo\/","title":{"rendered":"Muere el popular motoquero \u2018Polilla\u2019 Olgu\u00edn tras colisi\u00f3n con colectivo"},"content":{"rendered":"<ul>\n<li><strong>Mala maniobra de taxista le cost\u00f3 la vida a exprofesor sanfelipe\u00f1o:<\/strong><\/li>\n<\/ul>\n<p>Un violento accidente ocurri\u00f3 la tarde de este jueves en Riquelme, en las cercan\u00edas de la Parroquia Esp\u00edritu Santo, hecho en el cual sali\u00f3 herido el popular Pedro Olgu\u00edn \u00c1vila, de 70 a\u00f1os de edad, a quien cari\u00f1osamente se le conoc\u00eda como \u2018Polilla\u2019, un sanfelipe\u00f1o amante de las motocicletas y quien tiene un local de exhibici\u00f3n en Avenida Bernardo O\u2019Higgins de nuestra ciudad.<\/p>\n<p><strong>FALLECI\u00d3 EN EL SAN CAMILO<\/strong><br \/>\nSeg\u00fan testigos, don Pedro recorr\u00eda avenida Riquelme de sur a norte, es decir hacia O&#8217;Higgins en una de sus motos, lo hac\u00eda a una velocidad relativamente normal, en direcci\u00f3n a su casa que queda a unos 300 metros. En esas circunstancias el conductor del taxi colectivo patente BJ-PC 34, que iba en sentido contrario por la otrea pista, realiz\u00f3 una lamentable maniobra con su auto, doblando a su izquierda para tomar Buin o quiz\u00e1s girar en U, pas\u00e1ndose a la v\u00eda por donde iba el motoquero, siendo impactado aparatosamente por el veh\u00edculo menor, saliendo eyectado y gener\u00e1ndose as\u00ed un traumatismo encefalocraneano y otras graves heridas, las que al final le causar\u00edan la muerte dos horas despu\u00e9s en el Hospital San Camilo, pese a que los m\u00e9dicos hicieron todo lo posible para salvar su vida.<\/p>\n<p><strong>GRAN MOTOQUERO<\/strong><\/p>\n<figure id=\"attachment_69763\" aria-describedby=\"caption-attachment-69763\" style=\"width: 300px\" class=\"wp-caption alignleft\"><a href=\"http:\/\/www.eltrabajo.cl\/portal\/muere-el-popular-motoquero-polilla-olguin-tras-colision-con-colectivo\/polilla\/\" rel=\"attachment wp-att-69763\"><img data-recalc-dims=\"1\" loading=\"lazy\" decoding=\"async\" class=\"size-medium wp-image-69763\" src=\"https:\/\/i0.wp.com\/www.eltrabajo.cl\/portal\/wp-content\/uploads\/2016\/05\/POLILLA-300x197.jpg?resize=300%2C197\" alt=\"Pedro Olgu\u00edn, conocido motoquero sanfelipe\u00f1o.\" width=\"300\" height=\"197\" srcset=\"https:\/\/i0.wp.com\/eltrabajo.cl\/portal\/wp-content\/uploads\/2016\/05\/POLILLA.jpg?resize=300%2C197&amp;ssl=1 300w, https:\/\/i0.wp.com\/eltrabajo.cl\/portal\/wp-content\/uploads\/2016\/05\/POLILLA.jpg?resize=200%2C131&amp;ssl=1 200w, https:\/\/i0.wp.com\/eltrabajo.cl\/portal\/wp-content\/uploads\/2016\/05\/POLILLA.jpg?resize=228%2C150&amp;ssl=1 228w, https:\/\/i0.wp.com\/eltrabajo.cl\/portal\/wp-content\/uploads\/2016\/05\/POLILLA.jpg?resize=400%2C263&amp;ssl=1 400w, https:\/\/i0.wp.com\/eltrabajo.cl\/portal\/wp-content\/uploads\/2016\/05\/POLILLA.jpg?w=530&amp;ssl=1 530w\" sizes=\"auto, (max-width: 300px) 100vw, 300px\" \/><\/a><figcaption id=\"caption-attachment-69763\" class=\"wp-caption-text\">Pedro Olgu\u00edn, conocido motoquero sanfelipe\u00f1o.<\/figcaption><\/figure>\n<p>Don Pedro fue un notable profesor que labor\u00f3 por muchos a\u00f1os en la Escuela Industrial de San Felipe. Su carrera docente la termin\u00f3 impartiendo clases en la Escuela 21 de Mayo. Este sanfelipe\u00f1o tambi\u00e9n se destac\u00f3 por ser un popular motoquero en Aconcagua, estando vinculado a los clubes m\u00e1s activos de nuestro valle y del pa\u00eds. Fueron precisamente sus amigos los motoqueros, quienes ayer llegaron por grandes cantidades al Hospital San Camilo.<br \/>\nSeg\u00fan datos no confirmados, uno de sus hijos habr\u00eda fallecido hace pocos a\u00f1os de similar forma.<br \/>\nLa hora de sus funerales a\u00fan no se han informado, por lo que se espera que las autoridades establezcan las responsabilidades en este accidente.<br \/>\n<strong>Roberto Gonz\u00e1lez Short<\/strong><br \/>\n<strong>rgonzalez@eltrabajo.cl<\/strong><\/p>\n<figure id=\"attachment_69768\" aria-describedby=\"caption-attachment-69768\" style=\"width: 530px\" class=\"wp-caption alignleft\"><a href=\"http:\/\/www.eltrabajo.cl\/portal\/muere-el-popular-motoquero-polilla-olguin-tras-colision-con-colectivo\/porta-choque-polilla\/\" rel=\"attachment wp-att-69768\"><img data-recalc-dims=\"1\" loading=\"lazy\" decoding=\"async\" class=\"size-full wp-image-69768\" src=\"https:\/\/i0.wp.com\/www.eltrabajo.cl\/portal\/wp-content\/uploads\/2016\/05\/porta-choque-polilla.jpg?resize=530%2C349\" alt=\"MALA MANIOBRA.- Una p\u00e9sima decisi\u00f3n tuvo el conductor del colectivo que vir\u00f3 en Buin, impactando con el motorista.\" width=\"530\" height=\"349\" srcset=\"https:\/\/i0.wp.com\/eltrabajo.cl\/portal\/wp-content\/uploads\/2016\/05\/porta-choque-polilla.jpg?w=530&amp;ssl=1 530w, https:\/\/i0.wp.com\/eltrabajo.cl\/portal\/wp-content\/uploads\/2016\/05\/porta-choque-polilla.jpg?resize=200%2C132&amp;ssl=1 200w, https:\/\/i0.wp.com\/eltrabajo.cl\/portal\/wp-content\/uploads\/2016\/05\/porta-choque-polilla.jpg?resize=300%2C198&amp;ssl=1 300w, https:\/\/i0.wp.com\/eltrabajo.cl\/portal\/wp-content\/uploads\/2016\/05\/porta-choque-polilla.jpg?resize=228%2C150&amp;ssl=1 228w, https:\/\/i0.wp.com\/eltrabajo.cl\/portal\/wp-content\/uploads\/2016\/05\/porta-choque-polilla.jpg?resize=400%2C263&amp;ssl=1 400w\" sizes=\"auto, (max-width: 530px) 100vw, 530px\" \/><\/a><figcaption id=\"caption-attachment-69768\" class=\"wp-caption-text\">MALA MANIOBRA.- Una p\u00e9sima decisi\u00f3n tuvo el conductor del colectivo que vir\u00f3 en Buin, impactando con el motorista.<\/figcaption><\/figure>\n<figure id=\"attachment_69766\" aria-describedby=\"caption-attachment-69766\" style=\"width: 527px\" class=\"wp-caption alignleft\"><a href=\"http:\/\/www.eltrabajo.cl\/portal\/muere-el-popular-motoquero-polilla-olguin-tras-colision-con-colectivo\/polilla3\/\" rel=\"attachment wp-att-69766\"><img data-recalc-dims=\"1\" loading=\"lazy\" decoding=\"async\" class=\"size-full wp-image-69766\" src=\"https:\/\/i0.wp.com\/www.eltrabajo.cl\/portal\/wp-content\/uploads\/2016\/05\/Polilla3.jpg?resize=527%2C350\" alt=\"LUCHA FINAL.- Unidades m\u00e9dicas recuperaron al motoquero con un golpe en su cabeza, finalmente \u00e9l falleci\u00f3 en el San Camilo. (Foto: Luis Pinilla)\" width=\"527\" height=\"350\" srcset=\"https:\/\/i0.wp.com\/eltrabajo.cl\/portal\/wp-content\/uploads\/2016\/05\/Polilla3.jpg?w=527&amp;ssl=1 527w, https:\/\/i0.wp.com\/eltrabajo.cl\/portal\/wp-content\/uploads\/2016\/05\/Polilla3.jpg?resize=200%2C133&amp;ssl=1 200w, https:\/\/i0.wp.com\/eltrabajo.cl\/portal\/wp-content\/uploads\/2016\/05\/Polilla3.jpg?resize=300%2C199&amp;ssl=1 300w, https:\/\/i0.wp.com\/eltrabajo.cl\/portal\/wp-content\/uploads\/2016\/05\/Polilla3.jpg?resize=226%2C150&amp;ssl=1 226w, https:\/\/i0.wp.com\/eltrabajo.cl\/portal\/wp-content\/uploads\/2016\/05\/Polilla3.jpg?resize=400%2C266&amp;ssl=1 400w\" sizes=\"auto, (max-width: 527px) 100vw, 527px\" \/><\/a><figcaption id=\"caption-attachment-69766\" class=\"wp-caption-text\">LUCHA FINAL.- Unidades m\u00e9dicas recuperaron al motoquero con un golpe en su cabeza, finalmente \u00e9l falleci\u00f3 en el San Camilo. (Foto: Luis Pinilla)<\/figcaption><\/figure>\n<figure id=\"attachment_69765\" aria-describedby=\"caption-attachment-69765\" style=\"width: 530px\" class=\"wp-caption alignleft\"><a href=\"http:\/\/www.eltrabajo.cl\/portal\/muere-el-popular-motoquero-polilla-olguin-tras-colision-con-colectivo\/polilla2\/\" rel=\"attachment wp-att-69765\"><img data-recalc-dims=\"1\" loading=\"lazy\" decoding=\"async\" class=\"size-full wp-image-69765\" src=\"https:\/\/i0.wp.com\/www.eltrabajo.cl\/portal\/wp-content\/uploads\/2016\/05\/Polilla2.jpg?resize=530%2C348\" alt=\"Una p\u00e9sima decisi\u00f3n tuvo el conductor del colectivo que vir\u00f3 en Buin, impactando con el motorista.\" width=\"530\" height=\"348\" srcset=\"https:\/\/i0.wp.com\/eltrabajo.cl\/portal\/wp-content\/uploads\/2016\/05\/Polilla2.jpg?w=530&amp;ssl=1 530w, https:\/\/i0.wp.com\/eltrabajo.cl\/portal\/wp-content\/uploads\/2016\/05\/Polilla2.jpg?resize=200%2C131&amp;ssl=1 200w, https:\/\/i0.wp.com\/eltrabajo.cl\/portal\/wp-content\/uploads\/2016\/05\/Polilla2.jpg?resize=300%2C197&amp;ssl=1 300w, https:\/\/i0.wp.com\/eltrabajo.cl\/portal\/wp-content\/uploads\/2016\/05\/Polilla2.jpg?resize=228%2C150&amp;ssl=1 228w, https:\/\/i0.wp.com\/eltrabajo.cl\/portal\/wp-content\/uploads\/2016\/05\/Polilla2.jpg?resize=400%2C263&amp;ssl=1 400w\" sizes=\"auto, (max-width: 530px) 100vw, 530px\" \/><\/a><figcaption id=\"caption-attachment-69765\" class=\"wp-caption-text\">Una p\u00e9sima decisi\u00f3n tuvo el conductor del colectivo que vir\u00f3 en Buin, impactando con el motorista.<\/figcaption><\/figure>\n<figure id=\"attachment_69764\" aria-describedby=\"caption-attachment-69764\" style=\"width: 530px\" class=\"wp-caption alignleft\"><a href=\"http:\/\/www.eltrabajo.cl\/portal\/muere-el-popular-motoquero-polilla-olguin-tras-colision-con-colectivo\/polilla1\/\" rel=\"attachment wp-att-69764\"><img data-recalc-dims=\"1\" loading=\"lazy\" decoding=\"async\" class=\"size-full wp-image-69764\" src=\"https:\/\/i0.wp.com\/www.eltrabajo.cl\/portal\/wp-content\/uploads\/2016\/05\/Polilla1.jpg?resize=530%2C348\" alt=\"SIEMPRE POLILLA.- Este sanfelipe\u00f1o tambi\u00e9n se ha destacado por ser un popular motoquero en Aconcagua, estando as\u00ed vinculado a los clubes m\u00e1s activos de nuestro valle y del pa\u00eds.\" width=\"530\" height=\"348\" srcset=\"https:\/\/i0.wp.com\/eltrabajo.cl\/portal\/wp-content\/uploads\/2016\/05\/Polilla1.jpg?w=530&amp;ssl=1 530w, https:\/\/i0.wp.com\/eltrabajo.cl\/portal\/wp-content\/uploads\/2016\/05\/Polilla1.jpg?resize=200%2C131&amp;ssl=1 200w, https:\/\/i0.wp.com\/eltrabajo.cl\/portal\/wp-content\/uploads\/2016\/05\/Polilla1.jpg?resize=300%2C197&amp;ssl=1 300w, https:\/\/i0.wp.com\/eltrabajo.cl\/portal\/wp-content\/uploads\/2016\/05\/Polilla1.jpg?resize=228%2C150&amp;ssl=1 228w, https:\/\/i0.wp.com\/eltrabajo.cl\/portal\/wp-content\/uploads\/2016\/05\/Polilla1.jpg?resize=400%2C263&amp;ssl=1 400w\" sizes=\"auto, (max-width: 530px) 100vw, 530px\" \/><\/a><figcaption id=\"caption-attachment-69764\" class=\"wp-caption-text\">SIEMPRE POLILLA.- Este sanfelipe\u00f1o tambi\u00e9n se ha destacado por ser un popular motoquero en Aconcagua, estando as\u00ed vinculado a los clubes m\u00e1s activos de nuestro valle y del pa\u00eds.<\/figcaption><\/figure>\n<figure id=\"attachment_69762\" aria-describedby=\"caption-attachment-69762\" style=\"width: 530px\" class=\"wp-caption alignleft\"><a href=\"http:\/\/www.eltrabajo.cl\/portal\/muere-el-popular-motoquero-polilla-olguin-tras-colision-con-colectivo\/accidente-polilla\/\" rel=\"attachment wp-att-69762\"><img data-recalc-dims=\"1\" loading=\"lazy\" decoding=\"async\" class=\"size-full wp-image-69762\" src=\"https:\/\/i0.wp.com\/www.eltrabajo.cl\/portal\/wp-content\/uploads\/2016\/05\/accidente-polilla.jpg?resize=530%2C350\" alt=\"Una p\u00e9sima decisi\u00f3n tuvo el conductor del colectivo que vir\u00f3 en Buin, impactando con el motorista.\" width=\"530\" height=\"350\" srcset=\"https:\/\/i0.wp.com\/eltrabajo.cl\/portal\/wp-content\/uploads\/2016\/05\/accidente-polilla.jpg?w=530&amp;ssl=1 530w, https:\/\/i0.wp.com\/eltrabajo.cl\/portal\/wp-content\/uploads\/2016\/05\/accidente-polilla.jpg?resize=200%2C132&amp;ssl=1 200w, https:\/\/i0.wp.com\/eltrabajo.cl\/portal\/wp-content\/uploads\/2016\/05\/accidente-polilla.jpg?resize=300%2C198&amp;ssl=1 300w, https:\/\/i0.wp.com\/eltrabajo.cl\/portal\/wp-content\/uploads\/2016\/05\/accidente-polilla.jpg?resize=227%2C150&amp;ssl=1 227w, https:\/\/i0.wp.com\/eltrabajo.cl\/portal\/wp-content\/uploads\/2016\/05\/accidente-polilla.jpg?resize=400%2C264&amp;ssl=1 400w\" sizes=\"auto, (max-width: 530px) 100vw, 530px\" \/><\/a><figcaption id=\"caption-attachment-69762\" class=\"wp-caption-text\">Una p\u00e9sima decisi\u00f3n tuvo el conductor del colectivo que vir\u00f3 en Buin, impactando con el motorista.<\/figcaption><\/figure>\n","protected":false},"excerpt":{"rendered":"<p>Mala maniobra de taxista le cost\u00f3 la vida a exprofesor sanfelipe\u00f1o: Un violento accidente ocurri\u00f3 la tarde de este jueves en Riquelme, en las cercan\u00edas de la Parroquia Esp\u00edritu Santo, hecho en&#8230;<\/p>\n","protected":false},"author":1,"featured_media":69769,"comment_status":"open","ping_status":"open","sticky":false,"template":"","format":"standard","meta":{"advanced_seo_description":"","jetpack_seo_html_title":"","jetpack_seo_noindex":false,"_jetpack_memberships_contains_paid_content":false,"footnotes":""},"categories":[21],"tags":[],"class_list":["post-69761","post","type-post","status-publish","format-standard","has-post-thumbnail","hentry","category-policial"],"jetpack_featured_media_url":"https:\/\/i0.wp.com\/eltrabajo.cl\/portal\/wp-content\/uploads\/2016\/05\/Polilla5.jpg?fit=530%2C349&ssl=1","jetpack_sharing_enabled":true,"jetpack_likes_enabled":true,"jetpack-related-posts":[],"_links":{"self":[{"href":"https:\/\/eltrabajo.cl\/portal\/wp-json\/wp\/v2\/posts\/69761","targetHints":{"allow":["GET"]}}],"collection":[{"href":"https:\/\/eltrabajo.cl\/portal\/wp-json\/wp\/v2\/posts"}],"about":[{"href":"https:\/\/eltrabajo.cl\/portal\/wp-json\/wp\/v2\/types\/post"}],"author":[{"embeddable":true,"href":"https:\/\/eltrabajo.cl\/portal\/wp-json\/wp\/v2\/users\/1"}],"replies":[{"embeddable":true,"href":"https:\/\/eltrabajo.cl\/portal\/wp-json\/wp\/v2\/comments?post=69761"}],"version-history":[{"count":0,"href":"https:\/\/eltrabajo.cl\/portal\/wp-json\/wp\/v2\/posts\/69761\/revisions"}],"wp:featuredmedia":[{"embeddable":true,"href":"https:\/\/eltrabajo.cl\/portal\/wp-json\/wp\/v2\/media\/69769"}],"wp:attachment":[{"href":"https:\/\/eltrabajo.cl\/portal\/wp-json\/wp\/v2\/media?parent=69761"}],"wp:term":[{"taxonomy":"category","embeddable":true,"href":"https:\/\/eltrabajo.cl\/portal\/wp-json\/wp\/v2\/categories?post=69761"},{"taxonomy":"post_tag","embeddable":true,"href":"https:\/\/eltrabajo.cl\/portal\/wp-json\/wp\/v2\/tags?post=69761"}],"curies":[{"name":"wp","href":"https:\/\/api.w.org\/{rel}","templated":true}]}}