{"id":69774,"date":"2016-05-16T10:13:39","date_gmt":"2016-05-16T14:13:39","guid":{"rendered":"http:\/\/www.eltrabajo.cl\/portal\/?p=69774"},"modified":"2016-05-16T10:13:39","modified_gmt":"2016-05-16T14:13:39","slug":"se-cambio-de-barrio-con-clientela-vip-para-vender-cocaina-y-marihuana","status":"publish","type":"post","link":"https:\/\/eltrabajo.cl\/portal\/se-cambio-de-barrio-con-clientela-vip-para-vender-cocaina-y-marihuana\/","title":{"rendered":"Se cambi\u00f3 de barrio con clientela VIP para vender coca\u00edna y marihuana"},"content":{"rendered":"<figure id=\"attachment_69775\" aria-describedby=\"caption-attachment-69775\" style=\"width: 300px\" class=\"wp-caption alignleft\"><img data-recalc-dims=\"1\" loading=\"lazy\" decoding=\"async\" class=\"wp-image-69775 size-medium\" src=\"https:\/\/i0.wp.com\/www.eltrabajo.cl\/portal\/wp-content\/uploads\/2016\/05\/DROGAS-SEnORIAL-300x197.jpg?resize=300%2C197\" alt=\"Efectivos del OS7 de Carabineros incautaron la droga desde un domicilio en la Villa El Se\u00f1orial de San Felipe.\" width=\"300\" height=\"197\" srcset=\"https:\/\/i0.wp.com\/eltrabajo.cl\/portal\/wp-content\/uploads\/2016\/05\/DROGAS-SEnORIAL.jpg?resize=300%2C197&amp;ssl=1 300w, https:\/\/i0.wp.com\/eltrabajo.cl\/portal\/wp-content\/uploads\/2016\/05\/DROGAS-SEnORIAL.jpg?resize=200%2C131&amp;ssl=1 200w, https:\/\/i0.wp.com\/eltrabajo.cl\/portal\/wp-content\/uploads\/2016\/05\/DROGAS-SEnORIAL.jpg?resize=228%2C150&amp;ssl=1 228w, https:\/\/i0.wp.com\/eltrabajo.cl\/portal\/wp-content\/uploads\/2016\/05\/DROGAS-SEnORIAL.jpg?resize=400%2C263&amp;ssl=1 400w, https:\/\/i0.wp.com\/eltrabajo.cl\/portal\/wp-content\/uploads\/2016\/05\/DROGAS-SEnORIAL.jpg?w=530&amp;ssl=1 530w\" sizes=\"auto, (max-width: 300px) 100vw, 300px\" \/><figcaption id=\"caption-attachment-69775\" class=\"wp-caption-text\">Efectivos del OS7 de Carabineros incautaron la droga desde un domicilio en la Villa El Se\u00f1orial de San Felipe.<\/figcaption><\/figure>\n<ul>\n<li><strong>Efectivos del OS7 de Carabineros siguieron los pasos del antisocial que anteriormente resid\u00eda en villa El Totoral, el cual cambi\u00f3 su domicilio hace algunos meses para despistar a la polic\u00eda, manteniendo una cartera de clientes de alto nivel econ\u00f3mico.<\/strong><\/li>\n<\/ul>\n<p>Luego de meses de investigaci\u00f3n, efectivos del OS7 de Carabineros de Aconcagua desbarataron la venta il\u00edcita de coca\u00edna y marihuana que se estaba efectuando desde un domicilio en Villa El Se\u00f1orial de San Felipe; inmueble alquilado por un traficante de estupefacientes apodado \u2018El Jano\u2019, quien tras ser procesado por la justicia, qued\u00f3 tras las rejas.<br \/>\nLa polic\u00eda uniformada desarroll\u00f3 un \u2018operativo antidrogas\u2019, investigando al acusado identificado como Pedro Provoste Navarrete, quien anteriormente resid\u00eda en la Villa El Totoral de San Felipe, donde habr\u00eda realizado transacciones de narc\u00f3ticos a los adictos de ese sector. No obstante, para despistar las investigaciones policiales, el imputado decidi\u00f3 cambiar su centro de operaciones, arrendando una vivienda en un sector m\u00e1s acomodado.<br \/>\nEn este entendido \u2018El Jano\u2019, al residir ya desde hace varios meses en la Villa El Se\u00f1orial, habr\u00eda repuntado su clientela abasteciendo de drogas a estudiantes universitarios y adictos con un nivel econ\u00f3mico m\u00e1s elevado, lo cual no generaba mayores sospechas de la venta de drogas.<br \/>\nSin embargo, estos movimientos estaban ya en conocimiento de la secci\u00f3n OS7 de Carabineros, que concurri\u00f3 hasta la avenida Tocornal en San Felipe, lugar en que el imputado realizar\u00eda una transacci\u00f3n de drogas, siendo descubierto de manera flagrante.<br \/>\nAl mismo tiempo, la Fiscal\u00eda tramit\u00f3 una orden judicial de entrada y registro al domicilio del imputado para incautar pruebas necesarias para presentar las acusaciones de tr\u00e1fico de sustancias il\u00edcitas.<br \/>\nAl interior de esta vivienda, Carabineros decomis\u00f3 un total de 340 gramos de clorhidrato de coca\u00edna y 57 gramos de marihuana elaborada, adem\u00e1s dos pesas digitales utilizadas para la dosificaci\u00f3n de drogas y dinero en efectivo.<br \/>\nProvoste Navarrete, de 37 a\u00f1os de edad, quien mantiene antecedentes delictuales por otros delitos anteriores, fue detenido por Carabineros para ser derivado hasta el Juzgado de Garant\u00eda de San Felipe, siendo formalizado por el delito de Tr\u00e1fico de Drogas.<br \/>\nPor representar un serio peligro para la salud de la sociedad, el tribunal orden\u00f3 que el acusado quedara privado de libertad durante el per\u00edodo de investigaci\u00f3n que inici\u00f3 el Ministerio P\u00fablico de San Felipe a la espera de juicio oral sobre este caso.<br \/>\n<strong>Pablo Salinas Sald\u00edas<\/p>\n<p><\/strong><\/p>\n","protected":false},"excerpt":{"rendered":"<p>Efectivos del OS7 de Carabineros siguieron los pasos del antisocial que anteriormente resid\u00eda en villa El Totoral, el cual cambi\u00f3 su domicilio hace algunos meses para despistar a la polic\u00eda, manteniendo una&#8230;<\/p>\n","protected":false},"author":482,"featured_media":69775,"comment_status":"open","ping_status":"open","sticky":false,"template":"","format":"standard","meta":{"advanced_seo_description":"","jetpack_seo_html_title":"","jetpack_seo_noindex":false,"_jetpack_memberships_contains_paid_content":false,"footnotes":""},"categories":[21],"tags":[],"class_list":["post-69774","post","type-post","status-publish","format-standard","has-post-thumbnail","hentry","category-policial"],"jetpack_featured_media_url":"https:\/\/i0.wp.com\/eltrabajo.cl\/portal\/wp-content\/uploads\/2016\/05\/DROGAS-SEnORIAL.jpg?fit=530%2C348&ssl=1","jetpack_sharing_enabled":true,"jetpack_likes_enabled":true,"jetpack-related-posts":[],"_links":{"self":[{"href":"https:\/\/eltrabajo.cl\/portal\/wp-json\/wp\/v2\/posts\/69774","targetHints":{"allow":["GET"]}}],"collection":[{"href":"https:\/\/eltrabajo.cl\/portal\/wp-json\/wp\/v2\/posts"}],"about":[{"href":"https:\/\/eltrabajo.cl\/portal\/wp-json\/wp\/v2\/types\/post"}],"author":[{"embeddable":true,"href":"https:\/\/eltrabajo.cl\/portal\/wp-json\/wp\/v2\/users\/482"}],"replies":[{"embeddable":true,"href":"https:\/\/eltrabajo.cl\/portal\/wp-json\/wp\/v2\/comments?post=69774"}],"version-history":[{"count":0,"href":"https:\/\/eltrabajo.cl\/portal\/wp-json\/wp\/v2\/posts\/69774\/revisions"}],"wp:featuredmedia":[{"embeddable":true,"href":"https:\/\/eltrabajo.cl\/portal\/wp-json\/wp\/v2\/media\/69775"}],"wp:attachment":[{"href":"https:\/\/eltrabajo.cl\/portal\/wp-json\/wp\/v2\/media?parent=69774"}],"wp:term":[{"taxonomy":"category","embeddable":true,"href":"https:\/\/eltrabajo.cl\/portal\/wp-json\/wp\/v2\/categories?post=69774"},{"taxonomy":"post_tag","embeddable":true,"href":"https:\/\/eltrabajo.cl\/portal\/wp-json\/wp\/v2\/tags?post=69774"}],"curies":[{"name":"wp","href":"https:\/\/api.w.org\/{rel}","templated":true}]}}