{"id":69778,"date":"2016-05-16T10:16:27","date_gmt":"2016-05-16T14:16:27","guid":{"rendered":"http:\/\/www.eltrabajo.cl\/portal\/?p=69778"},"modified":"2016-05-16T10:16:27","modified_gmt":"2016-05-16T14:16:27","slug":"jauria-de-perros-ataca-y-da-muerte-a-numerosos-animales-de-granja","status":"publish","type":"post","link":"https:\/\/eltrabajo.cl\/portal\/jauria-de-perros-ataca-y-da-muerte-a-numerosos-animales-de-granja\/","title":{"rendered":"Jaur\u00eda de perros ataca y da muerte a numerosos animales de granja"},"content":{"rendered":"<ul>\n<li><strong>Don Herm\u00f3genes Salinas lament\u00f3 la muerte de 6 pavos, 8 gallinas y al menos dos gallos que eran de su propiedad y que fueron atacados y devorados por perros que ingresaron a trav\u00e9s de una acequia.<\/strong><\/li>\n<\/ul>\n<p><strong>PUTAENDO.<\/strong>&#8211; Un esforzado vecino se vio afectado por la muerte de varios de sus animales, que fueron atacados por perros mientras \u00e9l se encontraba trabajando. Las p\u00e9rdidas econ\u00f3micas para don Herm\u00f3genes Salinas son cuantiosas.<br \/>\nAl menos seis pavos, ocho gallinas y dos gallos fueron devorados por canes que ingresaron al terreno de don Herm\u00f3genes a trav\u00e9s de una acequia, hecho que ya ha ocurrido en otras ocasiones.<br \/>\nComo todos los d\u00edas, el afectado sali\u00f3 muy temprano a trabajar y al regresar a su hogar, a eso del mediod\u00eda para almorzar, se encontr\u00f3 con la lamentable escena: varios de sus animales de granja hab\u00edan sido devorados.<br \/>\n\u201cLlegu\u00e9 y lo primero que vi fue el mont\u00f3n de plumas esparcidas por todos lados, me faltaban varios animales y otros quedaron muy heridos y los tuve que sacrificar. Me puse a buscar unos gansos porque no los encontraba en ninguna parte, supongo que tambi\u00e9n los mataron porque s\u00f3lo encontr\u00e9 los huesos\u201d, relat\u00f3 el afectado.<br \/>\nSalinas indic\u00f3 que los canes ingresan por medio de una acequia hasta su propiedad, situaci\u00f3n que ya le ha afectado en otras oportunidades y ante la cual poco puede hacer, pues no puede tapar el canal ya que eso afectar\u00eda a sus vecinos.<br \/>\n<strong>Patricio Gallardo M.<\/strong><\/p>\n<figure id=\"attachment_69780\" aria-describedby=\"caption-attachment-69780\" style=\"width: 530px\" class=\"wp-caption alignnone\"><img data-recalc-dims=\"1\" loading=\"lazy\" decoding=\"async\" class=\"wp-image-69780 size-full\" src=\"https:\/\/i0.wp.com\/www.eltrabajo.cl\/portal\/wp-content\/uploads\/2016\/05\/animales.jpg?resize=530%2C350\" alt=\"Esforzado vecino de Putaendo perdi\u00f3 a casi todos sus animales luego que fueran atacados por perros\" width=\"530\" height=\"350\" srcset=\"https:\/\/i0.wp.com\/eltrabajo.cl\/portal\/wp-content\/uploads\/2016\/05\/animales.jpg?w=530&amp;ssl=1 530w, https:\/\/i0.wp.com\/eltrabajo.cl\/portal\/wp-content\/uploads\/2016\/05\/animales.jpg?resize=200%2C132&amp;ssl=1 200w, https:\/\/i0.wp.com\/eltrabajo.cl\/portal\/wp-content\/uploads\/2016\/05\/animales.jpg?resize=300%2C198&amp;ssl=1 300w, https:\/\/i0.wp.com\/eltrabajo.cl\/portal\/wp-content\/uploads\/2016\/05\/animales.jpg?resize=227%2C150&amp;ssl=1 227w, https:\/\/i0.wp.com\/eltrabajo.cl\/portal\/wp-content\/uploads\/2016\/05\/animales.jpg?resize=400%2C264&amp;ssl=1 400w\" sizes=\"auto, (max-width: 530px) 100vw, 530px\" \/><figcaption id=\"caption-attachment-69780\" class=\"wp-caption-text\">Esforzado vecino de Putaendo perdi\u00f3 a casi todos sus animales luego que fueran atacados por perros<\/figcaption><\/figure>\n<figure id=\"attachment_69779\" aria-describedby=\"caption-attachment-69779\" style=\"width: 530px\" class=\"wp-caption alignnone\"><img data-recalc-dims=\"1\" loading=\"lazy\" decoding=\"async\" class=\"wp-image-69779 size-full\" src=\"https:\/\/i0.wp.com\/www.eltrabajo.cl\/portal\/wp-content\/uploads\/2016\/05\/animales1.jpg?resize=530%2C350\" alt=\"Al llegar a su casa, don Herm\u00f3genes Salinas pudo apreciar plumas esparcidas por todas partes, constando que sus animales estaban muertos.\" width=\"530\" height=\"350\" srcset=\"https:\/\/i0.wp.com\/eltrabajo.cl\/portal\/wp-content\/uploads\/2016\/05\/animales1.jpg?w=530&amp;ssl=1 530w, https:\/\/i0.wp.com\/eltrabajo.cl\/portal\/wp-content\/uploads\/2016\/05\/animales1.jpg?resize=200%2C132&amp;ssl=1 200w, https:\/\/i0.wp.com\/eltrabajo.cl\/portal\/wp-content\/uploads\/2016\/05\/animales1.jpg?resize=300%2C198&amp;ssl=1 300w, https:\/\/i0.wp.com\/eltrabajo.cl\/portal\/wp-content\/uploads\/2016\/05\/animales1.jpg?resize=227%2C150&amp;ssl=1 227w, https:\/\/i0.wp.com\/eltrabajo.cl\/portal\/wp-content\/uploads\/2016\/05\/animales1.jpg?resize=400%2C264&amp;ssl=1 400w\" sizes=\"auto, (max-width: 530px) 100vw, 530px\" \/><figcaption id=\"caption-attachment-69779\" class=\"wp-caption-text\">Al llegar a su casa, don Herm\u00f3genes Salinas pudo apreciar plumas esparcidas por todas partes, constando que sus animales estaban muertos.<\/figcaption><\/figure>\n","protected":false},"excerpt":{"rendered":"<p>Don Herm\u00f3genes Salinas lament\u00f3 la muerte de 6 pavos, 8 gallinas y al menos dos gallos que eran de su propiedad y que fueron atacados y devorados por perros que ingresaron a&#8230;<\/p>\n","protected":false},"author":482,"featured_media":69780,"comment_status":"open","ping_status":"open","sticky":false,"template":"","format":"standard","meta":{"advanced_seo_description":"","jetpack_seo_html_title":"","jetpack_seo_noindex":false,"_jetpack_memberships_contains_paid_content":false,"footnotes":""},"categories":[15],"tags":[],"class_list":["post-69778","post","type-post","status-publish","format-standard","has-post-thumbnail","hentry","category-comunidad"],"jetpack_featured_media_url":"https:\/\/i0.wp.com\/eltrabajo.cl\/portal\/wp-content\/uploads\/2016\/05\/animales.jpg?fit=530%2C350&ssl=1","jetpack_sharing_enabled":true,"jetpack_likes_enabled":true,"jetpack-related-posts":[],"_links":{"self":[{"href":"https:\/\/eltrabajo.cl\/portal\/wp-json\/wp\/v2\/posts\/69778","targetHints":{"allow":["GET"]}}],"collection":[{"href":"https:\/\/eltrabajo.cl\/portal\/wp-json\/wp\/v2\/posts"}],"about":[{"href":"https:\/\/eltrabajo.cl\/portal\/wp-json\/wp\/v2\/types\/post"}],"author":[{"embeddable":true,"href":"https:\/\/eltrabajo.cl\/portal\/wp-json\/wp\/v2\/users\/482"}],"replies":[{"embeddable":true,"href":"https:\/\/eltrabajo.cl\/portal\/wp-json\/wp\/v2\/comments?post=69778"}],"version-history":[{"count":0,"href":"https:\/\/eltrabajo.cl\/portal\/wp-json\/wp\/v2\/posts\/69778\/revisions"}],"wp:featuredmedia":[{"embeddable":true,"href":"https:\/\/eltrabajo.cl\/portal\/wp-json\/wp\/v2\/media\/69780"}],"wp:attachment":[{"href":"https:\/\/eltrabajo.cl\/portal\/wp-json\/wp\/v2\/media?parent=69778"}],"wp:term":[{"taxonomy":"category","embeddable":true,"href":"https:\/\/eltrabajo.cl\/portal\/wp-json\/wp\/v2\/categories?post=69778"},{"taxonomy":"post_tag","embeddable":true,"href":"https:\/\/eltrabajo.cl\/portal\/wp-json\/wp\/v2\/tags?post=69778"}],"curies":[{"name":"wp","href":"https:\/\/api.w.org\/{rel}","templated":true}]}}