{"id":69782,"date":"2016-05-16T10:19:43","date_gmt":"2016-05-16T14:19:43","guid":{"rendered":"http:\/\/www.eltrabajo.cl\/portal\/?p=69782"},"modified":"2016-05-16T10:19:43","modified_gmt":"2016-05-16T14:19:43","slug":"felices-los-vecinos-de-villa-el-descanso-con-su-nueva-sede-vecinal","status":"publish","type":"post","link":"https:\/\/eltrabajo.cl\/portal\/felices-los-vecinos-de-villa-el-descanso-con-su-nueva-sede-vecinal\/","title":{"rendered":"Felices los vecinos de Villa El Descanso con su nueva sede vecinal"},"content":{"rendered":"<ul>\n<li><strong>Presidente de la JJ.VV. agradeci\u00f3 al alcalde Patricio Freire por cumplir el compromiso de dotar al sector de un espacio acondicionado para el trabajo comunitario.<\/strong><\/li>\n<\/ul>\n<p>Enorme satisfacci\u00f3n gener\u00f3 en la Villa El Descanso de nuestra ciudad, la inauguraci\u00f3n de la nueva sede vecinal del sector, iniciativa anhelada por la comunidad con la que el alcalde Patricio Freire se comprometi\u00f3 a gestionar los recursos que permitieran el desarrollo de este proyecto en la calle Circunvalaci\u00f3n esquina de Santa Rosa.<br \/>\nEn una ceremonia desarrollada el s\u00e1bado en la tarde, se realiz\u00f3 la inauguraci\u00f3n del recinto de 111 metros cuadrados, que consta de un sal\u00f3n de reuniones, una oficina, cocina y dos ba\u00f1os, proyecto que fue financiado con recursos del Fondo Regional de Inversi\u00f3n Local, para el cual el Gobierno Regional asign\u00f3 la suma de 43 millones de pesos.<br \/>\nEn la ocasi\u00f3n, el alcalde Patricio Freire record\u00f3 que este proyecto es el resultado del trabajo conjunto con los vecinos, que si bien aspiraban su emplazamiento en el lugar donde hoy se ubica el Jard\u00edn El Peneca, finalmente acordaron con el municipio que fuese desarrollado en la calle Circunvalaci\u00f3n, donde hoy se levanta esta infraestructura que cumple con las caracter\u00edsticas necesarias para el desarrollo de actividades de participaci\u00f3n comunitaria.<br \/>\n\u201cEstamos muy contentos, primero porque logramos desarrollar con los vecinos una labor importante que hoy se traduce en la construcci\u00f3n de esta sede vecinal y tambi\u00e9n, porque tuvimos el apoyo de nuestras autoridades que nos asignaron los recursos que necesit\u00e1bamos para ejecutar el proyecto\u201d, se\u00f1al\u00f3 Freire.<br \/>\nEn este mismo sentido, el presidente de la Junta de Vecinos del sector, Luis Inostroza, expres\u00f3 su agradecimiento al alcalde Patricio Freire, pues desde siempre mostr\u00f3 un compromiso valioso con el sector, en la medida que primero les apoy\u00f3 con el arriendo de un inmueble para que operara como sede vecinal y despu\u00e9s, dispuso las gestiones para elaborar un proyecto de sede comunitaria y consigui\u00f3 los recursos para su materializaci\u00f3n.<br \/>\n\u201cComo vecinos de la Villa El Descanso estamos muy agradecidos por el apoyo que hemos recibido de don Patricio y del municipio en general, ac\u00e1 trabajamos juntos y siempre tomaron en cuenta nuestro parecer. Hoy d\u00eda, al ver las condiciones de esta sede y saber que tenemos un lugar \u00f3ptimo para nuestro trabajo, nos insta mucho y nos permite solo agradecer lo que han hecho. Estamos contentos, porque hemos visto un cambio enorme, en nuestro sector y en la comuna y eso es bueno para todos\u201d, expres\u00f3 el dirigente vecinal.<br \/>\nEn la misma l\u00ednea, el concejal Rodolfo Silva record\u00f3 que la Villa El Descanso es un sector poblacional habitado en su mayor\u00eda por familias j\u00f3venes, con muchos hijos peque\u00f1os, que tienen muchos deseos de realizar una labor barrial y en ese sentido, valor\u00f3 el trabajo que se ha realizado y que ha permitido construir nueva infraestructura comunitaria.<br \/>\nEl concejal Dante Rodr\u00edguez, destac\u00f3 la pol\u00edtica municipal orientada a la participaci\u00f3n comunitaria, la que se ha visto reflejada en el desarrollo de proyectos de construcci\u00f3n de sedes vecinales, equipamiento como juegos infantiles y multicanchas, as\u00ed como tambi\u00e9n iniciativas que los favorecen y potencian como organizaciones.<br \/>\nLa ceremonia de inauguraci\u00f3n cont\u00f3 con la presencia de los consejeros regionales Mario Sottolichio, Rolando Stevenson e Iv\u00e1n Reyes, adem\u00e1s del diputado Gaspar Rivas y los concejales Rodr\u00edguez y Silva.<\/p>\n<figure id=\"attachment_69783\" aria-describedby=\"caption-attachment-69783\" style=\"width: 530px\" class=\"wp-caption alignnone\"><img data-recalc-dims=\"1\" loading=\"lazy\" decoding=\"async\" class=\"wp-image-69783 size-full\" src=\"https:\/\/i0.wp.com\/www.eltrabajo.cl\/portal\/wp-content\/uploads\/2016\/05\/inauguracion-1.jpg?resize=530%2C350\" alt=\"La ceremonia de inauguraci\u00f3n cont\u00f3 con la presencia de los consejeros regionales Mario Sottolichio, Rolando Stevenson e Iv\u00e1n Reyes, adem\u00e1s del diputado Gaspar Rivas y los concejales Dante Rodr\u00edguez y Rodolfo Silva.\" width=\"530\" height=\"350\" srcset=\"https:\/\/i0.wp.com\/eltrabajo.cl\/portal\/wp-content\/uploads\/2016\/05\/inauguracion-1.jpg?w=530&amp;ssl=1 530w, https:\/\/i0.wp.com\/eltrabajo.cl\/portal\/wp-content\/uploads\/2016\/05\/inauguracion-1.jpg?resize=200%2C132&amp;ssl=1 200w, https:\/\/i0.wp.com\/eltrabajo.cl\/portal\/wp-content\/uploads\/2016\/05\/inauguracion-1.jpg?resize=300%2C198&amp;ssl=1 300w, https:\/\/i0.wp.com\/eltrabajo.cl\/portal\/wp-content\/uploads\/2016\/05\/inauguracion-1.jpg?resize=227%2C150&amp;ssl=1 227w, https:\/\/i0.wp.com\/eltrabajo.cl\/portal\/wp-content\/uploads\/2016\/05\/inauguracion-1.jpg?resize=400%2C264&amp;ssl=1 400w\" sizes=\"auto, (max-width: 530px) 100vw, 530px\" \/><figcaption id=\"caption-attachment-69783\" class=\"wp-caption-text\">La ceremonia de inauguraci\u00f3n cont\u00f3 con la presencia de los consejeros regionales Mario Sottolichio, Rolando Stevenson e Iv\u00e1n Reyes, adem\u00e1s del diputado Gaspar Rivas y los concejales Dante Rodr\u00edguez y Rodolfo Silva.<\/figcaption><\/figure>\n","protected":false},"excerpt":{"rendered":"<p>Presidente de la JJ.VV. agradeci\u00f3 al alcalde Patricio Freire por cumplir el compromiso de dotar al sector de un espacio acondicionado para el trabajo comunitario. Enorme satisfacci\u00f3n gener\u00f3 en la Villa El&#8230;<\/p>\n","protected":false},"author":482,"featured_media":69783,"comment_status":"open","ping_status":"open","sticky":false,"template":"","format":"standard","meta":{"advanced_seo_description":"","jetpack_seo_html_title":"","jetpack_seo_noindex":false,"_jetpack_memberships_contains_paid_content":false,"footnotes":""},"categories":[1],"tags":[],"class_list":["post-69782","post","type-post","status-publish","format-standard","has-post-thumbnail","hentry","category-cronica"],"jetpack_featured_media_url":"https:\/\/i0.wp.com\/eltrabajo.cl\/portal\/wp-content\/uploads\/2016\/05\/inauguracion-1.jpg?fit=530%2C350&ssl=1","jetpack_sharing_enabled":true,"jetpack_likes_enabled":true,"jetpack-related-posts":[],"_links":{"self":[{"href":"https:\/\/eltrabajo.cl\/portal\/wp-json\/wp\/v2\/posts\/69782","targetHints":{"allow":["GET"]}}],"collection":[{"href":"https:\/\/eltrabajo.cl\/portal\/wp-json\/wp\/v2\/posts"}],"about":[{"href":"https:\/\/eltrabajo.cl\/portal\/wp-json\/wp\/v2\/types\/post"}],"author":[{"embeddable":true,"href":"https:\/\/eltrabajo.cl\/portal\/wp-json\/wp\/v2\/users\/482"}],"replies":[{"embeddable":true,"href":"https:\/\/eltrabajo.cl\/portal\/wp-json\/wp\/v2\/comments?post=69782"}],"version-history":[{"count":0,"href":"https:\/\/eltrabajo.cl\/portal\/wp-json\/wp\/v2\/posts\/69782\/revisions"}],"wp:featuredmedia":[{"embeddable":true,"href":"https:\/\/eltrabajo.cl\/portal\/wp-json\/wp\/v2\/media\/69783"}],"wp:attachment":[{"href":"https:\/\/eltrabajo.cl\/portal\/wp-json\/wp\/v2\/media?parent=69782"}],"wp:term":[{"taxonomy":"category","embeddable":true,"href":"https:\/\/eltrabajo.cl\/portal\/wp-json\/wp\/v2\/categories?post=69782"},{"taxonomy":"post_tag","embeddable":true,"href":"https:\/\/eltrabajo.cl\/portal\/wp-json\/wp\/v2\/tags?post=69782"}],"curies":[{"name":"wp","href":"https:\/\/api.w.org\/{rel}","templated":true}]}}