{"id":69788,"date":"2016-05-16T10:25:41","date_gmt":"2016-05-16T14:25:41","guid":{"rendered":"http:\/\/www.eltrabajo.cl\/portal\/?p=69788"},"modified":"2016-05-16T10:25:41","modified_gmt":"2016-05-16T14:25:41","slug":"cupula-del-telescopio-mas-potente-de-la-quinta-region-ya-se-encuentra-instalada-en-calle-larga","status":"publish","type":"post","link":"https:\/\/eltrabajo.cl\/portal\/cupula-del-telescopio-mas-potente-de-la-quinta-region-ya-se-encuentra-instalada-en-calle-larga\/","title":{"rendered":"C\u00fapula del telescopio m\u00e1s potente de la Quinta Regi\u00f3n ya se encuentra instalada en Calle Larga"},"content":{"rendered":"<ul>\n<li><strong>Con esto, el Observatorio Pocuro con su Telescopio \u201cBochum\u201d comenzar\u00edan a operar en los pr\u00f3ximos meses.<\/strong><\/li>\n<\/ul>\n<p>Cada vez m\u00e1s cerca de ser utilizado para fines cient\u00edficos y pedag\u00f3gicos se encuentra el telescopio Bochum, que fue trasladado del \u2018Observatorio La Silla\u2019 hasta Calle Larga, y que con la instalaci\u00f3n de la c\u00fapula, ya podr\u00eda comenzar a operar en pocos meses m\u00e1s para aportar con el desarrollo de la astronom\u00eda en nuestra regi\u00f3n y el pa\u00eds.<br \/>\nEste telescopio, durante a\u00f1os permaneci\u00f3 en el observatorio La Silla en la Tercera Regi\u00f3n y es el instrumento \u00f3ptico m\u00e1s grande que se haya instalado en la Regi\u00f3n de Valpara\u00edso y el m\u00e1s potente para la observaci\u00f3n directa que hay en Chile, posee un espejo de 61cm. y pesa 3 toneladas.<br \/>\n\u201cSin duda que esto para nosotros es muy importante, no s\u00f3lo porque tiene que ver con Calle Larga, sino porque adem\u00e1s va a colaborar y va a servir para todos los ni\u00f1os del Valle de Aconcagua, y encontrar\u00e1n un espacio donde se puedan desarrollar intelectualmente, vinculado con las nuevas tecnolog\u00edas, vinculado con la ciencia, en definitiva vinculado con la educaci\u00f3n. De una u otra manera estamos honrando la memoria del Presidente Pedro Aguirre Cerda, que naci\u00f3 ac\u00e1 y que como sabemos tuvo una preocupaci\u00f3n genuina por la educaci\u00f3n y lo que hacemos al instalar este telescopio es traer la educaci\u00f3n no solo para Calle Larga, ya no solo para el Valle de Aconcagua, sino que para todo Chile\u201d. Sostuvo el alcalde Nelson Venegas.<br \/>\nPor su parte Yerko Chac\u00f3n, director del Observatorio Pocuro destac\u00f3 la presencia de los ni\u00f1os que se encontraban presenciando este nuevo hito y la importancia de tener este telescopio, \u201cen definitiva son los chicos los que en definitiva van a poder observar y van a manejar ojal\u00e1 el telescopio, quisimos traerlos para que fueran parte de este proceso hist\u00f3rico, de aqu\u00ed a 30 a\u00f1os ojal\u00e1 recuerden c\u00f3mo se instal\u00f3 la c\u00fapula, con lluvia, con los ni\u00f1os, la gente de la agrupaci\u00f3n astron\u00f3mica, todo un equipo involucrado, es bueno aclarar que es el telescopio m\u00e1s grande de la regi\u00f3n actualmente, porque adem\u00e1s de ser importante se hace una sinergia que es universidad, estudios cient\u00edficos, municipalidad para divulgar esta ciencia en toda la comunidad y la agrupaci\u00f3n astron\u00f3mica y se conjuga eso, que no existe en ninguna parte de Chile\u201d.<br \/>\nDe esta forma, el Observatorio Pocuro se convierte en el m\u00e1s importante de la regi\u00f3n, concentrando el noventa por ciento de la capacidad Astron\u00f3mica y entregando a los vecinos y vecinas de la comuna, acceso igualitario a los instrumentos cient\u00edficos de \u00faltima generaci\u00f3n.<\/p>\n<figure id=\"attachment_69789\" aria-describedby=\"caption-attachment-69789\" style=\"width: 530px\" class=\"wp-caption alignnone\"><img data-recalc-dims=\"1\" loading=\"lazy\" decoding=\"async\" class=\"wp-image-69789 size-full\" src=\"https:\/\/i0.wp.com\/www.eltrabajo.cl\/portal\/wp-content\/uploads\/2016\/05\/observatorio-3.jpg?resize=530%2C350\" alt=\"Yerko Chac\u00f3n, director del Observatorio Pocuro.\" width=\"530\" height=\"350\" srcset=\"https:\/\/i0.wp.com\/eltrabajo.cl\/portal\/wp-content\/uploads\/2016\/05\/observatorio-3.jpg?w=530&amp;ssl=1 530w, https:\/\/i0.wp.com\/eltrabajo.cl\/portal\/wp-content\/uploads\/2016\/05\/observatorio-3.jpg?resize=200%2C132&amp;ssl=1 200w, https:\/\/i0.wp.com\/eltrabajo.cl\/portal\/wp-content\/uploads\/2016\/05\/observatorio-3.jpg?resize=300%2C198&amp;ssl=1 300w, https:\/\/i0.wp.com\/eltrabajo.cl\/portal\/wp-content\/uploads\/2016\/05\/observatorio-3.jpg?resize=227%2C150&amp;ssl=1 227w, https:\/\/i0.wp.com\/eltrabajo.cl\/portal\/wp-content\/uploads\/2016\/05\/observatorio-3.jpg?resize=400%2C264&amp;ssl=1 400w\" sizes=\"auto, (max-width: 530px) 100vw, 530px\" \/><figcaption id=\"caption-attachment-69789\" class=\"wp-caption-text\">Yerko Chac\u00f3n, director del Observatorio Pocuro.<\/figcaption><\/figure>\n<figure id=\"attachment_69790\" aria-describedby=\"caption-attachment-69790\" style=\"width: 530px\" class=\"wp-caption alignnone\"><img data-recalc-dims=\"1\" loading=\"lazy\" decoding=\"async\" class=\"wp-image-69790 size-full\" src=\"https:\/\/i0.wp.com\/www.eltrabajo.cl\/portal\/wp-content\/uploads\/2016\/05\/observatorio-2.jpg?resize=530%2C350\" alt=\"En plena instalaci\u00f3n de la c\u00fapula del Telescopio m\u00e1s potente de la V Regi\u00f3n, posee un espejo de 61cm. y pesa 3 toneladas.\" width=\"530\" height=\"350\" srcset=\"https:\/\/i0.wp.com\/eltrabajo.cl\/portal\/wp-content\/uploads\/2016\/05\/observatorio-2.jpg?w=530&amp;ssl=1 530w, https:\/\/i0.wp.com\/eltrabajo.cl\/portal\/wp-content\/uploads\/2016\/05\/observatorio-2.jpg?resize=200%2C132&amp;ssl=1 200w, https:\/\/i0.wp.com\/eltrabajo.cl\/portal\/wp-content\/uploads\/2016\/05\/observatorio-2.jpg?resize=300%2C198&amp;ssl=1 300w, https:\/\/i0.wp.com\/eltrabajo.cl\/portal\/wp-content\/uploads\/2016\/05\/observatorio-2.jpg?resize=227%2C150&amp;ssl=1 227w, https:\/\/i0.wp.com\/eltrabajo.cl\/portal\/wp-content\/uploads\/2016\/05\/observatorio-2.jpg?resize=400%2C264&amp;ssl=1 400w\" sizes=\"auto, (max-width: 530px) 100vw, 530px\" \/><figcaption id=\"caption-attachment-69790\" class=\"wp-caption-text\">En plena instalaci\u00f3n de la c\u00fapula del Telescopio m\u00e1s potente de la V Regi\u00f3n, posee un espejo de 61cm. y pesa 3 toneladas.<\/figcaption><\/figure>\n<figure id=\"attachment_69791\" aria-describedby=\"caption-attachment-69791\" style=\"width: 530px\" class=\"wp-caption alignnone\"><img data-recalc-dims=\"1\" loading=\"lazy\" decoding=\"async\" class=\"wp-image-69791 size-full\" src=\"https:\/\/i0.wp.com\/www.eltrabajo.cl\/portal\/wp-content\/uploads\/2016\/05\/observatorio-1.jpg?resize=530%2C349\" alt=\"El Alcalde Nelson venegas destac\u00f3 que \u201cesto para nosotros es muy importante, no s\u00f3lo porque tiene que ver con Calle Larga, sino porque adem\u00e1s va a colaborar y va a servir para todos los ni\u00f1os del Valle de Aconcagua\u201d\" width=\"530\" height=\"349\" srcset=\"https:\/\/i0.wp.com\/eltrabajo.cl\/portal\/wp-content\/uploads\/2016\/05\/observatorio-1.jpg?w=530&amp;ssl=1 530w, https:\/\/i0.wp.com\/eltrabajo.cl\/portal\/wp-content\/uploads\/2016\/05\/observatorio-1.jpg?resize=200%2C132&amp;ssl=1 200w, https:\/\/i0.wp.com\/eltrabajo.cl\/portal\/wp-content\/uploads\/2016\/05\/observatorio-1.jpg?resize=300%2C198&amp;ssl=1 300w, https:\/\/i0.wp.com\/eltrabajo.cl\/portal\/wp-content\/uploads\/2016\/05\/observatorio-1.jpg?resize=228%2C150&amp;ssl=1 228w, https:\/\/i0.wp.com\/eltrabajo.cl\/portal\/wp-content\/uploads\/2016\/05\/observatorio-1.jpg?resize=400%2C263&amp;ssl=1 400w\" sizes=\"auto, (max-width: 530px) 100vw, 530px\" \/><figcaption id=\"caption-attachment-69791\" class=\"wp-caption-text\">El Alcalde Nelson venegas destac\u00f3 que \u201cesto para nosotros es muy importante, no s\u00f3lo porque tiene que ver con Calle Larga, sino porque adem\u00e1s va a colaborar y va a servir para todos los ni\u00f1os del Valle de Aconcagua\u201d<\/figcaption><\/figure>\n","protected":false},"excerpt":{"rendered":"<p>Con esto, el Observatorio Pocuro con su Telescopio \u201cBochum\u201d comenzar\u00edan a operar en los pr\u00f3ximos meses. Cada vez m\u00e1s cerca de ser utilizado para fines cient\u00edficos y pedag\u00f3gicos se encuentra el telescopio&#8230;<\/p>\n","protected":false},"author":482,"featured_media":69789,"comment_status":"open","ping_status":"open","sticky":false,"template":"","format":"standard","meta":{"advanced_seo_description":"","jetpack_seo_html_title":"","jetpack_seo_noindex":false,"_jetpack_memberships_contains_paid_content":false,"footnotes":""},"categories":[15],"tags":[],"class_list":["post-69788","post","type-post","status-publish","format-standard","has-post-thumbnail","hentry","category-comunidad"],"jetpack_featured_media_url":"https:\/\/i0.wp.com\/eltrabajo.cl\/portal\/wp-content\/uploads\/2016\/05\/observatorio-3.jpg?fit=530%2C350&ssl=1","jetpack_sharing_enabled":true,"jetpack_likes_enabled":true,"jetpack-related-posts":[],"_links":{"self":[{"href":"https:\/\/eltrabajo.cl\/portal\/wp-json\/wp\/v2\/posts\/69788","targetHints":{"allow":["GET"]}}],"collection":[{"href":"https:\/\/eltrabajo.cl\/portal\/wp-json\/wp\/v2\/posts"}],"about":[{"href":"https:\/\/eltrabajo.cl\/portal\/wp-json\/wp\/v2\/types\/post"}],"author":[{"embeddable":true,"href":"https:\/\/eltrabajo.cl\/portal\/wp-json\/wp\/v2\/users\/482"}],"replies":[{"embeddable":true,"href":"https:\/\/eltrabajo.cl\/portal\/wp-json\/wp\/v2\/comments?post=69788"}],"version-history":[{"count":0,"href":"https:\/\/eltrabajo.cl\/portal\/wp-json\/wp\/v2\/posts\/69788\/revisions"}],"wp:featuredmedia":[{"embeddable":true,"href":"https:\/\/eltrabajo.cl\/portal\/wp-json\/wp\/v2\/media\/69789"}],"wp:attachment":[{"href":"https:\/\/eltrabajo.cl\/portal\/wp-json\/wp\/v2\/media?parent=69788"}],"wp:term":[{"taxonomy":"category","embeddable":true,"href":"https:\/\/eltrabajo.cl\/portal\/wp-json\/wp\/v2\/categories?post=69788"},{"taxonomy":"post_tag","embeddable":true,"href":"https:\/\/eltrabajo.cl\/portal\/wp-json\/wp\/v2\/tags?post=69788"}],"curies":[{"name":"wp","href":"https:\/\/api.w.org\/{rel}","templated":true}]}}