{"id":6979,"date":"2011-12-02T08:56:53","date_gmt":"2011-12-02T12:56:53","guid":{"rendered":"http:\/\/www.eltrabajo.cl\/portal\/?p=6979"},"modified":"2011-12-02T08:56:54","modified_gmt":"2011-12-02T12:56:54","slug":"buses-y-camiones-transitan-fuera-de-la-ley-por-via-michimalongo","status":"publish","type":"post","link":"https:\/\/eltrabajo.cl\/portal\/buses-y-camiones-transitan-fuera-de-la-ley-por-via-michimalongo\/","title":{"rendered":"Buses y camiones transitan fuera de la Ley por V\u00eda Michimalongo"},"content":{"rendered":"<figure id=\"attachment_6980\" aria-describedby=\"caption-attachment-6980\" style=\"width: 600px\" class=\"wp-caption alignnone\"><a href=\"http:\/\/www.eltrabajo.cl\/portal\/archives\/6979\/bloqueo1\" rel=\"attachment wp-att-6980\"><img data-recalc-dims=\"1\" loading=\"lazy\" decoding=\"async\" class=\"size-full wp-image-6980\" title=\"Bloqueo1\" src=\"https:\/\/i0.wp.com\/www.eltrabajo.cl\/portal\/wp-content\/uploads\/2011\/12\/Bloqueo1.jpg?resize=600%2C338\" alt=\"\" width=\"600\" height=\"338\" srcset=\"https:\/\/i0.wp.com\/eltrabajo.cl\/portal\/wp-content\/uploads\/2011\/12\/Bloqueo1.jpg?w=600&amp;ssl=1 600w, https:\/\/i0.wp.com\/eltrabajo.cl\/portal\/wp-content\/uploads\/2011\/12\/Bloqueo1.jpg?resize=200%2C112&amp;ssl=1 200w, https:\/\/i0.wp.com\/eltrabajo.cl\/portal\/wp-content\/uploads\/2011\/12\/Bloqueo1.jpg?resize=300%2C169&amp;ssl=1 300w, https:\/\/i0.wp.com\/eltrabajo.cl\/portal\/wp-content\/uploads\/2011\/12\/Bloqueo1.jpg?resize=150%2C84&amp;ssl=1 150w, https:\/\/i0.wp.com\/eltrabajo.cl\/portal\/wp-content\/uploads\/2011\/12\/Bloqueo1.jpg?resize=400%2C225&amp;ssl=1 400w\" sizes=\"auto, (max-width: 600px) 100vw, 600px\" \/><\/a><figcaption id=\"caption-attachment-6980\" class=\"wp-caption-text\">Autobuses y grandes camiones pasan a gran velocidad por lo que ser\u00e1n las autoridades correspondientes las que pongan orden al respecto.<\/figcaption><\/figure>\n<p>Los vecinos de las villas cercanas a la calle Michimalongo en la comuna de San Felipe se aburrieron del continuo tr\u00e1nsito de locomoci\u00f3n colectiva que no se encuentra autorizada y la noche del mi\u00e9rcoles salieron a protestar por esa situaci\u00f3n.<\/p>\n<p><strong>CANSADOS DE HABLAR<\/strong><\/p>\n<p>\u00abHay muchas incomodidades que se est\u00e1n pasando por este tema de la locomoci\u00f3n que est\u00e1 pasando sin autorizaci\u00f3n por calle Michimalongo, porque pasan buses que van a Santiago, buses que vienen de Cabildo, de Valpara\u00edso y dirigentes vecinales nos han hecho saber su incomodidad y lo peligroso que es, porque es un camino muy estrecho\u00bb, se\u00f1al\u00f3 Hugo Venegas, presidente de la Junta de Vecinos de la villa El Carmen.<\/p>\n<p>\u00abYo convers\u00e9 con el alcalde Jaime Amar y me dijo que eso lo ten\u00eda que ver con Carabineros, hoy d\u00eda (ayer) voy a conversar con el mayor Marcelo Fuentes, porque la verdad de las cosas existe mucha preocupaci\u00f3n y es delicado, puede haber un accidente y pueden atropellar a un ni\u00f1o, y hay bastantes escolares, ese es un llamado a Carabineros que fiscalicen m\u00e1s, sobre todo en el sector El Casta\u00f1o, donde m\u00e1s peligro hay, porque es m\u00e1s estrecho el camino\u00bb.<\/p>\n<p>Venegas sostuvo que esta situaci\u00f3n se agudiz\u00f3 con la puesta en marcha de la nueva entrada a San Felipe, una situaci\u00f3n que el dirigente se\u00f1ala hab\u00e9rsela planteado a las autoridades hace tiempo.<\/p>\n<p><strong>SEIS CHOQUES<\/strong><\/p>\n<p>DIARIO EL TRABAJO habl\u00f3 con el Suboficial Mayor Burgos y la Teniente Crespo, quienes atendieron el bloqueo. Ellos aseguraron que le dar\u00e1n el debido tr\u00e1mite a las peticiones vecinales. Seg\u00fan se supo, ya son seis los choques vehiculares como producto de esta problem\u00e1tica.<\/p>\n<p>Toda esta situaci\u00f3n gener\u00f3 que los vecinos del sector salieran a la calle a protestar, un camino de soluci\u00f3n que Venegas no comparte y prefiere conformar una comisi\u00f3n para plantear la situaci\u00f3n a la autoridad, especialmente a Carabineros.<\/p>\n","protected":false},"excerpt":{"rendered":"<p>Los vecinos de las villas cercanas a la calle Michimalongo en la comuna de San Felipe se aburrieron del continuo tr\u00e1nsito de locomoci\u00f3n colectiva que no se encuentra autorizada y la noche&#8230;<\/p>\n","protected":false},"author":482,"featured_media":6980,"comment_status":"open","ping_status":"open","sticky":false,"template":"","format":"standard","meta":{"advanced_seo_description":"","jetpack_seo_html_title":"","jetpack_seo_noindex":false,"_jetpack_memberships_contains_paid_content":false,"footnotes":""},"categories":[15],"tags":[],"class_list":["post-6979","post","type-post","status-publish","format-standard","has-post-thumbnail","hentry","category-comunidad"],"jetpack_featured_media_url":"https:\/\/i0.wp.com\/eltrabajo.cl\/portal\/wp-content\/uploads\/2011\/12\/Bloqueo1.jpg?fit=600%2C338&ssl=1","jetpack_sharing_enabled":true,"jetpack_likes_enabled":true,"jetpack-related-posts":[],"_links":{"self":[{"href":"https:\/\/eltrabajo.cl\/portal\/wp-json\/wp\/v2\/posts\/6979","targetHints":{"allow":["GET"]}}],"collection":[{"href":"https:\/\/eltrabajo.cl\/portal\/wp-json\/wp\/v2\/posts"}],"about":[{"href":"https:\/\/eltrabajo.cl\/portal\/wp-json\/wp\/v2\/types\/post"}],"author":[{"embeddable":true,"href":"https:\/\/eltrabajo.cl\/portal\/wp-json\/wp\/v2\/users\/482"}],"replies":[{"embeddable":true,"href":"https:\/\/eltrabajo.cl\/portal\/wp-json\/wp\/v2\/comments?post=6979"}],"version-history":[{"count":0,"href":"https:\/\/eltrabajo.cl\/portal\/wp-json\/wp\/v2\/posts\/6979\/revisions"}],"wp:featuredmedia":[{"embeddable":true,"href":"https:\/\/eltrabajo.cl\/portal\/wp-json\/wp\/v2\/media\/6980"}],"wp:attachment":[{"href":"https:\/\/eltrabajo.cl\/portal\/wp-json\/wp\/v2\/media?parent=6979"}],"wp:term":[{"taxonomy":"category","embeddable":true,"href":"https:\/\/eltrabajo.cl\/portal\/wp-json\/wp\/v2\/categories?post=6979"},{"taxonomy":"post_tag","embeddable":true,"href":"https:\/\/eltrabajo.cl\/portal\/wp-json\/wp\/v2\/tags?post=6979"}],"curies":[{"name":"wp","href":"https:\/\/api.w.org\/{rel}","templated":true}]}}