{"id":69796,"date":"2016-05-16T10:30:46","date_gmt":"2016-05-16T14:30:46","guid":{"rendered":"http:\/\/www.eltrabajo.cl\/portal\/?p=69796"},"modified":"2016-05-16T10:30:46","modified_gmt":"2016-05-16T14:30:46","slug":"con-cuchillo-al-cuello-intimidan-a-ciclista-para-robarle-pertenencias","status":"publish","type":"post","link":"https:\/\/eltrabajo.cl\/portal\/con-cuchillo-al-cuello-intimidan-a-ciclista-para-robarle-pertenencias\/","title":{"rendered":"Con cuchillo al cuello intimidan a ciclista para robarle pertenencias"},"content":{"rendered":"<figure id=\"attachment_69797\" aria-describedby=\"caption-attachment-69797\" style=\"width: 300px\" class=\"wp-caption alignleft\"><img data-recalc-dims=\"1\" loading=\"lazy\" decoding=\"async\" class=\"wp-image-69797 size-medium\" src=\"https:\/\/i0.wp.com\/www.eltrabajo.cl\/portal\/wp-content\/uploads\/2016\/05\/oliver-montenegro-barraza-300x198.jpg?resize=300%2C198\" alt=\"El imputado Oliver Montenegro Barraza tras ser capturado por Carabineros qued\u00f3 a disposici\u00f3n de la Fiscal\u00eda.\" width=\"300\" height=\"198\" srcset=\"https:\/\/i0.wp.com\/eltrabajo.cl\/portal\/wp-content\/uploads\/2016\/05\/oliver-montenegro-barraza.jpg?resize=300%2C198&amp;ssl=1 300w, https:\/\/i0.wp.com\/eltrabajo.cl\/portal\/wp-content\/uploads\/2016\/05\/oliver-montenegro-barraza.jpg?resize=200%2C132&amp;ssl=1 200w, https:\/\/i0.wp.com\/eltrabajo.cl\/portal\/wp-content\/uploads\/2016\/05\/oliver-montenegro-barraza.jpg?resize=227%2C150&amp;ssl=1 227w, https:\/\/i0.wp.com\/eltrabajo.cl\/portal\/wp-content\/uploads\/2016\/05\/oliver-montenegro-barraza.jpg?resize=400%2C264&amp;ssl=1 400w, https:\/\/i0.wp.com\/eltrabajo.cl\/portal\/wp-content\/uploads\/2016\/05\/oliver-montenegro-barraza.jpg?w=530&amp;ssl=1 530w\" sizes=\"auto, (max-width: 300px) 100vw, 300px\" \/><figcaption id=\"caption-attachment-69797\" class=\"wp-caption-text\">El imputado Oliver Montenegro Barraza tras ser capturado por Carabineros qued\u00f3 a disposici\u00f3n de la Fiscal\u00eda.<\/figcaption><\/figure>\n<ul>\n<li><strong>Carabineros captur\u00f3 al antisocial que qued\u00f3 a disposici\u00f3n de la Fiscal\u00eda.<\/strong><\/li>\n<\/ul>\n<p>En horas de la madrugada de ayer domingo, un joven delincuente, fue capturado por Carabineros tras ser sindicado por un su v\u00edctima, como el autor de un robo con intimidaci\u00f3n, utilizando una cuchilla para apoderarse de una bicicleta y la billetera del afectado en plena v\u00eda p\u00fablica en la poblaci\u00f3n San Felipe.<br \/>\nSeg\u00fan inform\u00f3 Carabineros, un llamado de auxilio efectuado por la v\u00edctima alert\u00f3 a los funcionarios policiales a trasladarse hasta dicha poblaci\u00f3n con la finalidad de capturar a un sujeto que intimid\u00f3 con un arma blanca al ciclista, que circulaba por la calle, oblig\u00e1ndole a entregar la especie, adem\u00e1s de su billetera.<br \/>\nLuego de unos minutos, la polic\u00eda uniformada en conjunto con la v\u00edctima, procedieron a buscar al antisocial, quien se encontraba en la v\u00eda p\u00fablica junto con las especies, por lo cual fue detenido para luego ser derivado hasta el cuartel policial.<br \/>\nEl imputado identificado, como Oliver Montenegro Barraza, quien posee antecedentes anteriores, fue derivado hasta el Juzgado de Garant\u00eda de San Felipe para ser formalizado por el delito de Robo con Intimidaci\u00f3n, de parte de la fiscal\u00eda que investigar\u00e1 el caso.<br \/>\n<strong>Pablo Salinas Sald\u00edas<\/strong><\/p>\n","protected":false},"excerpt":{"rendered":"<p>Carabineros captur\u00f3 al antisocial que qued\u00f3 a disposici\u00f3n de la Fiscal\u00eda. En horas de la madrugada de ayer domingo, un joven delincuente, fue capturado por Carabineros tras ser sindicado por un su&#8230;<\/p>\n","protected":false},"author":482,"featured_media":69797,"comment_status":"open","ping_status":"open","sticky":false,"template":"","format":"standard","meta":{"advanced_seo_description":"","jetpack_seo_html_title":"","jetpack_seo_noindex":false,"_jetpack_memberships_contains_paid_content":false,"footnotes":""},"categories":[21],"tags":[],"class_list":["post-69796","post","type-post","status-publish","format-standard","has-post-thumbnail","hentry","category-policial"],"jetpack_featured_media_url":"https:\/\/i0.wp.com\/eltrabajo.cl\/portal\/wp-content\/uploads\/2016\/05\/oliver-montenegro-barraza.jpg?fit=530%2C350&ssl=1","jetpack_sharing_enabled":true,"jetpack_likes_enabled":true,"jetpack-related-posts":[],"_links":{"self":[{"href":"https:\/\/eltrabajo.cl\/portal\/wp-json\/wp\/v2\/posts\/69796","targetHints":{"allow":["GET"]}}],"collection":[{"href":"https:\/\/eltrabajo.cl\/portal\/wp-json\/wp\/v2\/posts"}],"about":[{"href":"https:\/\/eltrabajo.cl\/portal\/wp-json\/wp\/v2\/types\/post"}],"author":[{"embeddable":true,"href":"https:\/\/eltrabajo.cl\/portal\/wp-json\/wp\/v2\/users\/482"}],"replies":[{"embeddable":true,"href":"https:\/\/eltrabajo.cl\/portal\/wp-json\/wp\/v2\/comments?post=69796"}],"version-history":[{"count":0,"href":"https:\/\/eltrabajo.cl\/portal\/wp-json\/wp\/v2\/posts\/69796\/revisions"}],"wp:featuredmedia":[{"embeddable":true,"href":"https:\/\/eltrabajo.cl\/portal\/wp-json\/wp\/v2\/media\/69797"}],"wp:attachment":[{"href":"https:\/\/eltrabajo.cl\/portal\/wp-json\/wp\/v2\/media?parent=69796"}],"wp:term":[{"taxonomy":"category","embeddable":true,"href":"https:\/\/eltrabajo.cl\/portal\/wp-json\/wp\/v2\/categories?post=69796"},{"taxonomy":"post_tag","embeddable":true,"href":"https:\/\/eltrabajo.cl\/portal\/wp-json\/wp\/v2\/tags?post=69796"}],"curies":[{"name":"wp","href":"https:\/\/api.w.org\/{rel}","templated":true}]}}