{"id":69799,"date":"2016-05-17T09:39:39","date_gmt":"2016-05-17T13:39:39","guid":{"rendered":"http:\/\/www.eltrabajo.cl\/portal\/?p=69799"},"modified":"2016-05-17T09:39:39","modified_gmt":"2016-05-17T13:39:39","slug":"entregan-tarjeta-joven-injuv-en-el-marco-de-gobierno-presente","status":"publish","type":"post","link":"https:\/\/eltrabajo.cl\/portal\/entregan-tarjeta-joven-injuv-en-el-marco-de-gobierno-presente\/","title":{"rendered":"Entregan Tarjeta Joven INJUV en el marco de \u2018Gobierno Presente\u2019"},"content":{"rendered":"<ul>\n<li><strong>Adem\u00e1s, aprovecharon la instancia para que Conaf regalara \u00e1rboles y se difundi\u00f3 el Constitucionario en sector Escorial.<\/strong><\/li>\n<\/ul>\n<p>M\u00e1s de 150 atenciones, desarrollaron los servicios p\u00fablicos en el marco del \u00faltimo \u2018Gobierno Presente\u2019, desarrollado la multicancha del sector de El Escorial en la comuna de Panquehue.<br \/>\nFueron 14 las instituciones que asistieron para dar respuesta a las inquietudes de los asistentes que, tal como en las ediciones anteriores, pudieron reiterar diversos folletos informativos y conocer la oferta program\u00e1tica de las instituciones p\u00fablicas.<br \/>\nEn la ocasi\u00f3n, el Gobernador Eduardo Le\u00f3n se\u00f1al\u00f3 que \u201cla idea de estos \u2018Gobiernos Presentes\u2019 es llegar a lugares aislados, con poca poblaci\u00f3n o inaccesibles. Es por eso que hoy los servicios p\u00fablicos est\u00e1n dando a conocer sus ofertas y programas que la gente no conoc\u00eda. El mandato de la presidenta Bachelet, es estar en terreno junto a los vecinos y eso es lo que estamos realizando en toda la Provincia\u201d se\u00f1al\u00f3 la autoridad.<br \/>\nEntre las actividades, se destaca la entrega de la tarjeta de beneficios \u2018Tarjeta Joven\u2019 de INJUV, que permite acceder a descuentos en locales comerciales o actividades culturales de inter\u00e9s para los j\u00f3venes, como tambi\u00e9n la entrega de \u00e1rboles nativos por parte de Conaf y la difusi\u00f3n del Constitucionario.<br \/>\nPor su parte, el alcalde Luis Pradenas se mostr\u00f3 agradecido con la realizaci\u00f3n de esta feria p\u00fablica en este sector de la comuna.<br \/>\nLos servicios presentes en la actividad fueron<br \/>\nServicio Salud Aconcagua, PDI, Carabineros de Chile, Serviu, Sercotec, I.P.S., Centro de la Mujer, Conaf, Corporaci\u00f3n Asistencia Judicial, INJUV, Seremi Gobierno, Divisi\u00f3n de Organizaciones Sociales, Gobernaci\u00f3n Provincial de San Felipe y Municipalidad de Panquehue (Omil, Senda, Sernac).<\/p>\n<figure id=\"attachment_69800\" aria-describedby=\"caption-attachment-69800\" style=\"width: 530px\" class=\"wp-caption alignleft\"><img data-recalc-dims=\"1\" loading=\"lazy\" decoding=\"async\" class=\"wp-image-69800 size-full\" src=\"https:\/\/i0.wp.com\/www.eltrabajo.cl\/portal\/wp-content\/uploads\/2016\/05\/TARJETA-INJUV.jpg?resize=530%2C350\" alt=\"M\u00e1s de 150 atenciones, desarrollaron los servicios p\u00fablicos en el marco del \u00faltimo \u2018Gobierno Presente\u2019, desarrollado la multicancha del sector de El Escorial en la comuna de Panquehue.\" width=\"530\" height=\"350\" srcset=\"https:\/\/i0.wp.com\/eltrabajo.cl\/portal\/wp-content\/uploads\/2016\/05\/TARJETA-INJUV.jpg?w=530&amp;ssl=1 530w, https:\/\/i0.wp.com\/eltrabajo.cl\/portal\/wp-content\/uploads\/2016\/05\/TARJETA-INJUV.jpg?resize=200%2C132&amp;ssl=1 200w, https:\/\/i0.wp.com\/eltrabajo.cl\/portal\/wp-content\/uploads\/2016\/05\/TARJETA-INJUV.jpg?resize=300%2C198&amp;ssl=1 300w, https:\/\/i0.wp.com\/eltrabajo.cl\/portal\/wp-content\/uploads\/2016\/05\/TARJETA-INJUV.jpg?resize=227%2C150&amp;ssl=1 227w, https:\/\/i0.wp.com\/eltrabajo.cl\/portal\/wp-content\/uploads\/2016\/05\/TARJETA-INJUV.jpg?resize=400%2C264&amp;ssl=1 400w\" sizes=\"auto, (max-width: 530px) 100vw, 530px\" \/><figcaption id=\"caption-attachment-69800\" class=\"wp-caption-text\">M\u00e1s de 150 atenciones, desarrollaron los servicios p\u00fablicos en el marco del \u00faltimo \u2018Gobierno Presente\u2019, desarrollado la multicancha del sector de El Escorial en la comuna de Panquehue.<\/figcaption><\/figure>\n<p>&nbsp;<\/p>\n","protected":false},"excerpt":{"rendered":"<p>Adem\u00e1s, aprovecharon la instancia para que Conaf regalara \u00e1rboles y se difundi\u00f3 el Constitucionario en sector Escorial. M\u00e1s de 150 atenciones, desarrollaron los servicios p\u00fablicos en el marco del \u00faltimo \u2018Gobierno Presente\u2019,&#8230;<\/p>\n","protected":false},"author":482,"featured_media":69800,"comment_status":"open","ping_status":"open","sticky":false,"template":"","format":"standard","meta":{"advanced_seo_description":"","jetpack_seo_html_title":"","jetpack_seo_noindex":false,"_jetpack_memberships_contains_paid_content":false,"footnotes":""},"categories":[15],"tags":[],"class_list":["post-69799","post","type-post","status-publish","format-standard","has-post-thumbnail","hentry","category-comunidad"],"jetpack_featured_media_url":"https:\/\/i0.wp.com\/eltrabajo.cl\/portal\/wp-content\/uploads\/2016\/05\/TARJETA-INJUV.jpg?fit=530%2C350&ssl=1","jetpack_sharing_enabled":true,"jetpack_likes_enabled":true,"jetpack-related-posts":[],"_links":{"self":[{"href":"https:\/\/eltrabajo.cl\/portal\/wp-json\/wp\/v2\/posts\/69799","targetHints":{"allow":["GET"]}}],"collection":[{"href":"https:\/\/eltrabajo.cl\/portal\/wp-json\/wp\/v2\/posts"}],"about":[{"href":"https:\/\/eltrabajo.cl\/portal\/wp-json\/wp\/v2\/types\/post"}],"author":[{"embeddable":true,"href":"https:\/\/eltrabajo.cl\/portal\/wp-json\/wp\/v2\/users\/482"}],"replies":[{"embeddable":true,"href":"https:\/\/eltrabajo.cl\/portal\/wp-json\/wp\/v2\/comments?post=69799"}],"version-history":[{"count":0,"href":"https:\/\/eltrabajo.cl\/portal\/wp-json\/wp\/v2\/posts\/69799\/revisions"}],"wp:featuredmedia":[{"embeddable":true,"href":"https:\/\/eltrabajo.cl\/portal\/wp-json\/wp\/v2\/media\/69800"}],"wp:attachment":[{"href":"https:\/\/eltrabajo.cl\/portal\/wp-json\/wp\/v2\/media?parent=69799"}],"wp:term":[{"taxonomy":"category","embeddable":true,"href":"https:\/\/eltrabajo.cl\/portal\/wp-json\/wp\/v2\/categories?post=69799"},{"taxonomy":"post_tag","embeddable":true,"href":"https:\/\/eltrabajo.cl\/portal\/wp-json\/wp\/v2\/tags?post=69799"}],"curies":[{"name":"wp","href":"https:\/\/api.w.org\/{rel}","templated":true}]}}