{"id":69802,"date":"2016-05-17T09:44:45","date_gmt":"2016-05-17T13:44:45","guid":{"rendered":"http:\/\/www.eltrabajo.cl\/portal\/?p=69802"},"modified":"2016-05-17T09:44:45","modified_gmt":"2016-05-17T13:44:45","slug":"multitudinaria-fiesta-de-la-vendimia-se-vivio-el-fin-de-semana-en-almendral","status":"publish","type":"post","link":"https:\/\/eltrabajo.cl\/portal\/multitudinaria-fiesta-de-la-vendimia-se-vivio-el-fin-de-semana-en-almendral\/","title":{"rendered":"Multitudinaria Fiesta de la Vendimia se vivi\u00f3 el fin de semana en Almendral"},"content":{"rendered":"<p>Cerca de veinte mil personas llegaron al sector de El Almendral, entre los d\u00edas s\u00e1bado y domingo, para disfrutar de la tercera versi\u00f3n de la Fiesta de la Vendimia, organizada por la municipalidad de San Felipe a trav\u00e9s de su departamento de Cultura.<br \/>\nCon trece stands de vi\u00f1as y chicher\u00edas de la zona, adem\u00e1s de una feria artesanal con m\u00e1s de cien expositores, puestos de comida y juegos infantiles, la Fiesta de la Vendimia nuevamente logr\u00f3 convocar a una gran cantidad de p\u00fablico, el cual pudo disfrutar de espect\u00e1culos de enorme calidad.<br \/>\nLa Fiesta de la Vendimia parti\u00f3 al mediod\u00eda del s\u00e1bado, registrando de inmediato una gran cantidad de p\u00fablico, que hizo caso omiso al fr\u00edo y a los chubascos leves que se dejaron caer en la tarde.<br \/>\nLa parrilla art\u00edstica de ese d\u00eda, concit\u00f3 el inter\u00e9s gracias al folclorista El Clavel, que hizo cantar y re\u00edr a los asistentes; seguido de la banda nacional Chancho en Piedra, que adem\u00e1s de presentar una apuesta musical reconocida y muy valorada por el p\u00fablico joven y adulto joven, sorprendi\u00f3 con interpretaciones de artistas extranjeros como David Bowie.<br \/>\nEl domingo en tanto, la Misa a la Chilena al mediod\u00eda, seguido en la tarde de la presentaci\u00f3n de las candidatas a reina de la vendimia que adem\u00e1s se midieron con la competencia de pisoteo de uva, ratificaron el car\u00e1cter criollo y cultural de esta fiesta; que se coron\u00f3 m\u00e1s tarde con la presentaci\u00f3n de la agrupaci\u00f3n local Warany; y el aplaudido espect\u00e1culo de Tito Fern\u00e1ndez \u2018El Temucano\u2019, quien interactu\u00f3 con el p\u00fablico, que cant\u00f3 y aplaudi\u00f3 cada uno de sus temas.<br \/>\nAl t\u00e9rmino de la fiesta, el alcalde Patricio Freire se mostr\u00f3 feliz con la respuesta del p\u00fablico que lleg\u00f3 a El Almendral para disfrutar de esta Fiesta.<br \/>\n\u201cEstamos muy contentos por la convocatoria de p\u00fablico que tuvimos en esta Fiesta de la Vendimia, que si bien se atras\u00f3 en su realizaci\u00f3n pro problemas clim\u00e1ticos, logr\u00f3 establecerse y consagrarse como uno de los eventos criollos de importancia a nivel nacional; tuvimos este a\u00f1o a artistas de renombre y por lo tanto nos sentimos muy satisfechos porque durante todo el d\u00eda, los d\u00edas s\u00e1bado y domingo, concurri\u00f3 p\u00fablico y aprovech\u00f3 esta instancia\u201d, se\u00f1al\u00f3 el alcalde Patricio Freire.<br \/>\nLa autoridad comunal asever\u00f3 que la Vendimia es una tradici\u00f3n en Aconcagua que si bien se perdi\u00f3 por largos a\u00f1os, en el marco de su administraci\u00f3n municipal fue recuperada, con el amplio apoyo de la comunidad, lo que se ve ratificado con la gran concurrencia de p\u00fablico.<br \/>\nEl alcalde Freire se\u00f1al\u00f3, que una vez finalizada la fiesta de inmediato el municipio dispuso que un equipo de aseo, para iniciar las labores de limpieza en el sector donde se realiz\u00f3 este evento, trabajo que concluy\u00f3 en la jornada de este lunes.<\/p>\n<figure id=\"attachment_69805\" aria-describedby=\"caption-attachment-69805\" style=\"width: 530px\" class=\"wp-caption alignnone\"><img data-recalc-dims=\"1\" loading=\"lazy\" decoding=\"async\" class=\"wp-image-69805 size-full\" src=\"https:\/\/i0.wp.com\/www.eltrabajo.cl\/portal\/wp-content\/uploads\/2016\/05\/Fiesta-de-la-Vendimia-1.jpg?resize=530%2C350\" alt=\"Cerca de veinte mil personas llegaron al sector de El Almendral, entre los d\u00edas s\u00e1bado y domingo, para disfrutar de la tercera versi\u00f3n de la Fiesta de la Vendimia.\" width=\"530\" height=\"350\" srcset=\"https:\/\/i0.wp.com\/eltrabajo.cl\/portal\/wp-content\/uploads\/2016\/05\/Fiesta-de-la-Vendimia-1.jpg?w=530&amp;ssl=1 530w, https:\/\/i0.wp.com\/eltrabajo.cl\/portal\/wp-content\/uploads\/2016\/05\/Fiesta-de-la-Vendimia-1.jpg?resize=200%2C132&amp;ssl=1 200w, https:\/\/i0.wp.com\/eltrabajo.cl\/portal\/wp-content\/uploads\/2016\/05\/Fiesta-de-la-Vendimia-1.jpg?resize=300%2C198&amp;ssl=1 300w, https:\/\/i0.wp.com\/eltrabajo.cl\/portal\/wp-content\/uploads\/2016\/05\/Fiesta-de-la-Vendimia-1.jpg?resize=227%2C150&amp;ssl=1 227w, https:\/\/i0.wp.com\/eltrabajo.cl\/portal\/wp-content\/uploads\/2016\/05\/Fiesta-de-la-Vendimia-1.jpg?resize=400%2C264&amp;ssl=1 400w\" sizes=\"auto, (max-width: 530px) 100vw, 530px\" \/><figcaption id=\"caption-attachment-69805\" class=\"wp-caption-text\">Cerca de veinte mil personas llegaron al sector de El Almendral, entre los d\u00edas s\u00e1bado y domingo, para disfrutar de la tercera versi\u00f3n de la Fiesta de la Vendimia.<\/figcaption><\/figure>\n<figure id=\"attachment_69803\" aria-describedby=\"caption-attachment-69803\" style=\"width: 530px\" class=\"wp-caption alignnone\"><img data-recalc-dims=\"1\" loading=\"lazy\" decoding=\"async\" class=\"wp-image-69803 size-full\" src=\"https:\/\/i0.wp.com\/www.eltrabajo.cl\/portal\/wp-content\/uploads\/2016\/05\/Chancho-enPiedra.jpg?resize=530%2C348\" alt=\"La banda nacional Chancho en Piedra, que adem\u00e1s de presentar una apuesta musical reconocida y muy valorada por el p\u00fablico joven, sorprendi\u00f3 con interpretaciones de artistas extranjeros como David Bowie.\" width=\"530\" height=\"348\" srcset=\"https:\/\/i0.wp.com\/eltrabajo.cl\/portal\/wp-content\/uploads\/2016\/05\/Chancho-enPiedra.jpg?w=530&amp;ssl=1 530w, https:\/\/i0.wp.com\/eltrabajo.cl\/portal\/wp-content\/uploads\/2016\/05\/Chancho-enPiedra.jpg?resize=200%2C131&amp;ssl=1 200w, https:\/\/i0.wp.com\/eltrabajo.cl\/portal\/wp-content\/uploads\/2016\/05\/Chancho-enPiedra.jpg?resize=300%2C197&amp;ssl=1 300w, https:\/\/i0.wp.com\/eltrabajo.cl\/portal\/wp-content\/uploads\/2016\/05\/Chancho-enPiedra.jpg?resize=228%2C150&amp;ssl=1 228w, https:\/\/i0.wp.com\/eltrabajo.cl\/portal\/wp-content\/uploads\/2016\/05\/Chancho-enPiedra.jpg?resize=400%2C263&amp;ssl=1 400w\" sizes=\"auto, (max-width: 530px) 100vw, 530px\" \/><figcaption id=\"caption-attachment-69803\" class=\"wp-caption-text\">La banda nacional Chancho en Piedra, que adem\u00e1s de presentar una apuesta musical reconocida y muy valorada por el p\u00fablico joven, sorprendi\u00f3 con interpretaciones de artistas extranjeros como David Bowie.<\/figcaption><\/figure>\n<figure id=\"attachment_69804\" aria-describedby=\"caption-attachment-69804\" style=\"width: 530px\" class=\"wp-caption alignnone\"><img data-recalc-dims=\"1\" loading=\"lazy\" decoding=\"async\" class=\"wp-image-69804 size-full\" src=\"https:\/\/i0.wp.com\/www.eltrabajo.cl\/portal\/wp-content\/uploads\/2016\/05\/Misa-a-la-Chilena.jpg?resize=530%2C348\" alt=\"El d\u00eda domingo, se inici\u00f3 con una \u2018Misa a la Chilena\u2019 en la iglesia San Antonio de Padua en El Almendral.\" width=\"530\" height=\"348\" srcset=\"https:\/\/i0.wp.com\/eltrabajo.cl\/portal\/wp-content\/uploads\/2016\/05\/Misa-a-la-Chilena.jpg?w=530&amp;ssl=1 530w, https:\/\/i0.wp.com\/eltrabajo.cl\/portal\/wp-content\/uploads\/2016\/05\/Misa-a-la-Chilena.jpg?resize=200%2C131&amp;ssl=1 200w, https:\/\/i0.wp.com\/eltrabajo.cl\/portal\/wp-content\/uploads\/2016\/05\/Misa-a-la-Chilena.jpg?resize=300%2C197&amp;ssl=1 300w, https:\/\/i0.wp.com\/eltrabajo.cl\/portal\/wp-content\/uploads\/2016\/05\/Misa-a-la-Chilena.jpg?resize=228%2C150&amp;ssl=1 228w, https:\/\/i0.wp.com\/eltrabajo.cl\/portal\/wp-content\/uploads\/2016\/05\/Misa-a-la-Chilena.jpg?resize=400%2C263&amp;ssl=1 400w\" sizes=\"auto, (max-width: 530px) 100vw, 530px\" \/><figcaption id=\"caption-attachment-69804\" class=\"wp-caption-text\">El d\u00eda domingo, se inici\u00f3 con una \u2018Misa a la Chilena\u2019 en la iglesia San Antonio de Padua en El Almendral.<\/figcaption><\/figure>\n<figure id=\"attachment_69806\" aria-describedby=\"caption-attachment-69806\" style=\"width: 530px\" class=\"wp-caption alignnone\"><img data-recalc-dims=\"1\" loading=\"lazy\" decoding=\"async\" class=\"wp-image-69806 size-full\" src=\"https:\/\/i0.wp.com\/www.eltrabajo.cl\/portal\/wp-content\/uploads\/2016\/05\/El-Clavel.jpg?resize=530%2C348\" alt=\"Folclorista \u2018El Clavel\u2019 hizo cantar y re\u00edr a los asistentes.\" width=\"530\" height=\"348\" srcset=\"https:\/\/i0.wp.com\/eltrabajo.cl\/portal\/wp-content\/uploads\/2016\/05\/El-Clavel.jpg?w=530&amp;ssl=1 530w, https:\/\/i0.wp.com\/eltrabajo.cl\/portal\/wp-content\/uploads\/2016\/05\/El-Clavel.jpg?resize=200%2C131&amp;ssl=1 200w, https:\/\/i0.wp.com\/eltrabajo.cl\/portal\/wp-content\/uploads\/2016\/05\/El-Clavel.jpg?resize=300%2C197&amp;ssl=1 300w, https:\/\/i0.wp.com\/eltrabajo.cl\/portal\/wp-content\/uploads\/2016\/05\/El-Clavel.jpg?resize=228%2C150&amp;ssl=1 228w, https:\/\/i0.wp.com\/eltrabajo.cl\/portal\/wp-content\/uploads\/2016\/05\/El-Clavel.jpg?resize=400%2C263&amp;ssl=1 400w\" sizes=\"auto, (max-width: 530px) 100vw, 530px\" \/><figcaption id=\"caption-attachment-69806\" class=\"wp-caption-text\">Folclorista \u2018El Clavel\u2019 hizo cantar y re\u00edr a los asistentes.<\/figcaption><\/figure>\n<figure id=\"attachment_69807\" aria-describedby=\"caption-attachment-69807\" style=\"width: 530px\" class=\"wp-caption alignnone\"><img data-recalc-dims=\"1\" loading=\"lazy\" decoding=\"async\" class=\"wp-image-69807 size-full\" src=\"https:\/\/i0.wp.com\/www.eltrabajo.cl\/portal\/wp-content\/uploads\/2016\/05\/Tito-Fernandez.jpg?resize=530%2C348\" alt=\"Tito Fern\u00e1ndez \u201cEl Temucano\u201d, quien interactu\u00f3 con el p\u00fablico, que cant\u00f3 y aplaudi\u00f3 cada uno de sus temas.\" width=\"530\" height=\"348\" srcset=\"https:\/\/i0.wp.com\/eltrabajo.cl\/portal\/wp-content\/uploads\/2016\/05\/Tito-Fernandez.jpg?w=530&amp;ssl=1 530w, https:\/\/i0.wp.com\/eltrabajo.cl\/portal\/wp-content\/uploads\/2016\/05\/Tito-Fernandez.jpg?resize=200%2C131&amp;ssl=1 200w, https:\/\/i0.wp.com\/eltrabajo.cl\/portal\/wp-content\/uploads\/2016\/05\/Tito-Fernandez.jpg?resize=300%2C197&amp;ssl=1 300w, https:\/\/i0.wp.com\/eltrabajo.cl\/portal\/wp-content\/uploads\/2016\/05\/Tito-Fernandez.jpg?resize=228%2C150&amp;ssl=1 228w, https:\/\/i0.wp.com\/eltrabajo.cl\/portal\/wp-content\/uploads\/2016\/05\/Tito-Fernandez.jpg?resize=400%2C263&amp;ssl=1 400w\" sizes=\"auto, (max-width: 530px) 100vw, 530px\" \/><figcaption id=\"caption-attachment-69807\" class=\"wp-caption-text\">Tito Fern\u00e1ndez \u201cEl Temucano\u201d, quien interactu\u00f3 con el p\u00fablico, que cant\u00f3 y aplaudi\u00f3 cada uno de sus temas.<\/figcaption><\/figure>\n","protected":false},"excerpt":{"rendered":"<p>Cerca de veinte mil personas llegaron al sector de El Almendral, entre los d\u00edas s\u00e1bado y domingo, para disfrutar de la tercera versi\u00f3n de la Fiesta de la Vendimia, organizada por la&#8230;<\/p>\n","protected":false},"author":482,"featured_media":69805,"comment_status":"open","ping_status":"open","sticky":false,"template":"","format":"standard","meta":{"advanced_seo_description":"","jetpack_seo_html_title":"","jetpack_seo_noindex":false,"_jetpack_memberships_contains_paid_content":false,"footnotes":""},"categories":[15],"tags":[],"class_list":["post-69802","post","type-post","status-publish","format-standard","has-post-thumbnail","hentry","category-comunidad"],"jetpack_featured_media_url":"https:\/\/i0.wp.com\/eltrabajo.cl\/portal\/wp-content\/uploads\/2016\/05\/Fiesta-de-la-Vendimia-1.jpg?fit=530%2C350&ssl=1","jetpack_sharing_enabled":true,"jetpack_likes_enabled":true,"jetpack-related-posts":[],"_links":{"self":[{"href":"https:\/\/eltrabajo.cl\/portal\/wp-json\/wp\/v2\/posts\/69802","targetHints":{"allow":["GET"]}}],"collection":[{"href":"https:\/\/eltrabajo.cl\/portal\/wp-json\/wp\/v2\/posts"}],"about":[{"href":"https:\/\/eltrabajo.cl\/portal\/wp-json\/wp\/v2\/types\/post"}],"author":[{"embeddable":true,"href":"https:\/\/eltrabajo.cl\/portal\/wp-json\/wp\/v2\/users\/482"}],"replies":[{"embeddable":true,"href":"https:\/\/eltrabajo.cl\/portal\/wp-json\/wp\/v2\/comments?post=69802"}],"version-history":[{"count":0,"href":"https:\/\/eltrabajo.cl\/portal\/wp-json\/wp\/v2\/posts\/69802\/revisions"}],"wp:featuredmedia":[{"embeddable":true,"href":"https:\/\/eltrabajo.cl\/portal\/wp-json\/wp\/v2\/media\/69805"}],"wp:attachment":[{"href":"https:\/\/eltrabajo.cl\/portal\/wp-json\/wp\/v2\/media?parent=69802"}],"wp:term":[{"taxonomy":"category","embeddable":true,"href":"https:\/\/eltrabajo.cl\/portal\/wp-json\/wp\/v2\/categories?post=69802"},{"taxonomy":"post_tag","embeddable":true,"href":"https:\/\/eltrabajo.cl\/portal\/wp-json\/wp\/v2\/tags?post=69802"}],"curies":[{"name":"wp","href":"https:\/\/api.w.org\/{rel}","templated":true}]}}