{"id":69809,"date":"2016-05-17T09:46:26","date_gmt":"2016-05-17T13:46:26","guid":{"rendered":"http:\/\/www.eltrabajo.cl\/portal\/?p=69809"},"modified":"2016-05-17T09:46:26","modified_gmt":"2016-05-17T13:46:26","slug":"jornada-de-actividad-fisica-reune-hoy-a-escolares-sanfelipenos-en-el-estadio-municipal","status":"publish","type":"post","link":"https:\/\/eltrabajo.cl\/portal\/jornada-de-actividad-fisica-reune-hoy-a-escolares-sanfelipenos-en-el-estadio-municipal\/","title":{"rendered":"Jornada de actividad f\u00edsica, re\u00fane hoy a escolares sanfelipe\u00f1os en el Estadio Municipal"},"content":{"rendered":"<figure id=\"attachment_69810\" aria-describedby=\"caption-attachment-69810\" style=\"width: 300px\" class=\"wp-caption alignleft\"><img data-recalc-dims=\"1\" loading=\"lazy\" decoding=\"async\" class=\"wp-image-69810 size-medium\" src=\"https:\/\/i0.wp.com\/www.eltrabajo.cl\/portal\/wp-content\/uploads\/2016\/05\/danilo-pe%C3%B1a-300x198.jpg?resize=300%2C198\" alt=\"Danilo Pe\u00f1a, Encargado del Departamento de Deportes y Actividad F\u00edsica de la Municipalidad de San Felipe\" width=\"300\" height=\"198\" srcset=\"https:\/\/i0.wp.com\/eltrabajo.cl\/portal\/wp-content\/uploads\/2016\/05\/danilo-pe%C3%B1a.jpg?resize=300%2C198&amp;ssl=1 300w, https:\/\/i0.wp.com\/eltrabajo.cl\/portal\/wp-content\/uploads\/2016\/05\/danilo-pe%C3%B1a.jpg?resize=200%2C132&amp;ssl=1 200w, https:\/\/i0.wp.com\/eltrabajo.cl\/portal\/wp-content\/uploads\/2016\/05\/danilo-pe%C3%B1a.jpg?resize=228%2C150&amp;ssl=1 228w, https:\/\/i0.wp.com\/eltrabajo.cl\/portal\/wp-content\/uploads\/2016\/05\/danilo-pe%C3%B1a.jpg?resize=400%2C263&amp;ssl=1 400w, https:\/\/i0.wp.com\/eltrabajo.cl\/portal\/wp-content\/uploads\/2016\/05\/danilo-pe%C3%B1a.jpg?w=530&amp;ssl=1 530w\" sizes=\"auto, (max-width: 300px) 100vw, 300px\" \/><figcaption id=\"caption-attachment-69810\" class=\"wp-caption-text\">Danilo Pe\u00f1a, Encargado del Departamento de Deportes y Actividad F\u00edsica de la Municipalidad de San Felipe<\/figcaption><\/figure>\n<ul>\n<li><strong>Actividad es organizada por el Departamento de Deportes del municipio sanfelipe\u00f1o y contar\u00e1 con la presencia de profesionales del Instituto Nacional de Deportes, IND.<\/strong><\/li>\n<\/ul>\n<p>Un equipo multidisciplinario de instructores deportivos y profesores de Educaci\u00f3n F\u00edsica del Instituto Nacional de Deportes, IND, se dar\u00e1 cita hoy en el Estadio Municipal de San Felipe, desde las 10.30 de la ma\u00f1ana y hasta las 12.30 horas, para dar vida a un encuentro masivo de escolares de los distintos establecimientos educacionales municipalizados y subvencionados de la comuna.<br \/>\nLa cita espera reunir a m\u00e1s de 300 ni\u00f1os, que se encuentran cursando entre k\u00ednder y sexto a\u00f1o b\u00e1sico en las distintas escuelas y liceos. Seg\u00fan Danilo Pe\u00f1a, encargado del Departamento de Deportes y Actividad F\u00edsica del municipio sanfelipe\u00f1o, el evento, ha tenido una excelente acogida por parte de los establecimientos educacionales convocados a la actividad.<br \/>\n\u201cFelicitamos a los directores, quienes han accedido a que los chicos puedan complementar sus asignaturas electivas con actividades deportivas y recreativas, vamos a tener un lindo evento. Es muy similar a lo que realizamos el a\u00f1o pasado cuando se hizo la muestra de los distintos liceos y escuelas, en el que habr\u00e1 multideportes, animaciones, premios y donde los ni\u00f1os y ni\u00f1as tendr\u00e1n a disposici\u00f3n baile, etc.\u201d, detall\u00f3 Pe\u00f1a.<br \/>\nDe acuerdo a lo manifestado por el personero municipal, esta actividad recreativa, tiene un car\u00e1cter masivo, con el objetivo que los distintos grupos que se conformen, puedan disfrutar de una iniciativa que apunta a estimular la realizaci\u00f3n de actividades deportivas y recreativas en el alumnado.<\/p>\n<p><strong>Clasificatorios<\/strong><br \/>\nTambi\u00e9n comenzar\u00e1 a desarrollarse hoy en el Gimnasio Samuel Tapia Guerrero (ex Sala M\u00faltiple), el selectivo de v\u00f3leibol que definir\u00e1 a los 2 equipos que representar\u00e1n a San Felipe en el pr\u00f3ximo campeonato regional de la disciplina.<br \/>\nEl certamen se extender\u00e1 hasta el pr\u00f3ximo jueves y en \u00e9l, participar\u00e1n los equipos de El Liceo Bicentenario Cordillera, Jos\u00e9 de San Mart\u00edn, Uni\u00f3n V\u00f3ley y San Felipe V\u00f3ley, los cuales, buscar\u00e1n meterse en la instancia regional, para luego luchar por uno de los cupos a los Juegos Binacionales de Integraci\u00f3n Andina.<br \/>\nAdem\u00e1s entre el jueves y el viernes, est\u00e1 estipulado que se ejecuten las semifinales y la final de los juegos deportivos escolares del f\u00fatbol masculino. Ambas instancias, debieran jugarse en el Estadio Municipal, aunque si existen precipitaciones, las semifinales se efectuar\u00e1n en el Estadio Fiscal. Cabe destacar que en el f\u00fatbol femenino ya est\u00e1 clasificado a la etapa Provincial, el equipo de Liceo Mixto.<br \/>\nNueva Actividad recreativa<br \/>\nFinalmente, en el marco del proyecto \u2018Comunidades Saludables para todas y todos\u2019, planificado por la oficina municipal de Desarrollo de Proyectos Sociales, la Mesa de Promoci\u00f3n de la Salud y el Departamento de Deportes, el pr\u00f3ximo s\u00e1bado 21 de mayo, en la localidad de Bellavista, se llevar\u00e1 a cabo la primera etapa de esta iniciativa, en la que Pe\u00f1a, dej\u00f3 abierta la invitaci\u00f3n para toda la comunidad, anticipando que durante la jornada se efectuar\u00e1 una cicletada, zumba y gimnasia funcional.<\/p>\n","protected":false},"excerpt":{"rendered":"<p>Actividad es organizada por el Departamento de Deportes del municipio sanfelipe\u00f1o y contar\u00e1 con la presencia de profesionales del Instituto Nacional de Deportes, IND. Un equipo multidisciplinario de instructores deportivos y profesores&#8230;<\/p>\n","protected":false},"author":482,"featured_media":69810,"comment_status":"open","ping_status":"open","sticky":false,"template":"","format":"standard","meta":{"advanced_seo_description":"","jetpack_seo_html_title":"","jetpack_seo_noindex":false,"_jetpack_memberships_contains_paid_content":false,"footnotes":""},"categories":[1],"tags":[],"class_list":["post-69809","post","type-post","status-publish","format-standard","has-post-thumbnail","hentry","category-cronica"],"jetpack_featured_media_url":"https:\/\/i0.wp.com\/eltrabajo.cl\/portal\/wp-content\/uploads\/2016\/05\/danilo-pe%C3%B1a.jpg?fit=530%2C349&ssl=1","jetpack_sharing_enabled":true,"jetpack_likes_enabled":true,"jetpack-related-posts":[],"_links":{"self":[{"href":"https:\/\/eltrabajo.cl\/portal\/wp-json\/wp\/v2\/posts\/69809","targetHints":{"allow":["GET"]}}],"collection":[{"href":"https:\/\/eltrabajo.cl\/portal\/wp-json\/wp\/v2\/posts"}],"about":[{"href":"https:\/\/eltrabajo.cl\/portal\/wp-json\/wp\/v2\/types\/post"}],"author":[{"embeddable":true,"href":"https:\/\/eltrabajo.cl\/portal\/wp-json\/wp\/v2\/users\/482"}],"replies":[{"embeddable":true,"href":"https:\/\/eltrabajo.cl\/portal\/wp-json\/wp\/v2\/comments?post=69809"}],"version-history":[{"count":0,"href":"https:\/\/eltrabajo.cl\/portal\/wp-json\/wp\/v2\/posts\/69809\/revisions"}],"wp:featuredmedia":[{"embeddable":true,"href":"https:\/\/eltrabajo.cl\/portal\/wp-json\/wp\/v2\/media\/69810"}],"wp:attachment":[{"href":"https:\/\/eltrabajo.cl\/portal\/wp-json\/wp\/v2\/media?parent=69809"}],"wp:term":[{"taxonomy":"category","embeddable":true,"href":"https:\/\/eltrabajo.cl\/portal\/wp-json\/wp\/v2\/categories?post=69809"},{"taxonomy":"post_tag","embeddable":true,"href":"https:\/\/eltrabajo.cl\/portal\/wp-json\/wp\/v2\/tags?post=69809"}],"curies":[{"name":"wp","href":"https:\/\/api.w.org\/{rel}","templated":true}]}}