{"id":69812,"date":"2016-05-17T09:49:12","date_gmt":"2016-05-17T13:49:12","guid":{"rendered":"http:\/\/www.eltrabajo.cl\/portal\/?p=69812"},"modified":"2016-05-17T09:49:12","modified_gmt":"2016-05-17T13:49:12","slug":"empresa-de-parquimetros-mantiene-su-tarifa-en-392-pesos-cada-20-minutos","status":"publish","type":"post","link":"https:\/\/eltrabajo.cl\/portal\/empresa-de-parquimetros-mantiene-su-tarifa-en-392-pesos-cada-20-minutos\/","title":{"rendered":"Empresa de parqu\u00edmetros mantiene su tarifa en 392 pesos cada 20 minutos"},"content":{"rendered":"<figure id=\"attachment_69813\" aria-describedby=\"caption-attachment-69813\" style=\"width: 300px\" class=\"wp-caption alignleft\"><img data-recalc-dims=\"1\" loading=\"lazy\" decoding=\"async\" class=\"wp-image-69813 size-medium\" src=\"https:\/\/i0.wp.com\/www.eltrabajo.cl\/portal\/wp-content\/uploads\/2016\/05\/cecilia-parquimetros-300x198.jpg?resize=300%2C198\" alt=\"Cecilia Rubio, Presidente Comit\u00e9 Paritario Trabajadores Parqu\u00edmetros.\" width=\"300\" height=\"198\" srcset=\"https:\/\/i0.wp.com\/eltrabajo.cl\/portal\/wp-content\/uploads\/2016\/05\/cecilia-parquimetros.jpg?resize=300%2C198&amp;ssl=1 300w, https:\/\/i0.wp.com\/eltrabajo.cl\/portal\/wp-content\/uploads\/2016\/05\/cecilia-parquimetros.jpg?resize=200%2C132&amp;ssl=1 200w, https:\/\/i0.wp.com\/eltrabajo.cl\/portal\/wp-content\/uploads\/2016\/05\/cecilia-parquimetros.jpg?resize=228%2C150&amp;ssl=1 228w, https:\/\/i0.wp.com\/eltrabajo.cl\/portal\/wp-content\/uploads\/2016\/05\/cecilia-parquimetros.jpg?resize=400%2C263&amp;ssl=1 400w, https:\/\/i0.wp.com\/eltrabajo.cl\/portal\/wp-content\/uploads\/2016\/05\/cecilia-parquimetros.jpg?w=530&amp;ssl=1 530w\" sizes=\"auto, (max-width: 300px) 100vw, 300px\" \/><figcaption id=\"caption-attachment-69813\" class=\"wp-caption-text\">Cecilia Rubio, Presidente Comit\u00e9 Paritario Trabajadores Parqu\u00edmetros.<\/figcaption><\/figure>\n<ul>\n<li><strong>Ejecutivos de la empresa insisten en que los precios se mantienen.<\/strong><\/li>\n<\/ul>\n<p><strong>LOS ANDES<\/strong>.- La empresa concesionaria del servicio de parqu\u00edmetros mantendr\u00e1 las tarifas inalterables, pese a los anuncios formulados por el alcalde Mauricio Navarro en cuanto a que deber\u00edan bajar tras la aplicaci\u00f3n de un decreto municipal que lo ordena.<br \/>\nAs\u00ed lo inform\u00f3 la gerente de la sucursal Los Andes de la empresa concesionaria de parqu\u00edmetros, Marcela Carrasco, quien indic\u00f3 que actualmente se cobra $ 392 cada veinte minutos de aparcamiento, cobro que la ejecutiva dijo que se sigue aplicando a los usuarios, \u201cporque la medida aplicada por el alcalde fue totalmente unilateral y ni siquiera se nos llam\u00f3 a conversar para llegar a un acuerdo. Nosotros seguimos trabajando exactamente igual a pesar de no tener los letreros. La gente se ha portado bastante bien, pues son los menos los usuarios con los que hemos tenido problemas\u201d, a\u00f1adi\u00f3.<br \/>\nManifest\u00f3 que la gente ha seguido pagando la tarifa vigente para no incurrir en problemas como el a\u00f1o pasado, donde ante el llamado del municipio a no pagar, despu\u00e9s se vieron con deudas, \u201cpues si no pagan esto queda en los registros y estamos en un a\u00f1o electoral y si no sale este mismo alcalde las deudas van a permanecer igual en el sistema\u201d.<\/p>\n<figure id=\"attachment_69814\" aria-describedby=\"caption-attachment-69814\" style=\"width: 300px\" class=\"wp-caption alignright\"><img data-recalc-dims=\"1\" loading=\"lazy\" decoding=\"async\" class=\"wp-image-69814 size-medium\" src=\"https:\/\/i0.wp.com\/www.eltrabajo.cl\/portal\/wp-content\/uploads\/2016\/05\/gerente-parquimetros-300x198.jpg?resize=300%2C198\" alt=\"Marcela Carrasco, gerente sucursal Los Andes empresa parqu\u00edmetros.\" width=\"300\" height=\"198\" srcset=\"https:\/\/i0.wp.com\/eltrabajo.cl\/portal\/wp-content\/uploads\/2016\/05\/gerente-parquimetros.jpg?resize=300%2C198&amp;ssl=1 300w, https:\/\/i0.wp.com\/eltrabajo.cl\/portal\/wp-content\/uploads\/2016\/05\/gerente-parquimetros.jpg?resize=200%2C132&amp;ssl=1 200w, https:\/\/i0.wp.com\/eltrabajo.cl\/portal\/wp-content\/uploads\/2016\/05\/gerente-parquimetros.jpg?resize=228%2C150&amp;ssl=1 228w, https:\/\/i0.wp.com\/eltrabajo.cl\/portal\/wp-content\/uploads\/2016\/05\/gerente-parquimetros.jpg?resize=400%2C263&amp;ssl=1 400w, https:\/\/i0.wp.com\/eltrabajo.cl\/portal\/wp-content\/uploads\/2016\/05\/gerente-parquimetros.jpg?w=530&amp;ssl=1 530w\" sizes=\"auto, (max-width: 300px) 100vw, 300px\" \/><figcaption id=\"caption-attachment-69814\" class=\"wp-caption-text\">Marcela Carrasco, gerente sucursal Los Andes empresa parqu\u00edmetros.<\/figcaption><\/figure>\n<p>La ejecutiva reconoci\u00f3 que los ha afectado un poco en cuanto a que los usuarios quieren pagar los $ 700 pesos que dijo el alcalde y no la tarifa establecida por contrato.<br \/>\nAsimismo, desminti\u00f3 de forma tajante que los dineros no pagados por los usuarios son descontados de los sueldos de los operadores.<\/p>\n<p><strong>BUEN TRATO<\/strong><br \/>\nPor su parte Cecilia Rubio, Presidente del Comit\u00e9 Paritario de los Trabajadores de la empresa de Parqu\u00edmetros, dijo que ellos como trabajadores est\u00e1n ajenos al conflicto que tiene el municipio con la empresa, \u201cy lo \u00fanico que nosotros estamos pidiendo es que no nos insulten por los cobros, porque no somos los culpables del tiempo que la gente se estaciona y nuestro trabajo es cobrar, pero si alguien no quiere pagar solo debe decirlo, con eso es m\u00e1s que suficiente y no necesitamos que nos atropellen, golpeen o que nos insulten\u201d.<br \/>\nSe quej\u00f3 que a ra\u00edz de esta situaci\u00f3n muchos trabajadores han sido agredidos por los usuarios, tanto f\u00edsica como verbalmente, \u201clo que es injusto porque todos trabajamos por un sueldo y con que nos digan que no pagar\u00e1n es suficiente\u201d.<\/p>\n","protected":false},"excerpt":{"rendered":"<p>Ejecutivos de la empresa insisten en que los precios se mantienen. LOS ANDES.- La empresa concesionaria del servicio de parqu\u00edmetros mantendr\u00e1 las tarifas inalterables, pese a los anuncios formulados por el alcalde&#8230;<\/p>\n","protected":false},"author":482,"featured_media":69813,"comment_status":"open","ping_status":"open","sticky":false,"template":"","format":"standard","meta":{"advanced_seo_description":"","jetpack_seo_html_title":"","jetpack_seo_noindex":false,"_jetpack_memberships_contains_paid_content":false,"footnotes":""},"categories":[1],"tags":[],"class_list":["post-69812","post","type-post","status-publish","format-standard","has-post-thumbnail","hentry","category-cronica"],"jetpack_featured_media_url":"https:\/\/i0.wp.com\/eltrabajo.cl\/portal\/wp-content\/uploads\/2016\/05\/cecilia-parquimetros.jpg?fit=530%2C349&ssl=1","jetpack_sharing_enabled":true,"jetpack_likes_enabled":true,"jetpack-related-posts":[],"_links":{"self":[{"href":"https:\/\/eltrabajo.cl\/portal\/wp-json\/wp\/v2\/posts\/69812","targetHints":{"allow":["GET"]}}],"collection":[{"href":"https:\/\/eltrabajo.cl\/portal\/wp-json\/wp\/v2\/posts"}],"about":[{"href":"https:\/\/eltrabajo.cl\/portal\/wp-json\/wp\/v2\/types\/post"}],"author":[{"embeddable":true,"href":"https:\/\/eltrabajo.cl\/portal\/wp-json\/wp\/v2\/users\/482"}],"replies":[{"embeddable":true,"href":"https:\/\/eltrabajo.cl\/portal\/wp-json\/wp\/v2\/comments?post=69812"}],"version-history":[{"count":0,"href":"https:\/\/eltrabajo.cl\/portal\/wp-json\/wp\/v2\/posts\/69812\/revisions"}],"wp:featuredmedia":[{"embeddable":true,"href":"https:\/\/eltrabajo.cl\/portal\/wp-json\/wp\/v2\/media\/69813"}],"wp:attachment":[{"href":"https:\/\/eltrabajo.cl\/portal\/wp-json\/wp\/v2\/media?parent=69812"}],"wp:term":[{"taxonomy":"category","embeddable":true,"href":"https:\/\/eltrabajo.cl\/portal\/wp-json\/wp\/v2\/categories?post=69812"},{"taxonomy":"post_tag","embeddable":true,"href":"https:\/\/eltrabajo.cl\/portal\/wp-json\/wp\/v2\/tags?post=69812"}],"curies":[{"name":"wp","href":"https:\/\/api.w.org\/{rel}","templated":true}]}}