{"id":69816,"date":"2016-05-17T09:54:45","date_gmt":"2016-05-17T13:54:45","guid":{"rendered":"http:\/\/www.eltrabajo.cl\/portal\/?p=69816"},"modified":"2016-05-17T09:54:45","modified_gmt":"2016-05-17T13:54:45","slug":"destruyen-kiosco-de-fiel-suplementera-de-diario-el-trabajo","status":"publish","type":"post","link":"https:\/\/eltrabajo.cl\/portal\/destruyen-kiosco-de-fiel-suplementera-de-diario-el-trabajo\/","title":{"rendered":"Destruyen kiosco de fiel suplementera de Diario El Trabajo"},"content":{"rendered":"<p>La ola de robos que azota en toda nuestra comuna, pero especialmente en la ciudad, simplemente no tiene comparaci\u00f3n, ya que durante el pasado fin de semana el hampa hizo de las suyas en el peque\u00f1o kiosco de una sanfelipe\u00f1a, destruyendo inmueble y robando lo que se pudiera.<br \/>\nEsta jornada de robos afect\u00f3 directamente la suplementera de Diario El Trabajo en el kiosco La Joyita, ubicado en la \u2018Esquina Colorada\u2019, en donde su due\u00f1a, do\u00f1a \u00darsula Pizarro, vende el peri\u00f3dico de m\u00e1s venta en Aconcagua desde hace dos a\u00f1os.<br \/>\n\u00abNo es justo. Tengo dos hijos en la universidad, cuesta mucho sacarse la m\u2026 por ellos, trabajar de sol a sol para que estos sinverg\u00fcenzas vengan a destruir mi kiosco, porque de robar ni robaron, pero s\u00ed destruyeron una ventana de vidrio, reparar esta vitrina me costar\u00e1 m\u00e1s de 300.000 pesos, porque hay que desarmar y volver soldar\u00bb, dijo la suplementera.<br \/>\nDiario El Trabajo visit\u00f3 el lugar para tomar registro de los da\u00f1os, \u00abyo lo que le pido al Municipio es que me autorice para ampliar mi kiosco y as\u00ed poder cerrar, pero a\u00fan no tengo respuesta, si tengo que pagar m\u00e1s pues pago, lo que quiero es que alguna autoridad me escuche y me ayude a salir adelante, no estoy pidiendo algo regalado\u00bb, asegur\u00f3 la comerciante.<br \/>\nSeg\u00fan lo observado, la placa met\u00e1lica que cubre la vitrina principal de este kiosco fue removida con alguna barra de metal, luego destruyeron la ventana pero nada robaron, lo que genera preocupaci\u00f3n entre los due\u00f1os de kioscos en nuestra comuna.<br \/>\n<strong>Roberto Gonz\u00e1lez Short<\/strong><br \/>\n<strong>rgonzalez@eltrabajo.cl<\/strong><\/p>\n<figure id=\"attachment_69817\" aria-describedby=\"caption-attachment-69817\" style=\"width: 530px\" class=\"wp-caption alignnone\"><img data-recalc-dims=\"1\" loading=\"lazy\" decoding=\"async\" class=\"wp-image-69817 size-full\" src=\"https:\/\/i0.wp.com\/www.eltrabajo.cl\/portal\/wp-content\/uploads\/2016\/05\/Ursula-Pizarro.jpg?resize=530%2C350\" alt=\"COMERCIANTE AFECTADA.- Do\u00f1a \u00darsula Pizarro es una fiel suplementera de Diario El Trabajo, a quien le da\u00f1aron su kiosco durante el pasado fin de semana.\" width=\"530\" height=\"350\" srcset=\"https:\/\/i0.wp.com\/eltrabajo.cl\/portal\/wp-content\/uploads\/2016\/05\/Ursula-Pizarro.jpg?w=530&amp;ssl=1 530w, https:\/\/i0.wp.com\/eltrabajo.cl\/portal\/wp-content\/uploads\/2016\/05\/Ursula-Pizarro.jpg?resize=200%2C132&amp;ssl=1 200w, https:\/\/i0.wp.com\/eltrabajo.cl\/portal\/wp-content\/uploads\/2016\/05\/Ursula-Pizarro.jpg?resize=300%2C198&amp;ssl=1 300w, https:\/\/i0.wp.com\/eltrabajo.cl\/portal\/wp-content\/uploads\/2016\/05\/Ursula-Pizarro.jpg?resize=227%2C150&amp;ssl=1 227w, https:\/\/i0.wp.com\/eltrabajo.cl\/portal\/wp-content\/uploads\/2016\/05\/Ursula-Pizarro.jpg?resize=400%2C264&amp;ssl=1 400w\" sizes=\"auto, (max-width: 530px) 100vw, 530px\" \/><figcaption id=\"caption-attachment-69817\" class=\"wp-caption-text\">COMERCIANTE AFECTADA.- Do\u00f1a \u00darsula Pizarro es una fiel suplementera de Diario El Trabajo, a quien le da\u00f1aron su kiosco durante el pasado fin de semana.<\/figcaption><\/figure>\n<p>&nbsp;<\/p>\n<figure id=\"attachment_69819\" aria-describedby=\"caption-attachment-69819\" style=\"width: 530px\" class=\"wp-caption alignnone\"><img data-recalc-dims=\"1\" loading=\"lazy\" decoding=\"async\" class=\"wp-image-69819 size-full\" src=\"https:\/\/i0.wp.com\/www.eltrabajo.cl\/portal\/wp-content\/uploads\/2016\/05\/Kiosco1.jpg?resize=530%2C350\" alt=\"MUJER LUCHADORA.- La placa met\u00e1lica que cubre la vitrina principal de este kiosco fue removida con alguna barra de metal, luego destruyeron la ventana pero no robaron.\" width=\"530\" height=\"350\" srcset=\"https:\/\/i0.wp.com\/eltrabajo.cl\/portal\/wp-content\/uploads\/2016\/05\/Kiosco1.jpg?w=530&amp;ssl=1 530w, https:\/\/i0.wp.com\/eltrabajo.cl\/portal\/wp-content\/uploads\/2016\/05\/Kiosco1.jpg?resize=200%2C132&amp;ssl=1 200w, https:\/\/i0.wp.com\/eltrabajo.cl\/portal\/wp-content\/uploads\/2016\/05\/Kiosco1.jpg?resize=300%2C198&amp;ssl=1 300w, https:\/\/i0.wp.com\/eltrabajo.cl\/portal\/wp-content\/uploads\/2016\/05\/Kiosco1.jpg?resize=227%2C150&amp;ssl=1 227w, https:\/\/i0.wp.com\/eltrabajo.cl\/portal\/wp-content\/uploads\/2016\/05\/Kiosco1.jpg?resize=400%2C264&amp;ssl=1 400w\" sizes=\"auto, (max-width: 530px) 100vw, 530px\" \/><figcaption id=\"caption-attachment-69819\" class=\"wp-caption-text\">MUJER LUCHADORA.- La placa met\u00e1lica que cubre la vitrina principal de este kiosco fue removida con alguna barra de metal, luego destruyeron la ventana pero no robaron.<\/figcaption><\/figure>\n<p>&nbsp;<\/p>\n<figure id=\"attachment_69818\" aria-describedby=\"caption-attachment-69818\" style=\"width: 530px\" class=\"wp-caption alignnone\"><img data-recalc-dims=\"1\" loading=\"lazy\" decoding=\"async\" class=\"wp-image-69818 size-full\" src=\"https:\/\/i0.wp.com\/www.eltrabajo.cl\/portal\/wp-content\/uploads\/2016\/05\/Vidrios1.jpg?resize=530%2C350\" alt=\"LOS DA\u00d1OS.- As\u00ed qued\u00f3 el gran ventanal del kiosco de do\u00f1a \u00darsula, literalmente s\u00f3lo hicieron la maldad a esta comerciante.\" width=\"530\" height=\"350\" srcset=\"https:\/\/i0.wp.com\/eltrabajo.cl\/portal\/wp-content\/uploads\/2016\/05\/Vidrios1.jpg?w=530&amp;ssl=1 530w, https:\/\/i0.wp.com\/eltrabajo.cl\/portal\/wp-content\/uploads\/2016\/05\/Vidrios1.jpg?resize=200%2C132&amp;ssl=1 200w, https:\/\/i0.wp.com\/eltrabajo.cl\/portal\/wp-content\/uploads\/2016\/05\/Vidrios1.jpg?resize=300%2C198&amp;ssl=1 300w, https:\/\/i0.wp.com\/eltrabajo.cl\/portal\/wp-content\/uploads\/2016\/05\/Vidrios1.jpg?resize=227%2C150&amp;ssl=1 227w, https:\/\/i0.wp.com\/eltrabajo.cl\/portal\/wp-content\/uploads\/2016\/05\/Vidrios1.jpg?resize=400%2C264&amp;ssl=1 400w\" sizes=\"auto, (max-width: 530px) 100vw, 530px\" \/><figcaption id=\"caption-attachment-69818\" class=\"wp-caption-text\">LOS DA\u00d1OS.- As\u00ed qued\u00f3 el gran ventanal del kiosco de do\u00f1a \u00darsula, literalmente s\u00f3lo hicieron la maldad a esta comerciante.<\/figcaption><\/figure>\n","protected":false},"excerpt":{"rendered":"<p>La ola de robos que azota en toda nuestra comuna, pero especialmente en la ciudad, simplemente no tiene comparaci\u00f3n, ya que durante el pasado fin de semana el hampa hizo de las&#8230;<\/p>\n","protected":false},"author":482,"featured_media":69817,"comment_status":"open","ping_status":"open","sticky":false,"template":"","format":"standard","meta":{"advanced_seo_description":"","jetpack_seo_html_title":"","jetpack_seo_noindex":false,"_jetpack_memberships_contains_paid_content":false,"footnotes":""},"categories":[15],"tags":[],"class_list":["post-69816","post","type-post","status-publish","format-standard","has-post-thumbnail","hentry","category-comunidad"],"jetpack_featured_media_url":"https:\/\/i0.wp.com\/eltrabajo.cl\/portal\/wp-content\/uploads\/2016\/05\/Ursula-Pizarro.jpg?fit=530%2C350&ssl=1","jetpack_sharing_enabled":true,"jetpack_likes_enabled":true,"jetpack-related-posts":[],"_links":{"self":[{"href":"https:\/\/eltrabajo.cl\/portal\/wp-json\/wp\/v2\/posts\/69816","targetHints":{"allow":["GET"]}}],"collection":[{"href":"https:\/\/eltrabajo.cl\/portal\/wp-json\/wp\/v2\/posts"}],"about":[{"href":"https:\/\/eltrabajo.cl\/portal\/wp-json\/wp\/v2\/types\/post"}],"author":[{"embeddable":true,"href":"https:\/\/eltrabajo.cl\/portal\/wp-json\/wp\/v2\/users\/482"}],"replies":[{"embeddable":true,"href":"https:\/\/eltrabajo.cl\/portal\/wp-json\/wp\/v2\/comments?post=69816"}],"version-history":[{"count":0,"href":"https:\/\/eltrabajo.cl\/portal\/wp-json\/wp\/v2\/posts\/69816\/revisions"}],"wp:featuredmedia":[{"embeddable":true,"href":"https:\/\/eltrabajo.cl\/portal\/wp-json\/wp\/v2\/media\/69817"}],"wp:attachment":[{"href":"https:\/\/eltrabajo.cl\/portal\/wp-json\/wp\/v2\/media?parent=69816"}],"wp:term":[{"taxonomy":"category","embeddable":true,"href":"https:\/\/eltrabajo.cl\/portal\/wp-json\/wp\/v2\/categories?post=69816"},{"taxonomy":"post_tag","embeddable":true,"href":"https:\/\/eltrabajo.cl\/portal\/wp-json\/wp\/v2\/tags?post=69816"}],"curies":[{"name":"wp","href":"https:\/\/api.w.org\/{rel}","templated":true}]}}