{"id":69825,"date":"2016-05-17T10:01:24","date_gmt":"2016-05-17T14:01:24","guid":{"rendered":"http:\/\/www.eltrabajo.cl\/portal\/?p=69825"},"modified":"2016-05-17T10:03:21","modified_gmt":"2016-05-17T14:03:21","slug":"el-robo-del-dia-le-toco-ahora-a-un-sencillo-peluquero","status":"publish","type":"post","link":"https:\/\/eltrabajo.cl\/portal\/el-robo-del-dia-le-toco-ahora-a-un-sencillo-peluquero\/","title":{"rendered":"Robo del d\u00eda le toc\u00f3 ahora a sencillo peluquero de Av. Yungay"},"content":{"rendered":"<figure id=\"attachment_69826\" aria-describedby=\"caption-attachment-69826\" style=\"width: 300px\" class=\"wp-caption alignleft\"><img data-recalc-dims=\"1\" loading=\"lazy\" decoding=\"async\" class=\"wp-image-69826 size-medium\" src=\"https:\/\/i0.wp.com\/www.eltrabajo.cl\/portal\/wp-content\/uploads\/2016\/05\/Francisco-Urbina-300x198.jpg?resize=300%2C198\" alt=\"Francisco Urbina Toro, nueva v\u00edctima del hampa.\" width=\"300\" height=\"198\" srcset=\"https:\/\/i0.wp.com\/eltrabajo.cl\/portal\/wp-content\/uploads\/2016\/05\/Francisco-Urbina.jpg?resize=300%2C198&amp;ssl=1 300w, https:\/\/i0.wp.com\/eltrabajo.cl\/portal\/wp-content\/uploads\/2016\/05\/Francisco-Urbina.jpg?resize=200%2C132&amp;ssl=1 200w, https:\/\/i0.wp.com\/eltrabajo.cl\/portal\/wp-content\/uploads\/2016\/05\/Francisco-Urbina.jpg?resize=228%2C150&amp;ssl=1 228w, https:\/\/i0.wp.com\/eltrabajo.cl\/portal\/wp-content\/uploads\/2016\/05\/Francisco-Urbina.jpg?resize=400%2C263&amp;ssl=1 400w, https:\/\/i0.wp.com\/eltrabajo.cl\/portal\/wp-content\/uploads\/2016\/05\/Francisco-Urbina.jpg?w=530&amp;ssl=1 530w\" sizes=\"auto, (max-width: 300px) 100vw, 300px\" \/><figcaption id=\"caption-attachment-69826\" class=\"wp-caption-text\">Francisco Urbina Toro, nueva v\u00edctima del hampa.<\/figcaption><\/figure>\n<p>Como ya dijimos, los robos parecieran seguir con \u2018Chipe Libre\u2019 en nuestra comuna, ya que la ma\u00f1ana de este lunes los \u2018amigos de lo ajeno\u2019 reventaron la puerta principal de Peluquer\u00eda Nuevo Estilo a patadas, este local est\u00e1 ubicado en Yungay, media cuadra antes de llegar a Chacabuco.<br \/>\nSeg\u00fan lo verific\u00f3 Diario El Trabajo, la cerradura fue violentada con la puerta misma, los delincuentes ingresaron al local y se cargaron todas las herramientas del peluquero Francisco Urbina Toro. \u00abNo es la primera vez que me roban en un local. En este local llevo seis meses de trabajar, los delincuentes robaron todas mis herramientas, cuatro m\u00e1quinas el\u00e9ctricas; dos planchadoras de cabello; dos navajas y todos mis peines y tijeras, simplemente me dejaron sin pega\u00bb, dijo el estilista.<\/p>\n<figure id=\"attachment_69827\" aria-describedby=\"caption-attachment-69827\" style=\"width: 300px\" class=\"wp-caption alignright\"><img data-recalc-dims=\"1\" loading=\"lazy\" decoding=\"async\" class=\"wp-image-69827 size-medium\" src=\"https:\/\/i0.wp.com\/www.eltrabajo.cl\/portal\/wp-content\/uploads\/2016\/05\/Peluqueria2-300x197.jpg?resize=300%2C197\" alt=\"LO DESTRUYEN TODO.- As\u00ed qued\u00f3 la cerradura de la puerta de este local, aunque en esta foto ya aparece reparado.\" width=\"300\" height=\"197\" srcset=\"https:\/\/i0.wp.com\/eltrabajo.cl\/portal\/wp-content\/uploads\/2016\/05\/Peluqueria2.jpg?resize=300%2C197&amp;ssl=1 300w, https:\/\/i0.wp.com\/eltrabajo.cl\/portal\/wp-content\/uploads\/2016\/05\/Peluqueria2.jpg?resize=200%2C131&amp;ssl=1 200w, https:\/\/i0.wp.com\/eltrabajo.cl\/portal\/wp-content\/uploads\/2016\/05\/Peluqueria2.jpg?resize=228%2C150&amp;ssl=1 228w, https:\/\/i0.wp.com\/eltrabajo.cl\/portal\/wp-content\/uploads\/2016\/05\/Peluqueria2.jpg?resize=400%2C263&amp;ssl=1 400w, https:\/\/i0.wp.com\/eltrabajo.cl\/portal\/wp-content\/uploads\/2016\/05\/Peluqueria2.jpg?w=530&amp;ssl=1 530w\" sizes=\"auto, (max-width: 300px) 100vw, 300px\" \/><figcaption id=\"caption-attachment-69827\" class=\"wp-caption-text\">LO DESTRUYEN TODO.- As\u00ed qued\u00f3 la cerradura de la puerta de este local, aunque en esta foto ya aparece reparado.<\/figcaption><\/figure>\n<p><strong>\u00bfQui\u00e9n podr\u00e1 defendernos?<\/strong><br \/>\nSeg\u00fan este comerciante, Carabineros lleg\u00f3 ayer cuando \u00e9l lleg\u00f3, pues los hampones dejaron la puerta del local abierta, hasta el momento no hay detenidos, ni un efectivo trabajo policial que d\u00e9 tranquilidad al comercio en nuestra ciudad. Diario El Trabajo busc\u00f3 hablar con la comisario Carolina Fern\u00e1ndez, pero no pudimos ser atendidos.<br \/>\nMuchos comerciantes duermen con la preocupaci\u00f3n de no saber qui\u00e9n vela por la seguridad de sus peque\u00f1as empresas, pues a diario se denuncian nuevos robos en locales del damero central de nuestra ciudad.<br \/>\n<strong>Roberto Gonz\u00e1lez Short<\/strong><br \/>\n<strong>rgonzalez@eltrabajo.cl<\/strong><\/p>\n","protected":false},"excerpt":{"rendered":"<p>Como ya dijimos, los robos parecieran seguir con \u2018Chipe Libre\u2019 en nuestra comuna, ya que la ma\u00f1ana de este lunes los \u2018amigos de lo ajeno\u2019 reventaron la puerta principal de Peluquer\u00eda Nuevo&#8230;<\/p>\n","protected":false},"author":482,"featured_media":69826,"comment_status":"open","ping_status":"open","sticky":false,"template":"","format":"standard","meta":{"advanced_seo_description":"","jetpack_seo_html_title":"","jetpack_seo_noindex":false,"_jetpack_memberships_contains_paid_content":false,"footnotes":""},"categories":[21],"tags":[],"class_list":["post-69825","post","type-post","status-publish","format-standard","has-post-thumbnail","hentry","category-policial"],"jetpack_featured_media_url":"https:\/\/i0.wp.com\/eltrabajo.cl\/portal\/wp-content\/uploads\/2016\/05\/Francisco-Urbina.jpg?fit=530%2C349&ssl=1","jetpack_sharing_enabled":true,"jetpack_likes_enabled":true,"jetpack-related-posts":[],"_links":{"self":[{"href":"https:\/\/eltrabajo.cl\/portal\/wp-json\/wp\/v2\/posts\/69825","targetHints":{"allow":["GET"]}}],"collection":[{"href":"https:\/\/eltrabajo.cl\/portal\/wp-json\/wp\/v2\/posts"}],"about":[{"href":"https:\/\/eltrabajo.cl\/portal\/wp-json\/wp\/v2\/types\/post"}],"author":[{"embeddable":true,"href":"https:\/\/eltrabajo.cl\/portal\/wp-json\/wp\/v2\/users\/482"}],"replies":[{"embeddable":true,"href":"https:\/\/eltrabajo.cl\/portal\/wp-json\/wp\/v2\/comments?post=69825"}],"version-history":[{"count":0,"href":"https:\/\/eltrabajo.cl\/portal\/wp-json\/wp\/v2\/posts\/69825\/revisions"}],"wp:featuredmedia":[{"embeddable":true,"href":"https:\/\/eltrabajo.cl\/portal\/wp-json\/wp\/v2\/media\/69826"}],"wp:attachment":[{"href":"https:\/\/eltrabajo.cl\/portal\/wp-json\/wp\/v2\/media?parent=69825"}],"wp:term":[{"taxonomy":"category","embeddable":true,"href":"https:\/\/eltrabajo.cl\/portal\/wp-json\/wp\/v2\/categories?post=69825"},{"taxonomy":"post_tag","embeddable":true,"href":"https:\/\/eltrabajo.cl\/portal\/wp-json\/wp\/v2\/tags?post=69825"}],"curies":[{"name":"wp","href":"https:\/\/api.w.org\/{rel}","templated":true}]}}