{"id":69830,"date":"2016-05-17T10:02:58","date_gmt":"2016-05-17T14:02:58","guid":{"rendered":"http:\/\/www.eltrabajo.cl\/portal\/?p=69830"},"modified":"2016-05-17T10:02:58","modified_gmt":"2016-05-17T14:02:58","slug":"le-disparo-en-la-pierna-en-venganza-por-robarle-planta-de-marihuana","status":"publish","type":"post","link":"https:\/\/eltrabajo.cl\/portal\/le-disparo-en-la-pierna-en-venganza-por-robarle-planta-de-marihuana\/","title":{"rendered":"Le dispar\u00f3 en la pierna en venganza por robarle planta de marihuana"},"content":{"rendered":"<figure id=\"attachment_69832\" aria-describedby=\"caption-attachment-69832\" style=\"width: 300px\" class=\"wp-caption alignleft\"><img data-recalc-dims=\"1\" loading=\"lazy\" decoding=\"async\" class=\"wp-image-69832 size-medium\" src=\"https:\/\/i0.wp.com\/www.eltrabajo.cl\/portal\/wp-content\/uploads\/2016\/05\/Comisario-Gino-Gutierrez-2-300x198.jpg?resize=300%2C198\" alt=\"Jefe de la Brigada de Homicidios de la PDI de Los Andes, Comisario Gino Guti\u00e9rrez.\" width=\"300\" height=\"198\" srcset=\"https:\/\/i0.wp.com\/eltrabajo.cl\/portal\/wp-content\/uploads\/2016\/05\/Comisario-Gino-Gutierrez-2.jpg?resize=300%2C198&amp;ssl=1 300w, https:\/\/i0.wp.com\/eltrabajo.cl\/portal\/wp-content\/uploads\/2016\/05\/Comisario-Gino-Gutierrez-2.jpg?resize=200%2C132&amp;ssl=1 200w, https:\/\/i0.wp.com\/eltrabajo.cl\/portal\/wp-content\/uploads\/2016\/05\/Comisario-Gino-Gutierrez-2.jpg?resize=227%2C150&amp;ssl=1 227w, https:\/\/i0.wp.com\/eltrabajo.cl\/portal\/wp-content\/uploads\/2016\/05\/Comisario-Gino-Gutierrez-2.jpg?resize=400%2C264&amp;ssl=1 400w, https:\/\/i0.wp.com\/eltrabajo.cl\/portal\/wp-content\/uploads\/2016\/05\/Comisario-Gino-Gutierrez-2.jpg?w=530&amp;ssl=1 530w\" sizes=\"auto, (max-width: 300px) 100vw, 300px\" \/><figcaption id=\"caption-attachment-69832\" class=\"wp-caption-text\">Jefe de la Brigada de Homicidios de la PDI de Los Andes, Comisario Gino Guti\u00e9rrez.<\/figcaption><\/figure>\n<ul>\n<li><strong>Ajuste de cuentas se llev\u00f3 a efecto al interior de la vivienda de la v\u00edctima, quien result\u00f3 herido sin riesgo vital en la comuna de Llay Llay. La polic\u00eda detall\u00f3 que ambos involucrados mantienen antecedentes delictuales<\/strong><\/li>\n<\/ul>\n<p>Efectivos de la Brigada de Homicidios de la Polic\u00eda de Investigaciones de Los Andes se mantiene en b\u00fasqueda permanente de un sujeto que se fug\u00f3 tras haber disparado a corta distancia en una de las piernas de un individuo de 43 a\u00f1os de edad, luego de sostener una ri\u00f1a d\u00edas antes aparentemente por el robo de una planta de marihuana de propiedad del pistolero que volvi\u00f3 a cobrar venganza.<br \/>\nLos hechos se habr\u00edan registrado el mediod\u00eda del pasado domingo en una vivienda ubicada en la avenida Circunvalaci\u00f3n de la comuna de Llay Llay, cuando el acusado irrumpi\u00f3 en el domicilio de su v\u00edctima armado con un rev\u00f3lver.<br \/>\nEl Jefe de la Brigada de Homicidios de la PDI, Comisario Gino Guti\u00e9rrez, detall\u00f3 que este sujeto ajust\u00f3 cuentas con el afectado, luego de haber sostenido una ri\u00f1a d\u00edas antes por la sustracci\u00f3n de la planta de cannabis sativa, disparando directamente sobre una de las piernas de la v\u00edctima, quien debi\u00f3 ser trasladada hasta el Hospital de esa localidad, sin riesgo vital. \u201cTal como se refiere, fue un ajuste de cuentas por una planta de marihuana. Ambos sujetos tienen antecedentes policiales, uno de ellos con un requerimiento pendiente. El autor est\u00e1 pr\u00f3fugo pero est\u00e1 identificado plenamente, la otra persona est\u00e1 con una herida a bala en una de sus extremidades, sin riesgo vital de car\u00e1cter leve pasando a ser v\u00edctima de este hecho. Se produjo una pelea d\u00edas antes, el autor ingresa al domicilio y le propina un disparo en uno de sus piernas\u201d afirm\u00f3 el oficial policial<br \/>\nGuti\u00e9rrez aludi\u00f3, que a\u00fan se encuentran realizando diligencias para dar con la captura de este sujeto tras el testimonio de la v\u00edctima y las circunstancias que rodearon este hecho.<br \/>\n<strong>Pablo Salinas Sald\u00edas<\/strong><\/p>\n","protected":false},"excerpt":{"rendered":"<p>Ajuste de cuentas se llev\u00f3 a efecto al interior de la vivienda de la v\u00edctima, quien result\u00f3 herido sin riesgo vital en la comuna de Llay Llay. La polic\u00eda detall\u00f3 que ambos&#8230;<\/p>\n","protected":false},"author":482,"featured_media":69832,"comment_status":"open","ping_status":"open","sticky":false,"template":"","format":"standard","meta":{"advanced_seo_description":"","jetpack_seo_html_title":"","jetpack_seo_noindex":false,"_jetpack_memberships_contains_paid_content":false,"footnotes":""},"categories":[21],"tags":[],"class_list":["post-69830","post","type-post","status-publish","format-standard","has-post-thumbnail","hentry","category-policial"],"jetpack_featured_media_url":"https:\/\/i0.wp.com\/eltrabajo.cl\/portal\/wp-content\/uploads\/2016\/05\/Comisario-Gino-Gutierrez-2.jpg?fit=530%2C350&ssl=1","jetpack_sharing_enabled":true,"jetpack_likes_enabled":true,"jetpack-related-posts":[],"_links":{"self":[{"href":"https:\/\/eltrabajo.cl\/portal\/wp-json\/wp\/v2\/posts\/69830","targetHints":{"allow":["GET"]}}],"collection":[{"href":"https:\/\/eltrabajo.cl\/portal\/wp-json\/wp\/v2\/posts"}],"about":[{"href":"https:\/\/eltrabajo.cl\/portal\/wp-json\/wp\/v2\/types\/post"}],"author":[{"embeddable":true,"href":"https:\/\/eltrabajo.cl\/portal\/wp-json\/wp\/v2\/users\/482"}],"replies":[{"embeddable":true,"href":"https:\/\/eltrabajo.cl\/portal\/wp-json\/wp\/v2\/comments?post=69830"}],"version-history":[{"count":0,"href":"https:\/\/eltrabajo.cl\/portal\/wp-json\/wp\/v2\/posts\/69830\/revisions"}],"wp:featuredmedia":[{"embeddable":true,"href":"https:\/\/eltrabajo.cl\/portal\/wp-json\/wp\/v2\/media\/69832"}],"wp:attachment":[{"href":"https:\/\/eltrabajo.cl\/portal\/wp-json\/wp\/v2\/media?parent=69830"}],"wp:term":[{"taxonomy":"category","embeddable":true,"href":"https:\/\/eltrabajo.cl\/portal\/wp-json\/wp\/v2\/categories?post=69830"},{"taxonomy":"post_tag","embeddable":true,"href":"https:\/\/eltrabajo.cl\/portal\/wp-json\/wp\/v2\/tags?post=69830"}],"curies":[{"name":"wp","href":"https:\/\/api.w.org\/{rel}","templated":true}]}}