{"id":69835,"date":"2016-05-18T09:08:35","date_gmt":"2016-05-18T13:08:35","guid":{"rendered":"http:\/\/www.eltrabajo.cl\/portal\/?p=69835"},"modified":"2016-05-18T09:08:35","modified_gmt":"2016-05-18T13:08:35","slug":"joven-panquehuina-competira-en-torneo-de-karate-en-uruguay","status":"publish","type":"post","link":"https:\/\/eltrabajo.cl\/portal\/joven-panquehuina-competira-en-torneo-de-karate-en-uruguay\/","title":{"rendered":"Joven panquehuina competir\u00e1 en Torneo de Karate en Uruguay"},"content":{"rendered":"<ul>\n<li><strong>La joven estudiante de Derecho, manifest\u00f3 su intenci\u00f3n de viajar a Uruguay para participar en un torneo internacional de karate- Do.<\/strong><\/li>\n<\/ul>\n<p><strong>PANQUEHUE.<\/strong>&#8211; \u00abNada es imposible, pues siempre est\u00e1n las ganas y cuando se cierra una puerta se abre una ventana\u00bb, con estas palabras la joven deportista panquehuina, Eugenia Castro Leiva, agradeci\u00f3 el apoyo recibido de parte del municipio y del concejo municipal, con el fin de poder participar de un torneo internacional de Karate &#8211; Do, en Uruguay.<br \/>\nEugenia Castro, estudiante de Derecho en la Universidad de Chile y que egresada del liceo Panquehue, es alumna y competidora de alto rendimiento de la Asociaci\u00f3n Deportiva Karate &#8211; Do y tras competir en dos torneos nacionales, logr\u00f3 componer la selecci\u00f3n nacional de la especialidad.<br \/>\nProducto de sus exitosos rendimientos deportivos, la joven Panquehuina est\u00e1 clasificada como Seleccionada Chilena de karate &#8211; Do, para representar al pa\u00eds y la comuna de Panquehue, en el \u2018Torneo Internacional Sudamericano\u2019 de la Federaci\u00f3n Mundial, que se realizar\u00e1 en la ciudad de Punta del Este en Uruguay, el d\u00eda domingo 07 de agosto del a\u00f1o en curso.<br \/>\nPara que esta joven pueda participar de este torneo deportivo, requiere de recursos que permitan costear su traslado, raz\u00f3n por la cual el alcalde Luis Pradenas tras escuchar la solicitud planteada por Eugenia Castro Leiva, solicit\u00f3 el apoyo del concejo, quien determino aprobar la entrega de recursos.<br \/>\n\u00abSe trata de una destacada deportista de la comuna, fue seleccionada a nivel nacional para participar de dos torneos de karate, uno en Colombia en el mes de junio y el segundo en Uruguay en agosto. Ella se acerco hablar conmigo para ver como la pod\u00edamos apoyar y no queda m\u00e1s que respaldar a una deportista de nuestra comuna, para que tenga su debida participaci\u00f3n en este sudamericano en Uruguay.<br \/>\nPor lo tanto, solicit\u00e9 al concejo municipal la entrega de una subvenci\u00f3n al club deportivo que ella pertenece en la comuna de Panquehue, para que le costeen los pasajes, para lo cual se logro un acuerdo de car\u00e1cter un\u00e1nime\u00bb.<br \/>\nPor su parte, la joven deportista Eugenia Castro Leiva, junto con agradecer el apoyo recibido de parte de las autoridades, afirm\u00f3 que viajar\u00e1 con toda la ilusi\u00f3n de dejar bien puesto el nombre del Valle de Aconcagua y de nuestro pa\u00eds.<\/p>\n<figure id=\"attachment_69836\" aria-describedby=\"caption-attachment-69836\" style=\"width: 530px\" class=\"wp-caption alignleft\"><a href=\"http:\/\/www.eltrabajo.cl\/portal\/joven-panquehuina-competira-en-torneo-de-karate-en-uruguay\/torneo-de-karate\/\" rel=\"attachment wp-att-69836\"><img data-recalc-dims=\"1\" loading=\"lazy\" decoding=\"async\" class=\"size-full wp-image-69836\" src=\"https:\/\/i0.wp.com\/www.eltrabajo.cl\/portal\/wp-content\/uploads\/2016\/05\/torneo-de-karate.jpg?resize=530%2C349\" alt=\"Eugenia Castro, estudiante de Derecho en la Universidad de, es alumna y competidora de alto rendimiento de la Asociaci\u00f3n Deportiva Karate \u2013 Do.\" width=\"530\" height=\"349\" srcset=\"https:\/\/i0.wp.com\/eltrabajo.cl\/portal\/wp-content\/uploads\/2016\/05\/torneo-de-karate.jpg?w=530&amp;ssl=1 530w, https:\/\/i0.wp.com\/eltrabajo.cl\/portal\/wp-content\/uploads\/2016\/05\/torneo-de-karate.jpg?resize=200%2C132&amp;ssl=1 200w, https:\/\/i0.wp.com\/eltrabajo.cl\/portal\/wp-content\/uploads\/2016\/05\/torneo-de-karate.jpg?resize=300%2C198&amp;ssl=1 300w, https:\/\/i0.wp.com\/eltrabajo.cl\/portal\/wp-content\/uploads\/2016\/05\/torneo-de-karate.jpg?resize=228%2C150&amp;ssl=1 228w, https:\/\/i0.wp.com\/eltrabajo.cl\/portal\/wp-content\/uploads\/2016\/05\/torneo-de-karate.jpg?resize=400%2C263&amp;ssl=1 400w\" sizes=\"auto, (max-width: 530px) 100vw, 530px\" \/><\/a><figcaption id=\"caption-attachment-69836\" class=\"wp-caption-text\">Eugenia Castro, estudiante de Derecho en la Universidad de, es alumna y competidora de alto rendimiento de la Asociaci\u00f3n Deportiva Karate \u2013 Do.<\/figcaption><\/figure>\n","protected":false},"excerpt":{"rendered":"<p>La joven estudiante de Derecho, manifest\u00f3 su intenci\u00f3n de viajar a Uruguay para participar en un torneo internacional de karate- Do. PANQUEHUE.&#8211; \u00abNada es imposible, pues siempre est\u00e1n las ganas y cuando&#8230;<\/p>\n","protected":false},"author":1,"featured_media":69836,"comment_status":"open","ping_status":"open","sticky":false,"template":"","format":"standard","meta":{"advanced_seo_description":"","jetpack_seo_html_title":"","jetpack_seo_noindex":false,"_jetpack_memberships_contains_paid_content":false,"footnotes":""},"categories":[1],"tags":[],"class_list":["post-69835","post","type-post","status-publish","format-standard","has-post-thumbnail","hentry","category-cronica"],"jetpack_featured_media_url":"https:\/\/i0.wp.com\/eltrabajo.cl\/portal\/wp-content\/uploads\/2016\/05\/torneo-de-karate.jpg?fit=530%2C349&ssl=1","jetpack_sharing_enabled":true,"jetpack_likes_enabled":true,"jetpack-related-posts":[],"_links":{"self":[{"href":"https:\/\/eltrabajo.cl\/portal\/wp-json\/wp\/v2\/posts\/69835","targetHints":{"allow":["GET"]}}],"collection":[{"href":"https:\/\/eltrabajo.cl\/portal\/wp-json\/wp\/v2\/posts"}],"about":[{"href":"https:\/\/eltrabajo.cl\/portal\/wp-json\/wp\/v2\/types\/post"}],"author":[{"embeddable":true,"href":"https:\/\/eltrabajo.cl\/portal\/wp-json\/wp\/v2\/users\/1"}],"replies":[{"embeddable":true,"href":"https:\/\/eltrabajo.cl\/portal\/wp-json\/wp\/v2\/comments?post=69835"}],"version-history":[{"count":0,"href":"https:\/\/eltrabajo.cl\/portal\/wp-json\/wp\/v2\/posts\/69835\/revisions"}],"wp:featuredmedia":[{"embeddable":true,"href":"https:\/\/eltrabajo.cl\/portal\/wp-json\/wp\/v2\/media\/69836"}],"wp:attachment":[{"href":"https:\/\/eltrabajo.cl\/portal\/wp-json\/wp\/v2\/media?parent=69835"}],"wp:term":[{"taxonomy":"category","embeddable":true,"href":"https:\/\/eltrabajo.cl\/portal\/wp-json\/wp\/v2\/categories?post=69835"},{"taxonomy":"post_tag","embeddable":true,"href":"https:\/\/eltrabajo.cl\/portal\/wp-json\/wp\/v2\/tags?post=69835"}],"curies":[{"name":"wp","href":"https:\/\/api.w.org\/{rel}","templated":true}]}}