{"id":69839,"date":"2016-05-18T09:15:10","date_gmt":"2016-05-18T13:15:10","guid":{"rendered":"http:\/\/www.eltrabajo.cl\/portal\/?p=69839"},"modified":"2016-05-18T09:15:10","modified_gmt":"2016-05-18T13:15:10","slug":"escuela-sagrado-corazon-coloca-la-tecnologia-al-servicio-de-la-educacion","status":"publish","type":"post","link":"https:\/\/eltrabajo.cl\/portal\/escuela-sagrado-corazon-coloca-la-tecnologia-al-servicio-de-la-educacion\/","title":{"rendered":"Escuela Sagrado Coraz\u00f3n coloca la tecnolog\u00eda al servicio de la educaci\u00f3n"},"content":{"rendered":"<p>Gracias al desarrollo de un proyecto adjudicado por el Servicio Nacional de la Discapacidad, el que es realizado desde el a\u00f1o reci\u00e9n pasado, y que se denomina \u2018Tecnolog\u00edas Asistidas, abriendo puertas a la inclusi\u00f3n social\u2019, es que los alumno de la escuela Sagrado Coraz\u00f3n, ya cuentan con diferentes herramientas tecnol\u00f3gicas, todo con la finalidad de mejorar los procesos del aprendizaje y comunicaci\u00f3n y por ende, a la inclusi\u00f3n social.<br \/>\nProducto de lo anterior, es que dicho proyecto permiti\u00f3 la adquisici\u00f3n de diferentes elementos de tecnolog\u00eda asistida, tales como tablets, i pads, mouse y teclados adaptables, comunicadores, con un monto cercano a los tres millones ochocientos mil pesos, el que tambi\u00e9n permite la capacitaci\u00f3n de los docentes del establecimiento, as\u00ed como de los padres y apoderados, estos \u00faltimos en una primera etapa de acercamiento y sensibilizaci\u00f3n, sobre la importancia de los aportes que significa el uso de la tecnolog\u00eda, y posteriormente, la utilizaci\u00f3n de los diferentes elementos.<br \/>\nAs\u00ed lo dio a conocer Beatriz Gallardo, directora del establecimiento, quien destac\u00f3 las ventajas que significa la utilizaci\u00f3n de estas herramientas, sosteniendo que \u201ccomenzamos con este proyecto inicialmente en octubre del a\u00f1o pasado, con la adjudicaci\u00f3n, regularizaci\u00f3n y formalizaci\u00f3n de los decretos y cuentas para el traspaso de recursos, ya que este proyecto lo presentamos desde la Municipalidad de San Felipe, debido a que se debe estar inscrito en el Senadis para postulaci\u00f3n, para este a\u00f1o comenzar con la ejecuci\u00f3n propiamente tal, el que se extender\u00e1 hasta el mes de junio, en donde mostraremos a toda la comunidad los materiales adquiridos, y los resultados que hemos obtenido\u201d.<br \/>\nAdem\u00e1s, la profesional se refiri\u00f3 a los buenos resultados y al gran inter\u00e9s que han despertado estos elementos entre la comunidad educativa en general, y de lo entretenido que significa poder acceder al mundo del conocimiento con esta gran ayuda.<br \/>\n\u201cLos elementos los utilizamos desde la pre b\u00e1sica hasta el nivel laboral. Una de las encargadas de la ejecuci\u00f3n del proyecto se encarg\u00f3 de priorizar cuales eran los elementos que m\u00e1s de adecuaban a las necesidades de cada alumno y alumna, para, de esta manera, poder invertir de la mejor manera los recursos, lo que se complementa con los materiales que ya tenemos, como las pantallas interactivas, transform\u00e1ndonos en una escuela pionera en la utilizaci\u00f3n de tecnolog\u00eda de punta en materia tecnol\u00f3gica\u201d.<\/p>\n<figure id=\"attachment_69840\" aria-describedby=\"caption-attachment-69840\" style=\"width: 530px\" class=\"wp-caption alignleft\"><a href=\"http:\/\/www.eltrabajo.cl\/portal\/escuela-sagrado-corazon-coloca-la-tecnologia-al-servicio-de-la-educacion\/escuela-sagrado-corazon-1\/\" rel=\"attachment wp-att-69840\"><img data-recalc-dims=\"1\" loading=\"lazy\" decoding=\"async\" class=\"size-full wp-image-69840\" src=\"https:\/\/i0.wp.com\/www.eltrabajo.cl\/portal\/wp-content\/uploads\/2016\/05\/escuela-sagrado-corazon-1.jpg?resize=530%2C348\" alt=\"Los alumno de la escuela Sagrado Coraz\u00f3n, ya cuentan con diferentes herramientas tecnol\u00f3gicas, todo con la finalidad de mejorar los procesos del aprendizaje y comunicaci\u00f3n.\" width=\"530\" height=\"348\" srcset=\"https:\/\/i0.wp.com\/eltrabajo.cl\/portal\/wp-content\/uploads\/2016\/05\/escuela-sagrado-corazon-1.jpg?w=530&amp;ssl=1 530w, https:\/\/i0.wp.com\/eltrabajo.cl\/portal\/wp-content\/uploads\/2016\/05\/escuela-sagrado-corazon-1.jpg?resize=200%2C131&amp;ssl=1 200w, https:\/\/i0.wp.com\/eltrabajo.cl\/portal\/wp-content\/uploads\/2016\/05\/escuela-sagrado-corazon-1.jpg?resize=300%2C197&amp;ssl=1 300w, https:\/\/i0.wp.com\/eltrabajo.cl\/portal\/wp-content\/uploads\/2016\/05\/escuela-sagrado-corazon-1.jpg?resize=228%2C150&amp;ssl=1 228w, https:\/\/i0.wp.com\/eltrabajo.cl\/portal\/wp-content\/uploads\/2016\/05\/escuela-sagrado-corazon-1.jpg?resize=400%2C263&amp;ssl=1 400w\" sizes=\"auto, (max-width: 530px) 100vw, 530px\" \/><\/a><figcaption id=\"caption-attachment-69840\" class=\"wp-caption-text\">Los alumno de la escuela Sagrado Coraz\u00f3n, ya cuentan con diferentes herramientas tecnol\u00f3gicas, todo con la finalidad de mejorar los procesos del aprendizaje y comunicaci\u00f3n.<\/figcaption><\/figure>\n<figure id=\"attachment_69841\" aria-describedby=\"caption-attachment-69841\" style=\"width: 530px\" class=\"wp-caption alignleft\"><a href=\"http:\/\/www.eltrabajo.cl\/portal\/escuela-sagrado-corazon-coloca-la-tecnologia-al-servicio-de-la-educacion\/escuela-sagrado-corazon-2-2\/\" rel=\"attachment wp-att-69841\"><img data-recalc-dims=\"1\" loading=\"lazy\" decoding=\"async\" class=\"size-full wp-image-69841\" src=\"https:\/\/i0.wp.com\/www.eltrabajo.cl\/portal\/wp-content\/uploads\/2016\/05\/escuela-sagrado-corazon-2.jpg?resize=530%2C350\" alt=\"Escuela Sagrado Coraz\u00f3n coloca la tecnolog\u00eda al servicio de la educaci\u00f3n.\" width=\"530\" height=\"350\" srcset=\"https:\/\/i0.wp.com\/eltrabajo.cl\/portal\/wp-content\/uploads\/2016\/05\/escuela-sagrado-corazon-2.jpg?w=530&amp;ssl=1 530w, https:\/\/i0.wp.com\/eltrabajo.cl\/portal\/wp-content\/uploads\/2016\/05\/escuela-sagrado-corazon-2.jpg?resize=200%2C132&amp;ssl=1 200w, https:\/\/i0.wp.com\/eltrabajo.cl\/portal\/wp-content\/uploads\/2016\/05\/escuela-sagrado-corazon-2.jpg?resize=300%2C198&amp;ssl=1 300w, https:\/\/i0.wp.com\/eltrabajo.cl\/portal\/wp-content\/uploads\/2016\/05\/escuela-sagrado-corazon-2.jpg?resize=227%2C150&amp;ssl=1 227w, https:\/\/i0.wp.com\/eltrabajo.cl\/portal\/wp-content\/uploads\/2016\/05\/escuela-sagrado-corazon-2.jpg?resize=400%2C264&amp;ssl=1 400w\" sizes=\"auto, (max-width: 530px) 100vw, 530px\" \/><\/a><figcaption id=\"caption-attachment-69841\" class=\"wp-caption-text\">Escuela Sagrado Coraz\u00f3n coloca la tecnolog\u00eda al servicio de la educaci\u00f3n.<\/figcaption><\/figure>\n<figure id=\"attachment_69842\" aria-describedby=\"caption-attachment-69842\" style=\"width: 530px\" class=\"wp-caption alignleft\"><a href=\"http:\/\/www.eltrabajo.cl\/portal\/escuela-sagrado-corazon-coloca-la-tecnologia-al-servicio-de-la-educacion\/escuela-sagrado-corazon-3\/\" rel=\"attachment wp-att-69842\"><img data-recalc-dims=\"1\" loading=\"lazy\" decoding=\"async\" class=\"size-full wp-image-69842\" src=\"https:\/\/i0.wp.com\/www.eltrabajo.cl\/portal\/wp-content\/uploads\/2016\/05\/escuela-sagrado-corazon-3.jpg?resize=530%2C348\" alt=\"El proyecto permiti\u00f3 la adquisici\u00f3n de diferentes elementos de tecnolog\u00eda asistida, tales como tablets, i pads, mouse y teclados adaptables, comunicadores, con un monto cercano a los tres millones ochocientos mil pesos.\" width=\"530\" height=\"348\" srcset=\"https:\/\/i0.wp.com\/eltrabajo.cl\/portal\/wp-content\/uploads\/2016\/05\/escuela-sagrado-corazon-3.jpg?w=530&amp;ssl=1 530w, https:\/\/i0.wp.com\/eltrabajo.cl\/portal\/wp-content\/uploads\/2016\/05\/escuela-sagrado-corazon-3.jpg?resize=200%2C131&amp;ssl=1 200w, https:\/\/i0.wp.com\/eltrabajo.cl\/portal\/wp-content\/uploads\/2016\/05\/escuela-sagrado-corazon-3.jpg?resize=300%2C197&amp;ssl=1 300w, https:\/\/i0.wp.com\/eltrabajo.cl\/portal\/wp-content\/uploads\/2016\/05\/escuela-sagrado-corazon-3.jpg?resize=228%2C150&amp;ssl=1 228w, https:\/\/i0.wp.com\/eltrabajo.cl\/portal\/wp-content\/uploads\/2016\/05\/escuela-sagrado-corazon-3.jpg?resize=400%2C263&amp;ssl=1 400w\" sizes=\"auto, (max-width: 530px) 100vw, 530px\" \/><\/a><figcaption id=\"caption-attachment-69842\" class=\"wp-caption-text\">El proyecto permiti\u00f3 la adquisici\u00f3n de diferentes elementos de tecnolog\u00eda asistida, tales como tablets, i pads, mouse y teclados adaptables, comunicadores, con un monto cercano a los tres millones ochocientos mil pesos.<\/figcaption><\/figure>\n","protected":false},"excerpt":{"rendered":"<p>Gracias al desarrollo de un proyecto adjudicado por el Servicio Nacional de la Discapacidad, el que es realizado desde el a\u00f1o reci\u00e9n pasado, y que se denomina \u2018Tecnolog\u00edas Asistidas, abriendo puertas a&#8230;<\/p>\n","protected":false},"author":1,"featured_media":69842,"comment_status":"open","ping_status":"open","sticky":false,"template":"","format":"standard","meta":{"advanced_seo_description":"","jetpack_seo_html_title":"","jetpack_seo_noindex":false,"_jetpack_memberships_contains_paid_content":false,"footnotes":""},"categories":[15],"tags":[],"class_list":["post-69839","post","type-post","status-publish","format-standard","has-post-thumbnail","hentry","category-comunidad"],"jetpack_featured_media_url":"https:\/\/i0.wp.com\/eltrabajo.cl\/portal\/wp-content\/uploads\/2016\/05\/escuela-sagrado-corazon-3.jpg?fit=530%2C348&ssl=1","jetpack_sharing_enabled":true,"jetpack_likes_enabled":true,"jetpack-related-posts":[],"_links":{"self":[{"href":"https:\/\/eltrabajo.cl\/portal\/wp-json\/wp\/v2\/posts\/69839","targetHints":{"allow":["GET"]}}],"collection":[{"href":"https:\/\/eltrabajo.cl\/portal\/wp-json\/wp\/v2\/posts"}],"about":[{"href":"https:\/\/eltrabajo.cl\/portal\/wp-json\/wp\/v2\/types\/post"}],"author":[{"embeddable":true,"href":"https:\/\/eltrabajo.cl\/portal\/wp-json\/wp\/v2\/users\/1"}],"replies":[{"embeddable":true,"href":"https:\/\/eltrabajo.cl\/portal\/wp-json\/wp\/v2\/comments?post=69839"}],"version-history":[{"count":0,"href":"https:\/\/eltrabajo.cl\/portal\/wp-json\/wp\/v2\/posts\/69839\/revisions"}],"wp:featuredmedia":[{"embeddable":true,"href":"https:\/\/eltrabajo.cl\/portal\/wp-json\/wp\/v2\/media\/69842"}],"wp:attachment":[{"href":"https:\/\/eltrabajo.cl\/portal\/wp-json\/wp\/v2\/media?parent=69839"}],"wp:term":[{"taxonomy":"category","embeddable":true,"href":"https:\/\/eltrabajo.cl\/portal\/wp-json\/wp\/v2\/categories?post=69839"},{"taxonomy":"post_tag","embeddable":true,"href":"https:\/\/eltrabajo.cl\/portal\/wp-json\/wp\/v2\/tags?post=69839"}],"curies":[{"name":"wp","href":"https:\/\/api.w.org\/{rel}","templated":true}]}}