{"id":69845,"date":"2016-05-18T09:18:19","date_gmt":"2016-05-18T13:18:19","guid":{"rendered":"http:\/\/www.eltrabajo.cl\/portal\/?p=69845"},"modified":"2016-05-18T09:18:19","modified_gmt":"2016-05-18T13:18:19","slug":"escuela-de-el-algarrobal-ya-eligio-a-sus-reyes-2016","status":"publish","type":"post","link":"https:\/\/eltrabajo.cl\/portal\/escuela-de-el-algarrobal-ya-eligio-a-sus-reyes-2016\/","title":{"rendered":"Escuela de El Algarrobal ya eligi\u00f3 a sus reyes 2016"},"content":{"rendered":"<p>Este fin de semana, en la Escuela Heriberto Berm\u00fadez de El Algarrobal, se efectu\u00f3 la coronaci\u00f3n a los reyes escolares 2016 que organiz\u00f3 toda la comunidad estudiantil, encabezada por el Centro de Padres de esa casa de estudios.<br \/>\nSeg\u00fan explic\u00f3 Andrea Quijanes, presidente del Centro de Padres, la actividad busca, aparte de promocionar la ilusi\u00f3n entre los estudiantes, tambi\u00e9n el recaudar fondos para el gasto anual de cada una de las cinco alianzas que participaron en esta jornada.<br \/>\n\u00abFueron dos semanas de rifas, completadas y ventas de comidas en toda la poblaci\u00f3n, al final recaudamos $1.600.000 para nuestra escuela, los ni\u00f1os est\u00e1n muy animados y esperamos que estos reyes lo pasen muy bien durante todo este a\u00f1o\u00bb, dijo Quijanes a Diario El Trabajo.<\/p>\n<figure id=\"attachment_69848\" aria-describedby=\"caption-attachment-69848\" style=\"width: 530px\" class=\"wp-caption alignleft\"><a href=\"http:\/\/www.eltrabajo.cl\/portal\/escuela-de-el-algarrobal-ya-eligio-a-sus-reyes-2016\/terceros\/\" rel=\"attachment wp-att-69848\"><img data-recalc-dims=\"1\" loading=\"lazy\" decoding=\"async\" class=\"size-full wp-image-69848\" src=\"https:\/\/i0.wp.com\/www.eltrabajo.cl\/portal\/wp-content\/uploads\/2016\/05\/Terceros.jpg?resize=530%2C349\" alt=\"SIEMPRE GUAPOS.- En tercer lugar tenemos a Jade Salazar y Bruno Lobos, quienes tambi\u00e9n se esforzaron mucho en este reinado infantil\" width=\"530\" height=\"349\" srcset=\"https:\/\/i0.wp.com\/eltrabajo.cl\/portal\/wp-content\/uploads\/2016\/05\/Terceros.jpg?w=530&amp;ssl=1 530w, https:\/\/i0.wp.com\/eltrabajo.cl\/portal\/wp-content\/uploads\/2016\/05\/Terceros.jpg?resize=200%2C132&amp;ssl=1 200w, https:\/\/i0.wp.com\/eltrabajo.cl\/portal\/wp-content\/uploads\/2016\/05\/Terceros.jpg?resize=300%2C198&amp;ssl=1 300w, https:\/\/i0.wp.com\/eltrabajo.cl\/portal\/wp-content\/uploads\/2016\/05\/Terceros.jpg?resize=228%2C150&amp;ssl=1 228w, https:\/\/i0.wp.com\/eltrabajo.cl\/portal\/wp-content\/uploads\/2016\/05\/Terceros.jpg?resize=400%2C263&amp;ssl=1 400w\" sizes=\"auto, (max-width: 530px) 100vw, 530px\" \/><\/a><figcaption id=\"caption-attachment-69848\" class=\"wp-caption-text\">SIEMPRE GUAPOS.- En tercer lugar tenemos a Jade Salazar y Bruno Lobos, quienes tambi\u00e9n se esforzaron mucho en este reinado infantil<\/figcaption><\/figure>\n<figure id=\"attachment_69847\" aria-describedby=\"caption-attachment-69847\" style=\"width: 530px\" class=\"wp-caption alignleft\"><a href=\"http:\/\/www.eltrabajo.cl\/portal\/escuela-de-el-algarrobal-ya-eligio-a-sus-reyes-2016\/segundos\/\" rel=\"attachment wp-att-69847\"><img data-recalc-dims=\"1\" loading=\"lazy\" decoding=\"async\" class=\"size-full wp-image-69847\" src=\"https:\/\/i0.wp.com\/www.eltrabajo.cl\/portal\/wp-content\/uploads\/2016\/05\/Segundos.jpg?resize=530%2C349\" alt=\"MUY ELEGANTES.- Aqu\u00ed tenemos a los due\u00f1os del segundo lugar, Yhendelyn Rubio y Yovanny Lizana.\" width=\"530\" height=\"349\" srcset=\"https:\/\/i0.wp.com\/eltrabajo.cl\/portal\/wp-content\/uploads\/2016\/05\/Segundos.jpg?w=530&amp;ssl=1 530w, https:\/\/i0.wp.com\/eltrabajo.cl\/portal\/wp-content\/uploads\/2016\/05\/Segundos.jpg?resize=200%2C132&amp;ssl=1 200w, https:\/\/i0.wp.com\/eltrabajo.cl\/portal\/wp-content\/uploads\/2016\/05\/Segundos.jpg?resize=300%2C198&amp;ssl=1 300w, https:\/\/i0.wp.com\/eltrabajo.cl\/portal\/wp-content\/uploads\/2016\/05\/Segundos.jpg?resize=228%2C150&amp;ssl=1 228w, https:\/\/i0.wp.com\/eltrabajo.cl\/portal\/wp-content\/uploads\/2016\/05\/Segundos.jpg?resize=400%2C263&amp;ssl=1 400w\" sizes=\"auto, (max-width: 530px) 100vw, 530px\" \/><\/a><figcaption id=\"caption-attachment-69847\" class=\"wp-caption-text\">MUY ELEGANTES.- Aqu\u00ed tenemos a los due\u00f1os del segundo lugar, Yhendelyn Rubio y Yovanny Lizana.<\/figcaption><\/figure>\n<figure id=\"attachment_69846\" aria-describedby=\"caption-attachment-69846\" style=\"width: 530px\" class=\"wp-caption alignleft\"><a href=\"http:\/\/www.eltrabajo.cl\/portal\/escuela-de-el-algarrobal-ya-eligio-a-sus-reyes-2016\/reyes2016\/\" rel=\"attachment wp-att-69846\"><img data-recalc-dims=\"1\" loading=\"lazy\" decoding=\"async\" class=\"size-full wp-image-69846\" src=\"https:\/\/i0.wp.com\/www.eltrabajo.cl\/portal\/wp-content\/uploads\/2016\/05\/Reyes2016.jpg?resize=530%2C350\" alt=\"SUS MAJESTADES.- Ellos son Angelina S\u00e1nchez y Benjam\u00edn Contador, Alianza Amarilla, los nuevos reyecitos de la Escuela Heriberto Berm\u00fadez, de El Algarrobal. \" width=\"530\" height=\"350\" srcset=\"https:\/\/i0.wp.com\/eltrabajo.cl\/portal\/wp-content\/uploads\/2016\/05\/Reyes2016.jpg?w=530&amp;ssl=1 530w, https:\/\/i0.wp.com\/eltrabajo.cl\/portal\/wp-content\/uploads\/2016\/05\/Reyes2016.jpg?resize=200%2C132&amp;ssl=1 200w, https:\/\/i0.wp.com\/eltrabajo.cl\/portal\/wp-content\/uploads\/2016\/05\/Reyes2016.jpg?resize=300%2C198&amp;ssl=1 300w, https:\/\/i0.wp.com\/eltrabajo.cl\/portal\/wp-content\/uploads\/2016\/05\/Reyes2016.jpg?resize=227%2C150&amp;ssl=1 227w, https:\/\/i0.wp.com\/eltrabajo.cl\/portal\/wp-content\/uploads\/2016\/05\/Reyes2016.jpg?resize=400%2C264&amp;ssl=1 400w\" sizes=\"auto, (max-width: 530px) 100vw, 530px\" \/><\/a><figcaption id=\"caption-attachment-69846\" class=\"wp-caption-text\">SUS MAJESTADES.- Ellos son Angelina S\u00e1nchez y Benjam\u00edn Contador, Alianza Amarilla, los nuevos reyecitos de la Escuela Heriberto Berm\u00fadez, de El Algarrobal.<\/figcaption><\/figure>\n","protected":false},"excerpt":{"rendered":"<p>Este fin de semana, en la Escuela Heriberto Berm\u00fadez de El Algarrobal, se efectu\u00f3 la coronaci\u00f3n a los reyes escolares 2016 que organiz\u00f3 toda la comunidad estudiantil, encabezada por el Centro de&#8230;<\/p>\n","protected":false},"author":1,"featured_media":69846,"comment_status":"open","ping_status":"open","sticky":false,"template":"","format":"standard","meta":{"advanced_seo_description":"","jetpack_seo_html_title":"","jetpack_seo_noindex":false,"_jetpack_memberships_contains_paid_content":false,"footnotes":""},"categories":[15],"tags":[],"class_list":["post-69845","post","type-post","status-publish","format-standard","has-post-thumbnail","hentry","category-comunidad"],"jetpack_featured_media_url":"https:\/\/i0.wp.com\/eltrabajo.cl\/portal\/wp-content\/uploads\/2016\/05\/Reyes2016.jpg?fit=530%2C350&ssl=1","jetpack_sharing_enabled":true,"jetpack_likes_enabled":true,"jetpack-related-posts":[],"_links":{"self":[{"href":"https:\/\/eltrabajo.cl\/portal\/wp-json\/wp\/v2\/posts\/69845","targetHints":{"allow":["GET"]}}],"collection":[{"href":"https:\/\/eltrabajo.cl\/portal\/wp-json\/wp\/v2\/posts"}],"about":[{"href":"https:\/\/eltrabajo.cl\/portal\/wp-json\/wp\/v2\/types\/post"}],"author":[{"embeddable":true,"href":"https:\/\/eltrabajo.cl\/portal\/wp-json\/wp\/v2\/users\/1"}],"replies":[{"embeddable":true,"href":"https:\/\/eltrabajo.cl\/portal\/wp-json\/wp\/v2\/comments?post=69845"}],"version-history":[{"count":0,"href":"https:\/\/eltrabajo.cl\/portal\/wp-json\/wp\/v2\/posts\/69845\/revisions"}],"wp:featuredmedia":[{"embeddable":true,"href":"https:\/\/eltrabajo.cl\/portal\/wp-json\/wp\/v2\/media\/69846"}],"wp:attachment":[{"href":"https:\/\/eltrabajo.cl\/portal\/wp-json\/wp\/v2\/media?parent=69845"}],"wp:term":[{"taxonomy":"category","embeddable":true,"href":"https:\/\/eltrabajo.cl\/portal\/wp-json\/wp\/v2\/categories?post=69845"},{"taxonomy":"post_tag","embeddable":true,"href":"https:\/\/eltrabajo.cl\/portal\/wp-json\/wp\/v2\/tags?post=69845"}],"curies":[{"name":"wp","href":"https:\/\/api.w.org\/{rel}","templated":true}]}}