{"id":69859,"date":"2016-05-18T09:27:51","date_gmt":"2016-05-18T13:27:51","guid":{"rendered":"http:\/\/www.eltrabajo.cl\/portal\/?p=69859"},"modified":"2016-05-18T09:27:51","modified_gmt":"2016-05-18T13:27:51","slug":"carabineros-visitan-escuela-agricola-incentivando-admision-a-la-institucion-policial","status":"publish","type":"post","link":"https:\/\/eltrabajo.cl\/portal\/carabineros-visitan-escuela-agricola-incentivando-admision-a-la-institucion-policial\/","title":{"rendered":"Carabineros visitan Escuela Agr\u00edcola incentivando admisi\u00f3n a la instituci\u00f3n policial"},"content":{"rendered":"<ul>\n<li><strong>Luego de una charla que ofrecieron los uniformados, los alumnos les invitaron a conocer los criaderos de la especialidad Agropecuaria.<\/strong><\/li>\n<\/ul>\n<p>Carabineros de la Prefectura Aconcagua, junto a personal de la Oficina de Postulaciones de esa Repartici\u00f3n policial, visitaron a los estudiantes de cuarto a\u00f1o medio de la Escuela Agr\u00edcola de San Felipe, con el objetivo de promocionar su proceso de admisi\u00f3n 2016.<br \/>\nEn la oportunidad, los alumnos de la carrera de T\u00e9cnico de Nivel Medio Agropecuario, participaron de una charla vocacional, donde los funcionarios policiales les dieron a conocer, las diversas especialidades a las que puede optar un Carabinero de Orden y Seguridad, durante su carrera institucional.<br \/>\nEn tanto, una vez concluida la actividad, fue el turno de los estudiantes, quienes no dudaron en invitar a los uniformados a recorrer las dependencias del establecimiento, d\u00e1ndoles la oportunidad de conocer de cerca, la labor que realizan con los diversos animales que mantienen en sus criaderos.<br \/>\nTanto el establecimiento de la Sociedad Nacional de Agricultura, como la polic\u00eda uniformada, coincidieron en calificar de provechosa la jornada, debido a que permiti\u00f3 una instancia de acercamiento entre la polic\u00eda y los j\u00f3venes agricolinos.<\/p>\n<figure id=\"attachment_69860\" aria-describedby=\"caption-attachment-69860\" style=\"width: 530px\" class=\"wp-caption alignleft\"><a href=\"http:\/\/www.eltrabajo.cl\/portal\/carabineros-visitan-escuela-agricola-incentivando-admision-a-la-institucion-policial\/agricola-1\/\" rel=\"attachment wp-att-69860\"><img data-recalc-dims=\"1\" loading=\"lazy\" decoding=\"async\" class=\"size-full wp-image-69860\" src=\"https:\/\/i0.wp.com\/www.eltrabajo.cl\/portal\/wp-content\/uploads\/2016\/05\/agricola-1.jpg?resize=530%2C350\" alt=\"Uniformados visitaron a los estudiantes de cuarto a\u00f1o medio de la Escuela Agr\u00edcola de San Felipe, con el objetivo de promocionar su proceso de admisi\u00f3n 2016.\" width=\"530\" height=\"350\" srcset=\"https:\/\/i0.wp.com\/eltrabajo.cl\/portal\/wp-content\/uploads\/2016\/05\/agricola-1.jpg?w=530&amp;ssl=1 530w, https:\/\/i0.wp.com\/eltrabajo.cl\/portal\/wp-content\/uploads\/2016\/05\/agricola-1.jpg?resize=200%2C132&amp;ssl=1 200w, https:\/\/i0.wp.com\/eltrabajo.cl\/portal\/wp-content\/uploads\/2016\/05\/agricola-1.jpg?resize=300%2C198&amp;ssl=1 300w, https:\/\/i0.wp.com\/eltrabajo.cl\/portal\/wp-content\/uploads\/2016\/05\/agricola-1.jpg?resize=227%2C150&amp;ssl=1 227w, https:\/\/i0.wp.com\/eltrabajo.cl\/portal\/wp-content\/uploads\/2016\/05\/agricola-1.jpg?resize=400%2C264&amp;ssl=1 400w\" sizes=\"auto, (max-width: 530px) 100vw, 530px\" \/><\/a><figcaption id=\"caption-attachment-69860\" class=\"wp-caption-text\">Uniformados visitaron a los estudiantes de cuarto a\u00f1o medio de la Escuela Agr\u00edcola de San Felipe, con el objetivo de promocionar su proceso de admisi\u00f3n 2016.<\/figcaption><\/figure>\n<figure id=\"attachment_69861\" aria-describedby=\"caption-attachment-69861\" style=\"width: 530px\" class=\"wp-caption alignleft\"><a href=\"http:\/\/www.eltrabajo.cl\/portal\/carabineros-visitan-escuela-agricola-incentivando-admision-a-la-institucion-policial\/agricola-2\/\" rel=\"attachment wp-att-69861\"><img data-recalc-dims=\"1\" loading=\"lazy\" decoding=\"async\" class=\"size-full wp-image-69861\" src=\"https:\/\/i0.wp.com\/www.eltrabajo.cl\/portal\/wp-content\/uploads\/2016\/05\/agricola-2.jpg?resize=530%2C350\" alt=\"Alumnos otorgan a sus visitas, la oportunidad de conocer de cerca la labor que realizan con los diversos animales que mantienen en sus criaderos.\" width=\"530\" height=\"350\" srcset=\"https:\/\/i0.wp.com\/eltrabajo.cl\/portal\/wp-content\/uploads\/2016\/05\/agricola-2.jpg?w=530&amp;ssl=1 530w, https:\/\/i0.wp.com\/eltrabajo.cl\/portal\/wp-content\/uploads\/2016\/05\/agricola-2.jpg?resize=200%2C132&amp;ssl=1 200w, https:\/\/i0.wp.com\/eltrabajo.cl\/portal\/wp-content\/uploads\/2016\/05\/agricola-2.jpg?resize=300%2C198&amp;ssl=1 300w, https:\/\/i0.wp.com\/eltrabajo.cl\/portal\/wp-content\/uploads\/2016\/05\/agricola-2.jpg?resize=227%2C150&amp;ssl=1 227w, https:\/\/i0.wp.com\/eltrabajo.cl\/portal\/wp-content\/uploads\/2016\/05\/agricola-2.jpg?resize=400%2C264&amp;ssl=1 400w\" sizes=\"auto, (max-width: 530px) 100vw, 530px\" \/><\/a><figcaption id=\"caption-attachment-69861\" class=\"wp-caption-text\">Alumnos otorgan a sus visitas, la oportunidad de conocer de cerca la labor que realizan con los diversos animales que mantienen en sus criaderos.<\/figcaption><\/figure>\n<figure id=\"attachment_69862\" aria-describedby=\"caption-attachment-69862\" style=\"width: 530px\" class=\"wp-caption alignleft\"><a href=\"http:\/\/www.eltrabajo.cl\/portal\/carabineros-visitan-escuela-agricola-incentivando-admision-a-la-institucion-policial\/agricola-3\/\" rel=\"attachment wp-att-69862\"><img data-recalc-dims=\"1\" loading=\"lazy\" decoding=\"async\" class=\"size-full wp-image-69862\" src=\"https:\/\/i0.wp.com\/www.eltrabajo.cl\/portal\/wp-content\/uploads\/2016\/05\/agricola-3.jpg?resize=530%2C350\" alt=\"Ambas instituciones coincidieron en calificar de provechosa la jornada, debido a que permiti\u00f3 una instancia de acercamiento entre la polic\u00eda y los j\u00f3venes agricolinos.\" width=\"530\" height=\"350\" srcset=\"https:\/\/i0.wp.com\/eltrabajo.cl\/portal\/wp-content\/uploads\/2016\/05\/agricola-3.jpg?w=530&amp;ssl=1 530w, https:\/\/i0.wp.com\/eltrabajo.cl\/portal\/wp-content\/uploads\/2016\/05\/agricola-3.jpg?resize=200%2C132&amp;ssl=1 200w, https:\/\/i0.wp.com\/eltrabajo.cl\/portal\/wp-content\/uploads\/2016\/05\/agricola-3.jpg?resize=300%2C198&amp;ssl=1 300w, https:\/\/i0.wp.com\/eltrabajo.cl\/portal\/wp-content\/uploads\/2016\/05\/agricola-3.jpg?resize=227%2C150&amp;ssl=1 227w, https:\/\/i0.wp.com\/eltrabajo.cl\/portal\/wp-content\/uploads\/2016\/05\/agricola-3.jpg?resize=400%2C264&amp;ssl=1 400w\" sizes=\"auto, (max-width: 530px) 100vw, 530px\" \/><\/a><figcaption id=\"caption-attachment-69862\" class=\"wp-caption-text\">Ambas instituciones coincidieron en calificar de provechosa la jornada, debido a que permiti\u00f3 una instancia de acercamiento entre la polic\u00eda y los j\u00f3venes agricolinos.<\/figcaption><\/figure>\n","protected":false},"excerpt":{"rendered":"<p>Luego de una charla que ofrecieron los uniformados, los alumnos les invitaron a conocer los criaderos de la especialidad Agropecuaria. Carabineros de la Prefectura Aconcagua, junto a personal de la Oficina de&#8230;<\/p>\n","protected":false},"author":1,"featured_media":69860,"comment_status":"open","ping_status":"open","sticky":false,"template":"","format":"standard","meta":{"advanced_seo_description":"","jetpack_seo_html_title":"","jetpack_seo_noindex":false,"_jetpack_memberships_contains_paid_content":false,"footnotes":""},"categories":[15],"tags":[],"class_list":["post-69859","post","type-post","status-publish","format-standard","has-post-thumbnail","hentry","category-comunidad"],"jetpack_featured_media_url":"https:\/\/i0.wp.com\/eltrabajo.cl\/portal\/wp-content\/uploads\/2016\/05\/agricola-1.jpg?fit=530%2C350&ssl=1","jetpack_sharing_enabled":true,"jetpack_likes_enabled":true,"jetpack-related-posts":[],"_links":{"self":[{"href":"https:\/\/eltrabajo.cl\/portal\/wp-json\/wp\/v2\/posts\/69859","targetHints":{"allow":["GET"]}}],"collection":[{"href":"https:\/\/eltrabajo.cl\/portal\/wp-json\/wp\/v2\/posts"}],"about":[{"href":"https:\/\/eltrabajo.cl\/portal\/wp-json\/wp\/v2\/types\/post"}],"author":[{"embeddable":true,"href":"https:\/\/eltrabajo.cl\/portal\/wp-json\/wp\/v2\/users\/1"}],"replies":[{"embeddable":true,"href":"https:\/\/eltrabajo.cl\/portal\/wp-json\/wp\/v2\/comments?post=69859"}],"version-history":[{"count":0,"href":"https:\/\/eltrabajo.cl\/portal\/wp-json\/wp\/v2\/posts\/69859\/revisions"}],"wp:featuredmedia":[{"embeddable":true,"href":"https:\/\/eltrabajo.cl\/portal\/wp-json\/wp\/v2\/media\/69860"}],"wp:attachment":[{"href":"https:\/\/eltrabajo.cl\/portal\/wp-json\/wp\/v2\/media?parent=69859"}],"wp:term":[{"taxonomy":"category","embeddable":true,"href":"https:\/\/eltrabajo.cl\/portal\/wp-json\/wp\/v2\/categories?post=69859"},{"taxonomy":"post_tag","embeddable":true,"href":"https:\/\/eltrabajo.cl\/portal\/wp-json\/wp\/v2\/tags?post=69859"}],"curies":[{"name":"wp","href":"https:\/\/api.w.org\/{rel}","templated":true}]}}