{"id":69866,"date":"2016-05-18T09:29:43","date_gmt":"2016-05-18T13:29:43","guid":{"rendered":"http:\/\/www.eltrabajo.cl\/portal\/?p=69866"},"modified":"2016-05-18T09:29:43","modified_gmt":"2016-05-18T13:29:43","slug":"joven-que-portaba-escopeta-hechiza-fue-condenado-a-3-anos-y-un-dia-de-carcel","status":"publish","type":"post","link":"https:\/\/eltrabajo.cl\/portal\/joven-que-portaba-escopeta-hechiza-fue-condenado-a-3-anos-y-un-dia-de-carcel\/","title":{"rendered":"Joven que portaba escopeta hechiza fue condenado a 3 a\u00f1os y un d\u00eda de c\u00e1rcel"},"content":{"rendered":"<ul>\n<li><strong>Sentenciado tiene apenas 19 a\u00f1os de edad:\u00a0Fiscal\u00eda, acus\u00f3 los hechos ocurridos en una confusa discusi\u00f3n entre familiares en el sector El Algarrobal de San Felipe en noviembre del 2015. Desde ese d\u00eda el actual condenado se mantiene privado de libertad.<\/strong><\/li>\n<\/ul>\n<p>A cumplir una pena de tres a\u00f1os y un d\u00eda de c\u00e1rcel fue la sentencia resuelta por el Tribunal Oral en Lo Penal de San Felipe en contra de un joven de 19 a\u00f1os de edad, identificado como Miguel \u00c1ngel Quijanes Leiva, quien tras un juicio fue declarado culpable de la tenencia ilegal de una escopeta hechiza hallada por Carabineros tras una denuncia.<br \/>\nEl Fiscal del Ministerio P\u00fablico de San Felipe, Julio Palacios Bobadilla debati\u00f3 junto a la defensa las investigaciones que sindican a Quijanes su participaci\u00f3n en los hechos ocurridos el 19 de noviembre del 2015, tras ser capturado por Carabineros portando el armamento hechizo, luego de una denuncia de una v\u00edctima que inform\u00f3 en aquel entonces disparos contra su propiedad.<br \/>\nEl denunciante, result\u00f3 ser el primo del sentenciado, quien desisti\u00f3 durante el juicio de las acusaciones de amenazas de muerte en su contra, como se hab\u00eda formulado el d\u00eda de los hechos, lo cual signific\u00f3 que el entonces imputado fuera absuelto de estos cargos por este tribunal.<br \/>\nSin embargo, Carabineros al concurrir al sector de El Algarrobal de San Felipe, observaron a un sujeto con las caracter\u00edsticas indicadas por el denunciante, sosteniendo en definitiva que se trataba del acusado, quien al advertir a los uniformados huy\u00f3 a gran velocidad soltando el armamento de fuego en la v\u00eda p\u00fablica.<br \/>\nAl ser reducido por los efectivos policiales, fue formalizado en el Juzgado de Garant\u00eda por este hecho, quedando sujeto a la cautelar de prisi\u00f3n preventiva, a la espera de juicio que concluy\u00f3 con su culpabilidad la semana pasada, s\u00f3lo por portar el armamento de fuego, castigado por la modificaci\u00f3n a ley de control de armas que aument\u00f3 las penas para este tipo de delitos.<br \/>\nAunque la Fiscal\u00eda persegu\u00eda penas m\u00e1ximas que alcanzar\u00edan los siete a\u00f1os de presidio, la terna de jueces resolvi\u00f3 condenar a tres a\u00f1os y un d\u00eda de c\u00e1rcel por este delito, cuya resoluci\u00f3n judicial dej\u00f3 conforme al ente persecutor. No obstante, la Defensa del sentenciado mantiene diez d\u00edas para elevar eventualmente un recurso de nulidad sobre este juicio.<br \/>\n<strong>Pablo Salinas Sald\u00edas<\/strong><\/p>\n<figure id=\"attachment_69867\" aria-describedby=\"caption-attachment-69867\" style=\"width: 530px\" class=\"wp-caption alignleft\"><a href=\"http:\/\/www.eltrabajo.cl\/portal\/joven-que-portaba-escopeta-hechiza-fue-condenado-a-3-anos-y-un-dia-de-carcel\/miguel-angel-quijanes-leiva-2\/\" rel=\"attachment wp-att-69867\"><img data-recalc-dims=\"1\" loading=\"lazy\" decoding=\"async\" class=\"size-full wp-image-69867\" src=\"https:\/\/i0.wp.com\/www.eltrabajo.cl\/portal\/wp-content\/uploads\/2016\/05\/Miguel-Angel-Quijanes-Leiva.jpg?resize=530%2C350\" alt=\"Miguel \u00c1ngel Quijanes Leiva condenado a tres a\u00f1os y un d\u00eda de c\u00e1rcel por tenencia ilegal de arma de fuego.\" width=\"530\" height=\"350\" srcset=\"https:\/\/i0.wp.com\/eltrabajo.cl\/portal\/wp-content\/uploads\/2016\/05\/Miguel-Angel-Quijanes-Leiva.jpg?w=530&amp;ssl=1 530w, https:\/\/i0.wp.com\/eltrabajo.cl\/portal\/wp-content\/uploads\/2016\/05\/Miguel-Angel-Quijanes-Leiva.jpg?resize=200%2C132&amp;ssl=1 200w, https:\/\/i0.wp.com\/eltrabajo.cl\/portal\/wp-content\/uploads\/2016\/05\/Miguel-Angel-Quijanes-Leiva.jpg?resize=300%2C198&amp;ssl=1 300w, https:\/\/i0.wp.com\/eltrabajo.cl\/portal\/wp-content\/uploads\/2016\/05\/Miguel-Angel-Quijanes-Leiva.jpg?resize=227%2C150&amp;ssl=1 227w, https:\/\/i0.wp.com\/eltrabajo.cl\/portal\/wp-content\/uploads\/2016\/05\/Miguel-Angel-Quijanes-Leiva.jpg?resize=400%2C264&amp;ssl=1 400w\" sizes=\"auto, (max-width: 530px) 100vw, 530px\" \/><\/a><figcaption id=\"caption-attachment-69867\" class=\"wp-caption-text\">Miguel \u00c1ngel Quijanes Leiva condenado a tres a\u00f1os y un d\u00eda de c\u00e1rcel por tenencia ilegal de arma de fuego.<\/figcaption><\/figure>\n","protected":false},"excerpt":{"rendered":"<p>Sentenciado tiene apenas 19 a\u00f1os de edad:\u00a0Fiscal\u00eda, acus\u00f3 los hechos ocurridos en una confusa discusi\u00f3n entre familiares en el sector El Algarrobal de San Felipe en noviembre del 2015. Desde ese d\u00eda&#8230;<\/p>\n","protected":false},"author":1,"featured_media":69867,"comment_status":"open","ping_status":"open","sticky":false,"template":"","format":"standard","meta":{"advanced_seo_description":"","jetpack_seo_html_title":"","jetpack_seo_noindex":false,"_jetpack_memberships_contains_paid_content":false,"footnotes":""},"categories":[21],"tags":[],"class_list":["post-69866","post","type-post","status-publish","format-standard","has-post-thumbnail","hentry","category-policial"],"jetpack_featured_media_url":"https:\/\/i0.wp.com\/eltrabajo.cl\/portal\/wp-content\/uploads\/2016\/05\/Miguel-Angel-Quijanes-Leiva.jpg?fit=530%2C350&ssl=1","jetpack_sharing_enabled":true,"jetpack_likes_enabled":true,"jetpack-related-posts":[],"_links":{"self":[{"href":"https:\/\/eltrabajo.cl\/portal\/wp-json\/wp\/v2\/posts\/69866","targetHints":{"allow":["GET"]}}],"collection":[{"href":"https:\/\/eltrabajo.cl\/portal\/wp-json\/wp\/v2\/posts"}],"about":[{"href":"https:\/\/eltrabajo.cl\/portal\/wp-json\/wp\/v2\/types\/post"}],"author":[{"embeddable":true,"href":"https:\/\/eltrabajo.cl\/portal\/wp-json\/wp\/v2\/users\/1"}],"replies":[{"embeddable":true,"href":"https:\/\/eltrabajo.cl\/portal\/wp-json\/wp\/v2\/comments?post=69866"}],"version-history":[{"count":0,"href":"https:\/\/eltrabajo.cl\/portal\/wp-json\/wp\/v2\/posts\/69866\/revisions"}],"wp:featuredmedia":[{"embeddable":true,"href":"https:\/\/eltrabajo.cl\/portal\/wp-json\/wp\/v2\/media\/69867"}],"wp:attachment":[{"href":"https:\/\/eltrabajo.cl\/portal\/wp-json\/wp\/v2\/media?parent=69866"}],"wp:term":[{"taxonomy":"category","embeddable":true,"href":"https:\/\/eltrabajo.cl\/portal\/wp-json\/wp\/v2\/categories?post=69866"},{"taxonomy":"post_tag","embeddable":true,"href":"https:\/\/eltrabajo.cl\/portal\/wp-json\/wp\/v2\/tags?post=69866"}],"curies":[{"name":"wp","href":"https:\/\/api.w.org\/{rel}","templated":true}]}}