{"id":69870,"date":"2016-05-18T09:31:57","date_gmt":"2016-05-18T13:31:57","guid":{"rendered":"http:\/\/www.eltrabajo.cl\/portal\/?p=69870"},"modified":"2016-05-18T09:31:57","modified_gmt":"2016-05-18T13:31:57","slug":"brigada-de-bomberos-sector-tocornal-espera-ser-constituida-como-compania","status":"publish","type":"post","link":"https:\/\/eltrabajo.cl\/portal\/brigada-de-bomberos-sector-tocornal-espera-ser-constituida-como-compania\/","title":{"rendered":"Brigada de Bomberos sector Tocornal espera ser constituida como \u2018Compa\u00f1\u00eda\u2019"},"content":{"rendered":"<p>El Superintendente del Cuerpo de Bomberos de Santa Mar\u00eda, Juan Francisco Quiroga, y Alicia Alegr\u00eda, representante de Serplac Regi\u00f3n de Valpara\u00edso, visitaron al presidente nacional de Bomberos de Chile, Miguel Reyes N\u00fa\u00f1ez, para presentarle un nuevo proyecto de construcci\u00f3n de cuartel para el Organismo.<br \/>\n\u201cEl objetivo de la reuni\u00f3n fue dar a conocer en persona el proyecto de construcci\u00f3n del cuartel que necesita una brigada para poder constituirse como Compa\u00f1\u00eda. Gracias al apoyo municipal, se elabor\u00f3 un proyecto ya ingresado al Gobierno Regional y con el certificado de la Junta Nacional que nos llevamos hoy, podremos comenzar el proceso de licitaci\u00f3n\u201d, se\u00f1al\u00f3 el Superintendente Juan Francisco Quiroga.<br \/>\nLa inquietud de construir este cuartel, nace de la propia comunidad del sector de Tocornal, en Santa Mar\u00eda, quienes est\u00e1n muy interesados en el crecimiento de su brigada de bomberos. La unidad funciona con 36 voluntarios desde el a\u00f1o 2014 y para reunirse utilizan una sede cercana. Tambi\u00e9n, tienen operativa una base telef\u00f3nica en la casa de uno de los voluntarios, los cuales se unen a la 1era o 2da Compa\u00f1\u00eda en las emergencias. Si el proceso de construcci\u00f3n del cuartel termina exitosamente, la brigada pasar\u00e1 a ser durante 2017 la 3ra compa\u00f1\u00eda de Santa Mar\u00eda.<br \/>\n\u201cNosotros elaboramos el proyecto como Departamento de Planificaci\u00f3n, hicimos todas las consultas y dise\u00f1amos en conjunto con la Unidad T\u00e9cnica de Bomberos de Chile. El proyecto fue presentado hace 6 meses al Gobierno Regional para solicitar el financiamiento, que son 600 millones de pesos aproximadamente, para un cuartel de 305 metros cuadrados. Una vez que presentemos el certificado que acabamos de obtener, pasar\u00e1 alrededor de 1 mes para que nos den el financiamiento y ah\u00ed comenzar el proceso de licitaci\u00f3n\u201d, explic\u00f3 Alicia Alegr\u00eda.<br \/>\n\u201cNos vamos enormemente agradecidos y contentos, porque no esper\u00e1bamos que el Presidente Nacional nos entregar\u00eda el certificado de manera inmediata. En nombre de todo el Cuerpo de Bomberos de Santa Mar\u00eda, me voy feliz\u201d, finaliz\u00f3 el superintendente.<\/p>\n<figure id=\"attachment_69871\" aria-describedby=\"caption-attachment-69871\" style=\"width: 530px\" class=\"wp-caption alignleft\"><a href=\"http:\/\/www.eltrabajo.cl\/portal\/brigada-de-bomberos-sector-tocornal-espera-ser-constituida-como-compania\/bomberos-tocornal\/\" rel=\"attachment wp-att-69871\"><img data-recalc-dims=\"1\" loading=\"lazy\" decoding=\"async\" class=\"size-full wp-image-69871\" src=\"https:\/\/i0.wp.com\/www.eltrabajo.cl\/portal\/wp-content\/uploads\/2016\/05\/BOMBEROS-TOCORNAL.jpg?resize=530%2C350\" alt=\"El superintendente del Cuerpo de Bomberos de Santa Mar\u00eda, Juan Francisco Quiroga, y Alicia Alegr\u00eda, representante de Serplac Regi\u00f3n de Valpara\u00edso, visitaron al presidente nacional de Bomberos de Chile, Miguel Reyes N\u00fa\u00f1ez.\" width=\"530\" height=\"350\" srcset=\"https:\/\/i0.wp.com\/eltrabajo.cl\/portal\/wp-content\/uploads\/2016\/05\/BOMBEROS-TOCORNAL.jpg?w=530&amp;ssl=1 530w, https:\/\/i0.wp.com\/eltrabajo.cl\/portal\/wp-content\/uploads\/2016\/05\/BOMBEROS-TOCORNAL.jpg?resize=200%2C132&amp;ssl=1 200w, https:\/\/i0.wp.com\/eltrabajo.cl\/portal\/wp-content\/uploads\/2016\/05\/BOMBEROS-TOCORNAL.jpg?resize=300%2C198&amp;ssl=1 300w, https:\/\/i0.wp.com\/eltrabajo.cl\/portal\/wp-content\/uploads\/2016\/05\/BOMBEROS-TOCORNAL.jpg?resize=227%2C150&amp;ssl=1 227w, https:\/\/i0.wp.com\/eltrabajo.cl\/portal\/wp-content\/uploads\/2016\/05\/BOMBEROS-TOCORNAL.jpg?resize=400%2C264&amp;ssl=1 400w\" sizes=\"auto, (max-width: 530px) 100vw, 530px\" \/><\/a><figcaption id=\"caption-attachment-69871\" class=\"wp-caption-text\">El superintendente del Cuerpo de Bomberos de Santa Mar\u00eda, Juan Francisco Quiroga, y Alicia Alegr\u00eda, representante de Serplac Regi\u00f3n de Valpara\u00edso, visitaron al presidente nacional de Bomberos de Chile, Miguel Reyes N\u00fa\u00f1ez.<\/figcaption><\/figure>\n","protected":false},"excerpt":{"rendered":"<p>El Superintendente del Cuerpo de Bomberos de Santa Mar\u00eda, Juan Francisco Quiroga, y Alicia Alegr\u00eda, representante de Serplac Regi\u00f3n de Valpara\u00edso, visitaron al presidente nacional de Bomberos de Chile, Miguel Reyes N\u00fa\u00f1ez,&#8230;<\/p>\n","protected":false},"author":1,"featured_media":69871,"comment_status":"open","ping_status":"open","sticky":false,"template":"","format":"standard","meta":{"advanced_seo_description":"","jetpack_seo_html_title":"","jetpack_seo_noindex":false,"_jetpack_memberships_contains_paid_content":false,"footnotes":""},"categories":[15],"tags":[],"class_list":["post-69870","post","type-post","status-publish","format-standard","has-post-thumbnail","hentry","category-comunidad"],"jetpack_featured_media_url":"https:\/\/i0.wp.com\/eltrabajo.cl\/portal\/wp-content\/uploads\/2016\/05\/BOMBEROS-TOCORNAL.jpg?fit=530%2C350&ssl=1","jetpack_sharing_enabled":true,"jetpack_likes_enabled":true,"jetpack-related-posts":[],"_links":{"self":[{"href":"https:\/\/eltrabajo.cl\/portal\/wp-json\/wp\/v2\/posts\/69870","targetHints":{"allow":["GET"]}}],"collection":[{"href":"https:\/\/eltrabajo.cl\/portal\/wp-json\/wp\/v2\/posts"}],"about":[{"href":"https:\/\/eltrabajo.cl\/portal\/wp-json\/wp\/v2\/types\/post"}],"author":[{"embeddable":true,"href":"https:\/\/eltrabajo.cl\/portal\/wp-json\/wp\/v2\/users\/1"}],"replies":[{"embeddable":true,"href":"https:\/\/eltrabajo.cl\/portal\/wp-json\/wp\/v2\/comments?post=69870"}],"version-history":[{"count":0,"href":"https:\/\/eltrabajo.cl\/portal\/wp-json\/wp\/v2\/posts\/69870\/revisions"}],"wp:featuredmedia":[{"embeddable":true,"href":"https:\/\/eltrabajo.cl\/portal\/wp-json\/wp\/v2\/media\/69871"}],"wp:attachment":[{"href":"https:\/\/eltrabajo.cl\/portal\/wp-json\/wp\/v2\/media?parent=69870"}],"wp:term":[{"taxonomy":"category","embeddable":true,"href":"https:\/\/eltrabajo.cl\/portal\/wp-json\/wp\/v2\/categories?post=69870"},{"taxonomy":"post_tag","embeddable":true,"href":"https:\/\/eltrabajo.cl\/portal\/wp-json\/wp\/v2\/tags?post=69870"}],"curies":[{"name":"wp","href":"https:\/\/api.w.org\/{rel}","templated":true}]}}