{"id":69874,"date":"2016-05-18T09:35:36","date_gmt":"2016-05-18T13:35:36","guid":{"rendered":"http:\/\/www.eltrabajo.cl\/portal\/?p=69874"},"modified":"2016-05-18T09:35:36","modified_gmt":"2016-05-18T13:35:36","slug":"luis-valle-ya-calienta-para-el-trail-running-putaendo-100k-2016","status":"publish","type":"post","link":"https:\/\/eltrabajo.cl\/portal\/luis-valle-ya-calienta-para-el-trail-running-putaendo-100k-2016\/","title":{"rendered":"Luis Valle ya calienta para el Trail Running Putaendo 100K 2016"},"content":{"rendered":"<ul>\n<li><strong>A sus 26 a\u00f1os apunta a lo m\u00e1s alto del deporte extremo:<\/strong><\/li>\n<\/ul>\n<p>Para aquellos que no est\u00e1n al tanto de las nuevas tendencias deportivas mundiales, hoy en Diario El Trabajo presentamos el \u2018Trail Running\u2019, que es un deporte que consiste en correr \u2018fuera de pista\u2019, por senderos de monta\u00f1a, huellas, rastros o caminos secundarios, a trav\u00e9s de sectores rurales, cerros y montes, cruzando arroyos y r\u00edos, con grandes trepadas y abruptas bajadas.<br \/>\nPero no solamente te presentaremos las caracter\u00edsticas de este deporte, tambi\u00e9n queremos que el m\u00e1s prometedor deportista en esta disciplina, quien vive en San Felipe y ya se proyecta como un verdadero campe\u00f3n en Chile, Luis Valle Barrientos, de 26 a\u00f1os, lo presente a nuestros lectores.<\/p>\n<p><strong>LA ENTREVISTA<\/strong><br \/>\nNuestro medio habl\u00f3 ayer martes con este amante del deporte extremo, quien es padre de una bella hija de cuatro a\u00f1os, Camila Paz, hija tambi\u00e9n de su pareja, Camila. Ya con sus dos Camilas y con todo un c\u00famulo de sue\u00f1os por cumplir, este minero nos concedi\u00f3 una entrevista especial para conocer c\u00f3mo es que \u00e9l viene ganando los circuitos m\u00e1s duros del pa\u00eds del trail running.<br \/>\n<strong>&#8211; \u00bfQu\u00e9 es esto del trail running en el que te metiste?<\/strong><br \/>\n&#8211; Se diferencia de los maratones y el senderismo en que por lo general se lleva a cabo en lugares m\u00e1s agrestes, muy a menudo en terrenos monta\u00f1osos con grandes pendientes donde se asciende y desciende continuamente; por ello, tanto la naturaleza del terreno como el desnivel del recorrido, adem\u00e1s de la distancia, son dos caracter\u00edsticas fundamentales de un recorrido de trail running.<br \/>\n<strong>&#8211; En las carreras de campo traviesa se corren distancias cortas, rara vez m\u00e1s de 12 kil\u00f3metros, \u00bft\u00fa corres distancias superiores a esa?<\/strong><br \/>\n&#8211; Claro. En 2014 corr\u00ed y gan\u00e9 el Columbia Trail Challenge 70 K de Olmu\u00e9; gan\u00e9 tambi\u00e9n el Desaf\u00edo Cumbres Mountain Hardwear 24K en 2015, que fue a 5.000 metros sobre el nivel del mar; obtuve el primer lugar en el Trail Running Putaendo 2015, que son 100 kil\u00f3metros.<br \/>\n<strong>&#8211; \u00bfPara cu\u00e1l competencia te est\u00e1s ya preparando y hacia d\u00f3nde apuntas en tu futuro deportivo?<\/strong><br \/>\n&#8211; Bueno, lo que viene es el 11 de junio, la cuarta versi\u00f3n Trail Running Putaendo 100K 2016, espero tambi\u00e9n ganarla este a\u00f1o. Yo apunto a ganar al menos una vez, el circuito m\u00e1s poderoso del pa\u00eds, estoy hablando del 160 K Endurance Challenge de San Carlos de Apoquindo.<br \/>\n<strong>&#8211; \u00bfQu\u00e9 empresas o personas te est\u00e1n patrocinando?<\/strong><br \/>\n&#8211; De momento son dos los patrocinadores que me est\u00e1n respaldando, Gimnasio Workout de San Felipe y Mammut Chile, a quienes agradezco p\u00fablicamente por su apoyo incondicional.<br \/>\n<strong>Roberto Gonz\u00e1lez Short<\/strong><br \/>\n<strong>rgonzalez@eltrabajo.cl<\/strong><\/p>\n<figure id=\"attachment_69875\" aria-describedby=\"caption-attachment-69875\" style=\"width: 530px\" class=\"wp-caption alignleft\"><a href=\"http:\/\/www.eltrabajo.cl\/portal\/luis-valle-ya-calienta-para-el-trail-running-putaendo-100k-2016\/corre1\/\" rel=\"attachment wp-att-69875\"><img data-recalc-dims=\"1\" loading=\"lazy\" decoding=\"async\" class=\"size-full wp-image-69875\" src=\"https:\/\/i0.wp.com\/www.eltrabajo.cl\/portal\/wp-content\/uploads\/2016\/05\/Corre1.jpg?resize=530%2C350\" alt=\"LA JUVENTUD IMPONE.- Majestuosos son los paisajes en donde corre este aconcag\u00fcino en busca de sus sue\u00f1os.\" width=\"530\" height=\"350\" srcset=\"https:\/\/i0.wp.com\/eltrabajo.cl\/portal\/wp-content\/uploads\/2016\/05\/Corre1.jpg?w=530&amp;ssl=1 530w, https:\/\/i0.wp.com\/eltrabajo.cl\/portal\/wp-content\/uploads\/2016\/05\/Corre1.jpg?resize=200%2C132&amp;ssl=1 200w, https:\/\/i0.wp.com\/eltrabajo.cl\/portal\/wp-content\/uploads\/2016\/05\/Corre1.jpg?resize=300%2C198&amp;ssl=1 300w, https:\/\/i0.wp.com\/eltrabajo.cl\/portal\/wp-content\/uploads\/2016\/05\/Corre1.jpg?resize=227%2C150&amp;ssl=1 227w, https:\/\/i0.wp.com\/eltrabajo.cl\/portal\/wp-content\/uploads\/2016\/05\/Corre1.jpg?resize=400%2C264&amp;ssl=1 400w\" sizes=\"auto, (max-width: 530px) 100vw, 530px\" \/><\/a><figcaption id=\"caption-attachment-69875\" class=\"wp-caption-text\">LA JUVENTUD IMPONE.- Majestuosos son los paisajes en donde corre este aconcag\u00fcino en busca de sus sue\u00f1os.<\/figcaption><\/figure>\n<figure id=\"attachment_69876\" aria-describedby=\"caption-attachment-69876\" style=\"width: 530px\" class=\"wp-caption alignleft\"><a href=\"http:\/\/www.eltrabajo.cl\/portal\/luis-valle-ya-calienta-para-el-trail-running-putaendo-100k-2016\/corre2\/\" rel=\"attachment wp-att-69876\"><img data-recalc-dims=\"1\" loading=\"lazy\" decoding=\"async\" class=\"size-full wp-image-69876\" src=\"https:\/\/i0.wp.com\/www.eltrabajo.cl\/portal\/wp-content\/uploads\/2016\/05\/Corre2.jpg?resize=530%2C348\" alt=\"IMPARABLE.- Aqu\u00ed le vemos en plena faena deportiva del trail running que tanto le apasiona.\" width=\"530\" height=\"348\" srcset=\"https:\/\/i0.wp.com\/eltrabajo.cl\/portal\/wp-content\/uploads\/2016\/05\/Corre2.jpg?w=530&amp;ssl=1 530w, https:\/\/i0.wp.com\/eltrabajo.cl\/portal\/wp-content\/uploads\/2016\/05\/Corre2.jpg?resize=200%2C131&amp;ssl=1 200w, https:\/\/i0.wp.com\/eltrabajo.cl\/portal\/wp-content\/uploads\/2016\/05\/Corre2.jpg?resize=300%2C197&amp;ssl=1 300w, https:\/\/i0.wp.com\/eltrabajo.cl\/portal\/wp-content\/uploads\/2016\/05\/Corre2.jpg?resize=228%2C150&amp;ssl=1 228w, https:\/\/i0.wp.com\/eltrabajo.cl\/portal\/wp-content\/uploads\/2016\/05\/Corre2.jpg?resize=400%2C263&amp;ssl=1 400w\" sizes=\"auto, (max-width: 530px) 100vw, 530px\" \/><\/a><figcaption id=\"caption-attachment-69876\" class=\"wp-caption-text\">IMPARABLE.- Aqu\u00ed le vemos en plena faena deportiva del trail running que tanto le apasiona.<\/figcaption><\/figure>\n<figure id=\"attachment_69877\" aria-describedby=\"caption-attachment-69877\" style=\"width: 530px\" class=\"wp-caption alignleft\"><a href=\"http:\/\/www.eltrabajo.cl\/portal\/luis-valle-ya-calienta-para-el-trail-running-putaendo-100k-2016\/corre3\/\" rel=\"attachment wp-att-69877\"><img data-recalc-dims=\"1\" loading=\"lazy\" decoding=\"async\" class=\"size-full wp-image-69877\" src=\"https:\/\/i0.wp.com\/www.eltrabajo.cl\/portal\/wp-content\/uploads\/2016\/05\/Corre3.jpg?resize=530%2C348\" alt=\"DE NOCHE TAMBI\u00c9N.- Para este joven deportista no existe la noche ni el d\u00eda que lo detenga, la meta es ganar.\" width=\"530\" height=\"348\" srcset=\"https:\/\/i0.wp.com\/eltrabajo.cl\/portal\/wp-content\/uploads\/2016\/05\/Corre3.jpg?w=530&amp;ssl=1 530w, https:\/\/i0.wp.com\/eltrabajo.cl\/portal\/wp-content\/uploads\/2016\/05\/Corre3.jpg?resize=200%2C131&amp;ssl=1 200w, https:\/\/i0.wp.com\/eltrabajo.cl\/portal\/wp-content\/uploads\/2016\/05\/Corre3.jpg?resize=300%2C197&amp;ssl=1 300w, https:\/\/i0.wp.com\/eltrabajo.cl\/portal\/wp-content\/uploads\/2016\/05\/Corre3.jpg?resize=228%2C150&amp;ssl=1 228w, https:\/\/i0.wp.com\/eltrabajo.cl\/portal\/wp-content\/uploads\/2016\/05\/Corre3.jpg?resize=400%2C263&amp;ssl=1 400w\" sizes=\"auto, (max-width: 530px) 100vw, 530px\" \/><\/a><figcaption id=\"caption-attachment-69877\" class=\"wp-caption-text\">DE NOCHE TAMBI\u00c9N.- Para este joven deportista no existe la noche ni el d\u00eda que lo detenga, la meta es ganar.<\/figcaption><\/figure>\n<figure id=\"attachment_69878\" aria-describedby=\"caption-attachment-69878\" style=\"width: 530px\" class=\"wp-caption alignleft\"><a href=\"http:\/\/www.eltrabajo.cl\/portal\/luis-valle-ya-calienta-para-el-trail-running-putaendo-100k-2016\/corre4\/\" rel=\"attachment wp-att-69878\"><img data-recalc-dims=\"1\" loading=\"lazy\" decoding=\"async\" class=\"size-full wp-image-69878\" src=\"https:\/\/i0.wp.com\/www.eltrabajo.cl\/portal\/wp-content\/uploads\/2016\/05\/Corre4.jpg?resize=530%2C348\" alt=\"GRAN CAMPE\u00d3N.- Luis Valle ya ha conquistado muchos premios a base de trabajo duro, ahora est\u00e1 prepar\u00e1ndose para lo que viene el 11 de junio, la cuarta versi\u00f3n Trail Running Putaendo 2016.\" width=\"530\" height=\"348\" srcset=\"https:\/\/i0.wp.com\/eltrabajo.cl\/portal\/wp-content\/uploads\/2016\/05\/Corre4.jpg?w=530&amp;ssl=1 530w, https:\/\/i0.wp.com\/eltrabajo.cl\/portal\/wp-content\/uploads\/2016\/05\/Corre4.jpg?resize=200%2C131&amp;ssl=1 200w, https:\/\/i0.wp.com\/eltrabajo.cl\/portal\/wp-content\/uploads\/2016\/05\/Corre4.jpg?resize=300%2C197&amp;ssl=1 300w, https:\/\/i0.wp.com\/eltrabajo.cl\/portal\/wp-content\/uploads\/2016\/05\/Corre4.jpg?resize=228%2C150&amp;ssl=1 228w, https:\/\/i0.wp.com\/eltrabajo.cl\/portal\/wp-content\/uploads\/2016\/05\/Corre4.jpg?resize=400%2C263&amp;ssl=1 400w\" sizes=\"auto, (max-width: 530px) 100vw, 530px\" \/><\/a><figcaption id=\"caption-attachment-69878\" class=\"wp-caption-text\">GRAN CAMPE\u00d3N.- Luis Valle ya ha conquistado muchos premios a base de trabajo duro, ahora est\u00e1 prepar\u00e1ndose para lo que viene el 11 de junio, la cuarta versi\u00f3n Trail Running Putaendo 2016.<\/figcaption><\/figure>\n<figure id=\"attachment_69879\" aria-describedby=\"caption-attachment-69879\" style=\"width: 300px\" class=\"wp-caption alignleft\"><a href=\"http:\/\/www.eltrabajo.cl\/portal\/luis-valle-ya-calienta-para-el-trail-running-putaendo-100k-2016\/luis-valle\/\" rel=\"attachment wp-att-69879\"><img data-recalc-dims=\"1\" loading=\"lazy\" decoding=\"async\" class=\"size-medium wp-image-69879\" src=\"https:\/\/i0.wp.com\/www.eltrabajo.cl\/portal\/wp-content\/uploads\/2016\/05\/Luis-Valle-300x198.jpg?resize=300%2C198\" alt=\"Luis Valle Barrientos, de 26 a\u00f1os, m\u00e1ximo exponente sanfelipe\u00f1o del trail running.\" width=\"300\" height=\"198\" srcset=\"https:\/\/i0.wp.com\/eltrabajo.cl\/portal\/wp-content\/uploads\/2016\/05\/Luis-Valle.jpg?resize=300%2C198&amp;ssl=1 300w, https:\/\/i0.wp.com\/eltrabajo.cl\/portal\/wp-content\/uploads\/2016\/05\/Luis-Valle.jpg?resize=200%2C132&amp;ssl=1 200w, https:\/\/i0.wp.com\/eltrabajo.cl\/portal\/wp-content\/uploads\/2016\/05\/Luis-Valle.jpg?resize=228%2C150&amp;ssl=1 228w, https:\/\/i0.wp.com\/eltrabajo.cl\/portal\/wp-content\/uploads\/2016\/05\/Luis-Valle.jpg?resize=400%2C263&amp;ssl=1 400w, https:\/\/i0.wp.com\/eltrabajo.cl\/portal\/wp-content\/uploads\/2016\/05\/Luis-Valle.jpg?w=530&amp;ssl=1 530w\" sizes=\"auto, (max-width: 300px) 100vw, 300px\" \/><\/a><figcaption id=\"caption-attachment-69879\" class=\"wp-caption-text\">Luis Valle Barrientos, de 26 a\u00f1os, m\u00e1ximo exponente sanfelipe\u00f1o del trail running.<\/figcaption><\/figure>\n","protected":false},"excerpt":{"rendered":"<p>A sus 26 a\u00f1os apunta a lo m\u00e1s alto del deporte extremo: Para aquellos que no est\u00e1n al tanto de las nuevas tendencias deportivas mundiales, hoy en Diario El Trabajo presentamos el&#8230;<\/p>\n","protected":false},"author":1,"featured_media":69875,"comment_status":"open","ping_status":"open","sticky":false,"template":"","format":"standard","meta":{"advanced_seo_description":"","jetpack_seo_html_title":"","jetpack_seo_noindex":false,"_jetpack_memberships_contains_paid_content":false,"footnotes":""},"categories":[15],"tags":[],"class_list":["post-69874","post","type-post","status-publish","format-standard","has-post-thumbnail","hentry","category-comunidad"],"jetpack_featured_media_url":"https:\/\/i0.wp.com\/eltrabajo.cl\/portal\/wp-content\/uploads\/2016\/05\/Corre1.jpg?fit=530%2C350&ssl=1","jetpack_sharing_enabled":true,"jetpack_likes_enabled":true,"jetpack-related-posts":[],"_links":{"self":[{"href":"https:\/\/eltrabajo.cl\/portal\/wp-json\/wp\/v2\/posts\/69874","targetHints":{"allow":["GET"]}}],"collection":[{"href":"https:\/\/eltrabajo.cl\/portal\/wp-json\/wp\/v2\/posts"}],"about":[{"href":"https:\/\/eltrabajo.cl\/portal\/wp-json\/wp\/v2\/types\/post"}],"author":[{"embeddable":true,"href":"https:\/\/eltrabajo.cl\/portal\/wp-json\/wp\/v2\/users\/1"}],"replies":[{"embeddable":true,"href":"https:\/\/eltrabajo.cl\/portal\/wp-json\/wp\/v2\/comments?post=69874"}],"version-history":[{"count":0,"href":"https:\/\/eltrabajo.cl\/portal\/wp-json\/wp\/v2\/posts\/69874\/revisions"}],"wp:featuredmedia":[{"embeddable":true,"href":"https:\/\/eltrabajo.cl\/portal\/wp-json\/wp\/v2\/media\/69875"}],"wp:attachment":[{"href":"https:\/\/eltrabajo.cl\/portal\/wp-json\/wp\/v2\/media?parent=69874"}],"wp:term":[{"taxonomy":"category","embeddable":true,"href":"https:\/\/eltrabajo.cl\/portal\/wp-json\/wp\/v2\/categories?post=69874"},{"taxonomy":"post_tag","embeddable":true,"href":"https:\/\/eltrabajo.cl\/portal\/wp-json\/wp\/v2\/tags?post=69874"}],"curies":[{"name":"wp","href":"https:\/\/api.w.org\/{rel}","templated":true}]}}