{"id":69882,"date":"2016-05-18T09:37:58","date_gmt":"2016-05-18T13:37:58","guid":{"rendered":"http:\/\/www.eltrabajo.cl\/portal\/?p=69882"},"modified":"2016-05-18T09:37:58","modified_gmt":"2016-05-18T13:37:58","slug":"mayor-hector-soto-asume-oficialmente-como-nuevo-comisario-de-san-felipe","status":"publish","type":"post","link":"https:\/\/eltrabajo.cl\/portal\/mayor-hector-soto-asume-oficialmente-como-nuevo-comisario-de-san-felipe\/","title":{"rendered":"Mayor H\u00e9ctor Soto asume oficialmente como nuevo Comisario de San Felipe"},"content":{"rendered":"<ul>\n<li><strong>Pretende una pol\u00edtica de puertas abiertas con la comunidad:\u00a0Tras su experiencia en distintas regiones del pa\u00eds, asegur\u00f3 en una entrevista a Diario El Trabajo que implementar\u00e1 nuevas ideas para combatir la ocurrencia de delitos en la zona a prop\u00f3sito de la seguidilla de robos ocurridos en la ciudad.<\/strong><\/li>\n<\/ul>\n<p>Oficialmente desde este lunes, asumi\u00f3 sus funciones como Comisario de la Segunda Comisar\u00eda de San Felipe, el Mayor H\u00e9ctor Soto Moeller tras meses de espera, luego de la abrupta petici\u00f3n a retiro voluntario en febrero de este a\u00f1o, del entonces asumido Mayor \u00c1lvaro Rodr\u00edguez dejando abierta la vacante de este importante cargo policial.<br \/>\nPor disposici\u00f3n del Alto Mando Institucional, el designado Comisario de San Felipe, H\u00e9ctor Soto, proveniente de la ciudad de Los \u00c1ngeles mantiene una experiencia de 22 a\u00f1os de intachable carrera policial. Durante el \u00faltimo per\u00edodo ha ejercido en distintos destacamentos policiales al mando de los uniformados en localidades como Santiago, Puerto Varas y Mulch\u00e9n.<br \/>\nEn entrevista con Diario El Trabajo, el oficial destac\u00f3 su labor policial en provincia, haciendo hincapi\u00e9 que el trabajo fuera de la capital, es m\u00e1s cercano a la ciudadan\u00eda, pretendiendo ejercer de buena forma al mando de esta unidad y de los nueve destacamentos que conforman las seis comunas de la provincia de San Felipe<br \/>\n\u201cEs un buen desaf\u00edo es primer mi primera aproximaci\u00f3n que tengo en esta comuna, tengo experiencia en distintos destacamentos policiales en los \u00faltimos cuatro a\u00f1os, lo cual he conformado equipos de trabajo, siempre orientado a mejorar el servicio policial y que la ciudadan\u00eda as\u00ed tambi\u00e9n lo perciba. A trav\u00e9s de los medios de prensa pretendemos que se informe el trabajo que se est\u00e1 desarrollando en t\u00e9rminos preventivos, en campa\u00f1as, en t\u00e9rminos de detenciones, estad\u00edsticas para disponer de los servicios policiales en base a las denuncias que recibimos d\u00eda a d\u00eda\u201d.<br \/>\n<strong>&#8211; \u00bfC\u00f3mo proyecta su gesti\u00f3n en la zona?<\/strong><br \/>\n&#8211; Queremos hacer una atenci\u00f3n m\u00e1s personalizada y profesionalizando el d\u00eda a d\u00eda, es importante retroalimentarnos de la percepci\u00f3n que tiene la ciudadan\u00eda con Carabineros, que nos digan de qu\u00e9 forma y manera podemos ir mejorando y hay que tener una pol\u00edtica de puertas abiertas donde la gente se acerque a la comisar\u00eda, pedir hablar con el Comisario que soy yo u otro oficial, pero la idea es que no exista temor, que haya confianza.<br \/>\n<strong>&#8211; Ud. asume justo tras una seguidilla de robos en la comuna \u00bfTiene un plan de trabajo para reforzar la seguridad?<\/strong><br \/>\n&#8211; El delito es generalizado respecto al m\u00e9todo que se opera a nivel nacional, haciendo un diagn\u00f3stico comunal uno puede establecer un alineamiento, sumado a ella la experiencia que afortunadamente he tenido en otras unidades del pa\u00eds que me permite complementar esas estrategias que han dado buenos resultados, de eso se trata, aterrizar esas buenas ideas y que se refleje en menos delitos, en una mayor sensaci\u00f3n de seguridad de parte de la gente y evidentemente que puedan adoptar sus medidas de seguridad como lo es el robo de accesorios de veh\u00edculos.<br \/>\n<strong>&#8211; \u00bfCu\u00e1les son las expectativas para esta Comisar\u00eda?<\/strong><br \/>\n&#8211; La idea es optimizar el recurso, los carabineros que hay en las distintas subcomisarias, retenes aqu\u00ed en la comisar\u00eda, pretendemos hacer un an\u00e1lisis de los servicios que se est\u00e1n desarrollando en Carabineros y poder desarrollar servicios un poco m\u00e1s focalizado en cuanto a los horarios y lugares de la comisi\u00f3n del il\u00edcito y pretendemos poner metas a corto plazo, evaluar de acuerdo a la percepci\u00f3n de la ciudan\u00eda, juntas de vecinos, las fuerzas vivas de la comuna para poder complementar la labor policial y que efectivamente rindan sus resultados.<br \/>\n<strong>Pablo Salinas Sald\u00edas<\/strong><\/p>\n<figure id=\"attachment_69883\" aria-describedby=\"caption-attachment-69883\" style=\"width: 530px\" class=\"wp-caption alignleft\"><a href=\"http:\/\/www.eltrabajo.cl\/portal\/mayor-hector-soto-asume-oficialmente-como-nuevo-comisario-de-san-felipe\/sdr\/\" rel=\"attachment wp-att-69883\"><img data-recalc-dims=\"1\" loading=\"lazy\" decoding=\"async\" class=\"size-full wp-image-69883\" src=\"https:\/\/i0.wp.com\/www.eltrabajo.cl\/portal\/wp-content\/uploads\/2016\/05\/COMISARIO-HECTOR-SOTO.jpg?resize=530%2C348\" alt=\"El Comisario de San Felipe, Mayor H\u00e9ctor Soto Moeller.\" width=\"530\" height=\"348\" srcset=\"https:\/\/i0.wp.com\/eltrabajo.cl\/portal\/wp-content\/uploads\/2016\/05\/COMISARIO-HECTOR-SOTO.jpg?w=530&amp;ssl=1 530w, https:\/\/i0.wp.com\/eltrabajo.cl\/portal\/wp-content\/uploads\/2016\/05\/COMISARIO-HECTOR-SOTO.jpg?resize=200%2C131&amp;ssl=1 200w, https:\/\/i0.wp.com\/eltrabajo.cl\/portal\/wp-content\/uploads\/2016\/05\/COMISARIO-HECTOR-SOTO.jpg?resize=300%2C197&amp;ssl=1 300w, https:\/\/i0.wp.com\/eltrabajo.cl\/portal\/wp-content\/uploads\/2016\/05\/COMISARIO-HECTOR-SOTO.jpg?resize=228%2C150&amp;ssl=1 228w, https:\/\/i0.wp.com\/eltrabajo.cl\/portal\/wp-content\/uploads\/2016\/05\/COMISARIO-HECTOR-SOTO.jpg?resize=400%2C263&amp;ssl=1 400w\" sizes=\"auto, (max-width: 530px) 100vw, 530px\" \/><\/a><figcaption id=\"caption-attachment-69883\" class=\"wp-caption-text\">El Comisario de San Felipe, Mayor H\u00e9ctor Soto Moeller.<\/figcaption><\/figure>\n","protected":false},"excerpt":{"rendered":"<p>Pretende una pol\u00edtica de puertas abiertas con la comunidad:\u00a0Tras su experiencia en distintas regiones del pa\u00eds, asegur\u00f3 en una entrevista a Diario El Trabajo que implementar\u00e1 nuevas ideas para combatir la ocurrencia&#8230;<\/p>\n","protected":false},"author":1,"featured_media":69883,"comment_status":"open","ping_status":"open","sticky":false,"template":"","format":"standard","meta":{"advanced_seo_description":"","jetpack_seo_html_title":"","jetpack_seo_noindex":false,"_jetpack_memberships_contains_paid_content":false,"footnotes":""},"categories":[15],"tags":[],"class_list":["post-69882","post","type-post","status-publish","format-standard","has-post-thumbnail","hentry","category-comunidad"],"jetpack_featured_media_url":"https:\/\/i0.wp.com\/eltrabajo.cl\/portal\/wp-content\/uploads\/2016\/05\/COMISARIO-HECTOR-SOTO.jpg?fit=530%2C348&ssl=1","jetpack_sharing_enabled":true,"jetpack_likes_enabled":true,"jetpack-related-posts":[],"_links":{"self":[{"href":"https:\/\/eltrabajo.cl\/portal\/wp-json\/wp\/v2\/posts\/69882","targetHints":{"allow":["GET"]}}],"collection":[{"href":"https:\/\/eltrabajo.cl\/portal\/wp-json\/wp\/v2\/posts"}],"about":[{"href":"https:\/\/eltrabajo.cl\/portal\/wp-json\/wp\/v2\/types\/post"}],"author":[{"embeddable":true,"href":"https:\/\/eltrabajo.cl\/portal\/wp-json\/wp\/v2\/users\/1"}],"replies":[{"embeddable":true,"href":"https:\/\/eltrabajo.cl\/portal\/wp-json\/wp\/v2\/comments?post=69882"}],"version-history":[{"count":0,"href":"https:\/\/eltrabajo.cl\/portal\/wp-json\/wp\/v2\/posts\/69882\/revisions"}],"wp:featuredmedia":[{"embeddable":true,"href":"https:\/\/eltrabajo.cl\/portal\/wp-json\/wp\/v2\/media\/69883"}],"wp:attachment":[{"href":"https:\/\/eltrabajo.cl\/portal\/wp-json\/wp\/v2\/media?parent=69882"}],"wp:term":[{"taxonomy":"category","embeddable":true,"href":"https:\/\/eltrabajo.cl\/portal\/wp-json\/wp\/v2\/categories?post=69882"},{"taxonomy":"post_tag","embeddable":true,"href":"https:\/\/eltrabajo.cl\/portal\/wp-json\/wp\/v2\/tags?post=69882"}],"curies":[{"name":"wp","href":"https:\/\/api.w.org\/{rel}","templated":true}]}}