{"id":69886,"date":"2016-05-18T09:52:03","date_gmt":"2016-05-18T13:52:03","guid":{"rendered":"http:\/\/www.eltrabajo.cl\/portal\/?p=69886"},"modified":"2016-05-18T09:52:03","modified_gmt":"2016-05-18T13:52:03","slug":"denuncian-a-esval-por-explotar-6-pozos-de-agua-en-llay-llay-en-forma-ilegal","status":"publish","type":"post","link":"https:\/\/eltrabajo.cl\/portal\/denuncian-a-esval-por-explotar-6-pozos-de-agua-en-llay-llay-en-forma-ilegal\/","title":{"rendered":"Denuncian a Esval por explotar 6\u00a0pozos de agua en Llay Llay en forma ilegal"},"content":{"rendered":"<ul>\n<li><strong>Acusaci\u00f3n de vecinos del sector fue comprobada por la Direcci\u00f3n General de Aguas:\u00a0Organismo dependiente del Ministerio de Obras P\u00fablicas, MOP, verific\u00f3 en terreno la ilegalidad de las captaciones y formaliz\u00f3 la denuncia en Tribunales. Por su parte, la sanitaria asegura que las fuentes h\u00eddricas no est\u00e1n operativas y que los permisos para trasladar los derechos de explotaci\u00f3n est\u00e1n en tramitaci\u00f3n.<\/strong><\/li>\n<\/ul>\n<p>Una grave situaci\u00f3n tendr\u00e1 que enfrentar la Empresa Esval, luego que la Direcci\u00f3n General de Aguas, DGA, de la Regi\u00f3n de Valpara\u00edso, comprobara la veracidad de la denuncia que realizaron hace unas semanas vecinos de Llay Llay, quienes acusaban a la sanitaria de construir y explotar de forma ilegal una bater\u00eda de pozos en el sector de Las Vegas.<br \/>\nEl Director Regional de la DGA, Gonzalo Pe\u00f1a, afirm\u00f3 que en el lugar existen captaciones pertenecientes al Agua Potable Rural, APR, aprobados por la DOH (Direcci\u00f3n de Obras Hidr\u00e1ulicas), los cuales est\u00e1n dentro de la normativa vigente. Sin embargo, Esval habr\u00eda construido 6 pozos m\u00e1s que no poseen los derechos de agua necesarios para su explotaci\u00f3n, situaci\u00f3n que fue comprobada en terreno por profesionales del organismo dependiente del Ministerio de Obras P\u00fablicas, MOP.<br \/>\n\u201cLa gente hizo la denuncia y nosotros (DGA), acogimos la denuncia, como Esval no tiene derechos de agua en ese lugar, lo enviamos al tribunal para aplicar las multas correspondientes, as\u00ed que, hacemos un llamado a la poblaci\u00f3n, que en este caso nosotros como instituci\u00f3n funcionamos y que acogimos la denuncia de los vecinos del APR Las Vegas y solicitamos al tribunal que act\u00fae contra la empresa\u201d, describi\u00f3 Pe\u00f1a.<br \/>\nRespecto de c\u00f3mo verificaron esta infracci\u00f3n, el profesional agreg\u00f3 que \u201cel C\u00f3digo de aguas establece claramente que cualquier persona o empresa puede hacer obras de exploraci\u00f3n, es decir, hacer un hoyo en la tierra y estudiar la posibilidad de extraer el recurso. Ahora d\u00f3nde interviene la reglamentaci\u00f3n directa, cuando se descubre que desde esa captaci\u00f3n se instalan mangueras y maquinarias para sacar agua, y eso fue lo que pudimos comprobar en terreno, que los pozos estaban en funcionamiento\u201d, detall\u00f3 el Director Regional de DGA.<br \/>\nSeg\u00fan Pe\u00f1a, la gravedad de este asunto radica fundamentalmente, en que la primera secci\u00f3n del R\u00edo Aconcagua, producto de las lluvias, ha visto muy recuperada sus napas subterr\u00e1neas, sin embargo, esto no significa que haya quedado atr\u00e1s el estado de sequ\u00eda y que cualquier particular pueda explotar la zona sin los permisos correspondientes.<br \/>\nEl alcalde de Llay Llay, Mario Marillanca, reafirm\u00f3 los dichos de Pe\u00f1a, asegurando que \u201ca ra\u00edz de la sequ\u00eda y de la construcci\u00f3n de pozos la bomba qued\u00f3 colgando, as\u00ed que tuvieron que profundizarlo y la idea es que no tengamos que seguir profundizando porque aquello conlleva m\u00e1s esfuerzos para poder sacar el agua, as\u00ed que esperamos que esto se revierta y el agua fluya como antes\u201d, declar\u00f3.<\/p>\n<p><strong>La contraparte<\/strong><br \/>\nLa defensa de la Compa\u00f1\u00eda, qued\u00f3 en voz del Subgerente Zonal de Esval, Alejandro P\u00e9rez, quien aclar\u00f3 que la utilizaci\u00f3n de estos pozos tiene que ver con la situaci\u00f3n de escasez h\u00eddrica que vive la regi\u00f3n y que la construcci\u00f3n de estos precisamente surge para poder suplementar el agua que va al Gran Valpara\u00edso, cuando la empresa lo estime extremadamente necesario; \u201clos pozos por el momento est\u00e1n de respaldo, no se est\u00e1n operando, pero est\u00e1n disponibles en caso de que se requiera asegurar el suministro a parte importante de la regi\u00f3n\u201d, detall\u00f3 el profesional.<br \/>\nRespecto de lo que ocurre con los permisos para poder hacer uso de esta bater\u00eda de pozos, P\u00e9rez fundament\u00f3 que \u201cnosotros tenemos derechos en exceso en el Sector de Las Vegas, pero estamos haciendo el tr\u00e1mite para trasladarlo hasta el punto de los pozos, situaci\u00f3n que debiese estar por regularizarse, ya que est\u00e1 toda la informaci\u00f3n en manos de las autoridades, para que se pueda regularizar a la brevedad\u201d, explic\u00f3.<br \/>\nEn relaci\u00f3n con el trabajo que se hace con el APR del sector y de c\u00f3mo se maneja la informaci\u00f3n con sus dirigentes y la forma en que se debiera canalizar este tipo de situaciones para no generar inquietud en la comunidad, el representante de la empresa privada, a\u00f1adi\u00f3 que \u201cnosotros hemos estado en un proceso de acercamiento desde hace mucho tiempo con ellos (APR), m\u00e1s de un a\u00f1o. De hecho nosotros le prestamos asesor\u00eda t\u00e9cnica y adem\u00e1s les enviamos una carta de compromiso para cumplir con esta labor cuando ellos lo requieran\u201d, asever\u00f3.<br \/>\nDe acuerdo con lo manifestado por P\u00e9rez, el pozo del APR Las Vegas tiene una profundidad de unos 40 metros y actualmente est\u00e1 a un 75 por ciento de su capacidad con una depresi\u00f3n de s\u00f3lo 8 metros, por lo que, el sector no debiese presentar problemas de abastecimiento. A\u00fan as\u00ed, el profesional cont\u00f3 que la compa\u00f1\u00eda est\u00e1 construyendo una l\u00ednea de 250 metros de tuber\u00eda, junto con una bomba y una planta elevadora, para dejarlos blindados en caso de que los vecinos piensen que se pueden llegar a ver afectos por esta situaci\u00f3n.<br \/>\n\u201cEn este minuto nosotros tenemos un \u00e1rea que denominamos Subgerencia de sequ\u00eda, que se encarga de todo este tipo de situaciones, est\u00e1 en permanente contacto con el presidente y la secretaria del APR, que es la encargada del pozo y de su sistema productivo, as\u00ed que por ese lado estamos en contacto con ellos, llev\u00e1ndole tranquilidad y asegur\u00e1ndole el suministro\u201d, expres\u00f3 el subgerente zonal de Esval.<br \/>\nEn referencia a la posibilidad del traslado de derechos a la que hace referencia Alejando P\u00e9rez, el alcalde Marillanca reaccion\u00f3 argumentando que \u201cEsval eventualmente tiene derecho de aguas en la comuna, pero no puede trasladarlos de una cuenca a otra en Aconcagua, ellos tienen derechos de explotaci\u00f3n en Petorca, La Ligua, pero no pueden trasladarlos a Llay Llay para justificar la sacada de agua, pero ah\u00ed tendr\u00e1 que dictaminar la justicia\u201d, concluy\u00f3 el edil.<\/p>\n<figure id=\"attachment_69887\" aria-describedby=\"caption-attachment-69887\" style=\"width: 530px\" class=\"wp-caption alignleft\"><a href=\"http:\/\/www.eltrabajo.cl\/portal\/denuncian-a-esval-por-explotar-6-pozos-de-agua-en-llay-llay-en-forma-ilegal\/copia\/\" rel=\"attachment wp-att-69887\"><img data-recalc-dims=\"1\" loading=\"lazy\" decoding=\"async\" class=\"size-full wp-image-69887\" src=\"https:\/\/i0.wp.com\/www.eltrabajo.cl\/portal\/wp-content\/uploads\/2016\/05\/copia.jpg?resize=530%2C349\" alt=\"Mario Marillanca, Alcalde de Llay Llay; Gonzalo Pe\u00f1a, Director Regional DGA; Alejandro P\u00e9rez, Subgerente Zonal de Esval.\" width=\"530\" height=\"349\" srcset=\"https:\/\/i0.wp.com\/eltrabajo.cl\/portal\/wp-content\/uploads\/2016\/05\/copia.jpg?w=530&amp;ssl=1 530w, https:\/\/i0.wp.com\/eltrabajo.cl\/portal\/wp-content\/uploads\/2016\/05\/copia.jpg?resize=200%2C132&amp;ssl=1 200w, https:\/\/i0.wp.com\/eltrabajo.cl\/portal\/wp-content\/uploads\/2016\/05\/copia.jpg?resize=300%2C198&amp;ssl=1 300w, https:\/\/i0.wp.com\/eltrabajo.cl\/portal\/wp-content\/uploads\/2016\/05\/copia.jpg?resize=228%2C150&amp;ssl=1 228w, https:\/\/i0.wp.com\/eltrabajo.cl\/portal\/wp-content\/uploads\/2016\/05\/copia.jpg?resize=400%2C263&amp;ssl=1 400w\" sizes=\"auto, (max-width: 530px) 100vw, 530px\" \/><\/a><figcaption id=\"caption-attachment-69887\" class=\"wp-caption-text\">Mario Marillanca, Alcalde de Llay Llay; Gonzalo Pe\u00f1a, Director Regional DGA; Alejandro P\u00e9rez, Subgerente Zonal de Esval.<\/figcaption><\/figure>\n","protected":false},"excerpt":{"rendered":"<p>Acusaci\u00f3n de vecinos del sector fue comprobada por la Direcci\u00f3n General de Aguas:\u00a0Organismo dependiente del Ministerio de Obras P\u00fablicas, MOP, verific\u00f3 en terreno la ilegalidad de las captaciones y formaliz\u00f3 la denuncia&#8230;<\/p>\n","protected":false},"author":1,"featured_media":69887,"comment_status":"open","ping_status":"open","sticky":false,"template":"","format":"standard","meta":{"advanced_seo_description":"","jetpack_seo_html_title":"","jetpack_seo_noindex":false,"_jetpack_memberships_contains_paid_content":false,"footnotes":""},"categories":[1],"tags":[],"class_list":["post-69886","post","type-post","status-publish","format-standard","has-post-thumbnail","hentry","category-cronica"],"jetpack_featured_media_url":"https:\/\/i0.wp.com\/eltrabajo.cl\/portal\/wp-content\/uploads\/2016\/05\/copia.jpg?fit=530%2C349&ssl=1","jetpack_sharing_enabled":true,"jetpack_likes_enabled":true,"jetpack-related-posts":[],"_links":{"self":[{"href":"https:\/\/eltrabajo.cl\/portal\/wp-json\/wp\/v2\/posts\/69886","targetHints":{"allow":["GET"]}}],"collection":[{"href":"https:\/\/eltrabajo.cl\/portal\/wp-json\/wp\/v2\/posts"}],"about":[{"href":"https:\/\/eltrabajo.cl\/portal\/wp-json\/wp\/v2\/types\/post"}],"author":[{"embeddable":true,"href":"https:\/\/eltrabajo.cl\/portal\/wp-json\/wp\/v2\/users\/1"}],"replies":[{"embeddable":true,"href":"https:\/\/eltrabajo.cl\/portal\/wp-json\/wp\/v2\/comments?post=69886"}],"version-history":[{"count":0,"href":"https:\/\/eltrabajo.cl\/portal\/wp-json\/wp\/v2\/posts\/69886\/revisions"}],"wp:featuredmedia":[{"embeddable":true,"href":"https:\/\/eltrabajo.cl\/portal\/wp-json\/wp\/v2\/media\/69887"}],"wp:attachment":[{"href":"https:\/\/eltrabajo.cl\/portal\/wp-json\/wp\/v2\/media?parent=69886"}],"wp:term":[{"taxonomy":"category","embeddable":true,"href":"https:\/\/eltrabajo.cl\/portal\/wp-json\/wp\/v2\/categories?post=69886"},{"taxonomy":"post_tag","embeddable":true,"href":"https:\/\/eltrabajo.cl\/portal\/wp-json\/wp\/v2\/tags?post=69886"}],"curies":[{"name":"wp","href":"https:\/\/api.w.org\/{rel}","templated":true}]}}