{"id":69892,"date":"2016-05-19T08:58:52","date_gmt":"2016-05-19T12:58:52","guid":{"rendered":"http:\/\/www.eltrabajo.cl\/portal\/?p=69892"},"modified":"2016-05-19T08:58:52","modified_gmt":"2016-05-19T12:58:52","slug":"emprendedores-de-aconcagua-participaron-en-seminario-de-turismo-rural","status":"publish","type":"post","link":"https:\/\/eltrabajo.cl\/portal\/emprendedores-de-aconcagua-participaron-en-seminario-de-turismo-rural\/","title":{"rendered":"Emprendedores de Aconcagua participaron en Seminario de Turismo Rural"},"content":{"rendered":"<ul>\n<li><strong>La actividad organizada por el Centro de Emprendimiento e Innovaci\u00f3n de la Universidad de Playa Ancha, en conjunto con Sernatur e Indap, tuvo como objetivo la articulaci\u00f3n p\u00fablico privada en las provincias de San Felipe y Los Andes.<\/strong><\/li>\n<\/ul>\n<p>Colocar en valor los rubros emergentes, como alternativa para el desarrollo de emprendimientos asociados a productos procesados derivados de la actividad agr\u00edcola como mermeladas, quesos y mieles, entre otros, adem\u00e1s de la producci\u00f3n de artesan\u00edas y turismo rural, fue el principal objetivo del seminario organizado por el Centro de Emprendimiento e Innovaci\u00f3n de la Universidad de Playa Ancha, CEI, Sernatur e Indap.<br \/>\nEl \u2018Seminario sobre turismo rural y rubros productivos emergentes del Valle de Aconcagua\u2019 convoc\u00f3 a m\u00e1s de cien empresarios y productores, quienes valoraron la iniciativa que busca relevar la actividad tur\u00edstica del sector.<br \/>\nUna de las expositoras del evento, fue la Directora Regional de Sernatur, Katrina Sanguinetti, quien sostuvo que \u201cla finalidad de este seminario, es ir colocando en la agenda las necesidades, proyecciones y lo que tenemos que trabajar en materias de turismo para el Valle de Aconcagua, que tiene muchas virtudes para el desarrollo tur\u00edstico. El objetivo, es la articulaci\u00f3n p\u00fablico privada y discriminar cu\u00e1les son las necesidades m\u00e1s inmediatas y cu\u00e1les son las tareas que podemos abordar respecto a aquellos objetivos que requieren financiamiento y aquellos que requieren solo gesti\u00f3n\u201d.<\/p>\n<p><strong>Rubros emergentes<\/strong><br \/>\nPor su parte, el jefe de fomento de Indap, Fernando Barrientos, otro de los expositores, explic\u00f3 el trabajo que se est\u00e1 desarrollando para fortalecer los denominados rubros emergentes, que agrupan a los productos procesados, artesan\u00eda y turismo rural \u201cnosotros apoyamos esta idea de desarrollar un seminario vinculado a este tema de los rubros emergentes, porque adem\u00e1s nos permite divulgar lo que hace el Ministerio de Agricultura a trav\u00e9s de Indap y que la gente conozca lo que este servicio puede hacer a trav\u00e9s de los distintos apoyos y programas de fomento con que cuenta para el fortalecimiento de la peque\u00f1a agricultura. S\u00f3lo en las provincias de San Felipe y Los Andes Indap tiene cerca de 40 emprendimientos de este tipo entre los que destacan, entre otros, la producci\u00f3n de aceite de oliva, quesos, mieles, deshidratados, cabalgatas y artesan\u00eda\u201d.<br \/>\nFinalmente, el gobernador de San Felipe, Eduardo Le\u00f3n dijo que \u201cnosotros queremos que la provincia pase a un segundo nivel de iniciativa. Sabemos que hay muchos productos de calidad con valor agregado que potenciar. La idea es que los municipios se activen y podamos apoyar a los emprendedores y emprendedoras ya que hoy tenemos muchas l\u00edneas de financiamiento y el Centro de Emprendimiento tiene ese rol, de conectar a los emprendedores con la oferta de Gobierno para salir adelante\u201d se\u00f1al\u00f3 la autoridad provincial.<\/p>\n<figure id=\"attachment_69893\" aria-describedby=\"caption-attachment-69893\" style=\"width: 530px\" class=\"wp-caption alignleft\"><a href=\"http:\/\/www.eltrabajo.cl\/portal\/emprendedores-de-aconcagua-participaron-en-seminario-de-turismo-rural\/seminario-turismo-rural-aconcagua-2\/\" rel=\"attachment wp-att-69893\"><img data-recalc-dims=\"1\" loading=\"lazy\" decoding=\"async\" class=\"size-full wp-image-69893\" src=\"https:\/\/i0.wp.com\/www.eltrabajo.cl\/portal\/wp-content\/uploads\/2016\/05\/Seminario-Turismo-Rural-Aconcagua-2.jpg?resize=530%2C349\" alt=\"Directora Regional de Sernatur, Katrina Sanguinetti; Jefe de Fomento de Indap, Fernando Barrientos.\" width=\"530\" height=\"349\" srcset=\"https:\/\/i0.wp.com\/eltrabajo.cl\/portal\/wp-content\/uploads\/2016\/05\/Seminario-Turismo-Rural-Aconcagua-2.jpg?w=530&amp;ssl=1 530w, https:\/\/i0.wp.com\/eltrabajo.cl\/portal\/wp-content\/uploads\/2016\/05\/Seminario-Turismo-Rural-Aconcagua-2.jpg?resize=200%2C132&amp;ssl=1 200w, https:\/\/i0.wp.com\/eltrabajo.cl\/portal\/wp-content\/uploads\/2016\/05\/Seminario-Turismo-Rural-Aconcagua-2.jpg?resize=300%2C198&amp;ssl=1 300w, https:\/\/i0.wp.com\/eltrabajo.cl\/portal\/wp-content\/uploads\/2016\/05\/Seminario-Turismo-Rural-Aconcagua-2.jpg?resize=228%2C150&amp;ssl=1 228w, https:\/\/i0.wp.com\/eltrabajo.cl\/portal\/wp-content\/uploads\/2016\/05\/Seminario-Turismo-Rural-Aconcagua-2.jpg?resize=400%2C263&amp;ssl=1 400w\" sizes=\"auto, (max-width: 530px) 100vw, 530px\" \/><\/a><figcaption id=\"caption-attachment-69893\" class=\"wp-caption-text\">Directora Regional de Sernatur, Katrina Sanguinetti; Jefe de Fomento de Indap, Fernando Barrientos.<\/figcaption><\/figure>\n<figure id=\"attachment_69894\" aria-describedby=\"caption-attachment-69894\" style=\"width: 530px\" class=\"wp-caption alignleft\"><a href=\"http:\/\/www.eltrabajo.cl\/portal\/emprendedores-de-aconcagua-participaron-en-seminario-de-turismo-rural\/seminario-turismo-rural-aconcagua-3\/\" rel=\"attachment wp-att-69894\"><img data-recalc-dims=\"1\" loading=\"lazy\" decoding=\"async\" class=\"size-full wp-image-69894\" src=\"https:\/\/i0.wp.com\/www.eltrabajo.cl\/portal\/wp-content\/uploads\/2016\/05\/Seminario-Turismo-Rural-Aconcagua-3.jpg?resize=530%2C348\" alt=\"Este seminario convoc\u00f3 a m\u00e1s de cien empresarios y productores, quienes valoraron la iniciativa que busca relevar la actividad tur\u00edstica del sector. \" width=\"530\" height=\"348\" srcset=\"https:\/\/i0.wp.com\/eltrabajo.cl\/portal\/wp-content\/uploads\/2016\/05\/Seminario-Turismo-Rural-Aconcagua-3.jpg?w=530&amp;ssl=1 530w, https:\/\/i0.wp.com\/eltrabajo.cl\/portal\/wp-content\/uploads\/2016\/05\/Seminario-Turismo-Rural-Aconcagua-3.jpg?resize=200%2C131&amp;ssl=1 200w, https:\/\/i0.wp.com\/eltrabajo.cl\/portal\/wp-content\/uploads\/2016\/05\/Seminario-Turismo-Rural-Aconcagua-3.jpg?resize=300%2C197&amp;ssl=1 300w, https:\/\/i0.wp.com\/eltrabajo.cl\/portal\/wp-content\/uploads\/2016\/05\/Seminario-Turismo-Rural-Aconcagua-3.jpg?resize=228%2C150&amp;ssl=1 228w, https:\/\/i0.wp.com\/eltrabajo.cl\/portal\/wp-content\/uploads\/2016\/05\/Seminario-Turismo-Rural-Aconcagua-3.jpg?resize=400%2C263&amp;ssl=1 400w\" sizes=\"auto, (max-width: 530px) 100vw, 530px\" \/><\/a><figcaption id=\"caption-attachment-69894\" class=\"wp-caption-text\">Este seminario convoc\u00f3 a m\u00e1s de cien empresarios y productores, quienes valoraron la iniciativa que busca relevar la actividad tur\u00edstica del sector.<\/figcaption><\/figure>\n","protected":false},"excerpt":{"rendered":"<p>La actividad organizada por el Centro de Emprendimiento e Innovaci\u00f3n de la Universidad de Playa Ancha, en conjunto con Sernatur e Indap, tuvo como objetivo la articulaci\u00f3n p\u00fablico privada en las provincias&#8230;<\/p>\n","protected":false},"author":1,"featured_media":69894,"comment_status":"open","ping_status":"open","sticky":false,"template":"","format":"standard","meta":{"advanced_seo_description":"","jetpack_seo_html_title":"","jetpack_seo_noindex":false,"_jetpack_memberships_contains_paid_content":false,"footnotes":""},"categories":[1],"tags":[],"class_list":["post-69892","post","type-post","status-publish","format-standard","has-post-thumbnail","hentry","category-cronica"],"jetpack_featured_media_url":"https:\/\/i0.wp.com\/eltrabajo.cl\/portal\/wp-content\/uploads\/2016\/05\/Seminario-Turismo-Rural-Aconcagua-3.jpg?fit=530%2C348&ssl=1","jetpack_sharing_enabled":true,"jetpack_likes_enabled":true,"jetpack-related-posts":[],"_links":{"self":[{"href":"https:\/\/eltrabajo.cl\/portal\/wp-json\/wp\/v2\/posts\/69892","targetHints":{"allow":["GET"]}}],"collection":[{"href":"https:\/\/eltrabajo.cl\/portal\/wp-json\/wp\/v2\/posts"}],"about":[{"href":"https:\/\/eltrabajo.cl\/portal\/wp-json\/wp\/v2\/types\/post"}],"author":[{"embeddable":true,"href":"https:\/\/eltrabajo.cl\/portal\/wp-json\/wp\/v2\/users\/1"}],"replies":[{"embeddable":true,"href":"https:\/\/eltrabajo.cl\/portal\/wp-json\/wp\/v2\/comments?post=69892"}],"version-history":[{"count":0,"href":"https:\/\/eltrabajo.cl\/portal\/wp-json\/wp\/v2\/posts\/69892\/revisions"}],"wp:featuredmedia":[{"embeddable":true,"href":"https:\/\/eltrabajo.cl\/portal\/wp-json\/wp\/v2\/media\/69894"}],"wp:attachment":[{"href":"https:\/\/eltrabajo.cl\/portal\/wp-json\/wp\/v2\/media?parent=69892"}],"wp:term":[{"taxonomy":"category","embeddable":true,"href":"https:\/\/eltrabajo.cl\/portal\/wp-json\/wp\/v2\/categories?post=69892"},{"taxonomy":"post_tag","embeddable":true,"href":"https:\/\/eltrabajo.cl\/portal\/wp-json\/wp\/v2\/tags?post=69892"}],"curies":[{"name":"wp","href":"https:\/\/api.w.org\/{rel}","templated":true}]}}