{"id":69901,"date":"2016-05-19T09:02:08","date_gmt":"2016-05-19T13:02:08","guid":{"rendered":"http:\/\/www.eltrabajo.cl\/portal\/?p=69901"},"modified":"2016-05-19T09:02:08","modified_gmt":"2016-05-19T13:02:08","slug":"victima-sorprendio-a-delincuente-argentino-robando-en-antejardin-de-su-casa","status":"publish","type":"post","link":"https:\/\/eltrabajo.cl\/portal\/victima-sorprendio-a-delincuente-argentino-robando-en-antejardin-de-su-casa\/","title":{"rendered":"V\u00edctima sorprendi\u00f3 a delincuente argentino robando en antejard\u00edn de su casa"},"content":{"rendered":"<p>Antisocial con un amplio prontuario delictivo fue procesado por la justicia sumando una nueva causa bajo los cargos de robo en lugar habitado cometido en la Villa El Carmen de San Felipe.<br \/>\nUn oportuno llamado telef\u00f3nico que realiz\u00f3 la propia v\u00edctima denunciando el robo de especies desde el interior de su vivienda, permiti\u00f3 a Carabineros la captura oportuna de un ciudadano argentino, quien habr\u00eda escalado hasta el antejard\u00edn del inmueble para cometer el il\u00edcito en la Villa El Carmen de San Felipe.<br \/>\nLos efectivos policiales, al obtener la informaci\u00f3n a trav\u00e9s de la Central de Comunicaciones del 133, de voz de la propia v\u00edctima, tomaron conocimiento que el sujeto, luego de cometer el robo en la vivienda de calle Ciudad de Mendoza, huy\u00f3 en direcci\u00f3n a la l\u00ednea f\u00e9rrea.<br \/>\nSeg\u00fan la polic\u00eda uniformada, un individuo con similares caracter\u00edsticas reportadas, fue observado portando dos bolsas pl\u00e1sticas en calle 12 de Febrero esquina Duc\u00f3, siendo interceptado para efectuarle un control de identidad.<br \/>\nLa Capit\u00e1n de Carabineros, Carolina Fern\u00e1ndez, inform\u00f3 a Diario El Trabajo que al lugar de la detenci\u00f3n de este individuo concurri\u00f3 la misma v\u00edctima, quien reconoci\u00f3 al sujeto como el autor del robo de especies consistentes en maceteros, jarrones de greda y duendes de jard\u00edn que manten\u00eda en su poder.<br \/>\n\u201cPersonal policial al efectuar un patrullaje se percataron de la presencia de este individuo que portaba dos bolsas pl\u00e1sticas con especies en su interior. Al lugar concurre la v\u00edctima quien reconoci\u00f3 inmediatamente al individuo, agregando que la puerta de su casa se encontraba cerrada y candado, presenciando el robo a trav\u00e9s de la ventana del living de su casa, reconociendo las especies de su propiedad\u201d.<br \/>\nLa oficial precis\u00f3 que el imputado result\u00f3 ser un ciudadano de nacionalidad argentina con un nutrido prontuario delictivo por otros delitos, destacando adem\u00e1s la oportuna informaci\u00f3n de la v\u00edctima al nivel 133: \u201cPodemos concluir con estos antecedentes que Carabineros est\u00e1 realizando una labor efectiva en un tiempo de respuesta m\u00ednimo de los requerimientos de la comunidad, a objeto de lograr la detenci\u00f3n de estos sujetos y recuperar las especies de las v\u00edctimas, gracias a la informaci\u00f3n que nos han entregado respecto a las caracter\u00edsticas y el modus operandi de ellos, hemos logrado la detenci\u00f3n de estos individuos para que sean procesados en los controles de detenci\u00f3n\u201d.<br \/>\nEl imputado Dami\u00e1n Vera Cerna, de 35 a\u00f1os de edad, fue trasladado por Carabineros hasta el Juzgado de Garant\u00eda de San Felipe para ser formalizado por la Fiscal\u00eda bajo los cargos de robo en lugar habitado.<br \/>\nEste tribunal asign\u00f3 como medidas cautelares en contra del imputado, el arresto nocturno en dependencias de Gendarmer\u00eda por un plazo de 70 d\u00edas fijados para la investigaci\u00f3n del caso.<br \/>\n<strong>Pablo Salinas Sald\u00edas<\/strong><\/p>\n<figure id=\"attachment_69902\" aria-describedby=\"caption-attachment-69902\" style=\"width: 530px\" class=\"wp-caption alignleft\"><a href=\"http:\/\/www.eltrabajo.cl\/portal\/victima-sorprendio-a-delincuente-argentino-robando-en-antejardin-de-su-casa\/damian-vera-cerna\/\" rel=\"attachment wp-att-69902\"><img data-recalc-dims=\"1\" loading=\"lazy\" decoding=\"async\" class=\"size-full wp-image-69902\" src=\"https:\/\/i0.wp.com\/www.eltrabajo.cl\/portal\/wp-content\/uploads\/2016\/05\/DAMIAN-VERA-CERNA.jpg?resize=530%2C348\" alt=\"El imputado Dami\u00e1n Vera Cerna, de nacionalidad argentina, mantiene un nutrido prontuario delictivo por diversos delitos.\" width=\"530\" height=\"348\" srcset=\"https:\/\/i0.wp.com\/eltrabajo.cl\/portal\/wp-content\/uploads\/2016\/05\/DAMIAN-VERA-CERNA.jpg?w=530&amp;ssl=1 530w, https:\/\/i0.wp.com\/eltrabajo.cl\/portal\/wp-content\/uploads\/2016\/05\/DAMIAN-VERA-CERNA.jpg?resize=200%2C131&amp;ssl=1 200w, https:\/\/i0.wp.com\/eltrabajo.cl\/portal\/wp-content\/uploads\/2016\/05\/DAMIAN-VERA-CERNA.jpg?resize=300%2C197&amp;ssl=1 300w, https:\/\/i0.wp.com\/eltrabajo.cl\/portal\/wp-content\/uploads\/2016\/05\/DAMIAN-VERA-CERNA.jpg?resize=228%2C150&amp;ssl=1 228w, https:\/\/i0.wp.com\/eltrabajo.cl\/portal\/wp-content\/uploads\/2016\/05\/DAMIAN-VERA-CERNA.jpg?resize=400%2C263&amp;ssl=1 400w\" sizes=\"auto, (max-width: 530px) 100vw, 530px\" \/><\/a><figcaption id=\"caption-attachment-69902\" class=\"wp-caption-text\">El imputado Dami\u00e1n Vera Cerna, de nacionalidad argentina, mantiene un nutrido prontuario delictivo por diversos delitos.<\/figcaption><\/figure>\n","protected":false},"excerpt":{"rendered":"<p>Antisocial con un amplio prontuario delictivo fue procesado por la justicia sumando una nueva causa bajo los cargos de robo en lugar habitado cometido en la Villa El Carmen de San Felipe&#8230;.<\/p>\n","protected":false},"author":1,"featured_media":69902,"comment_status":"open","ping_status":"open","sticky":false,"template":"","format":"standard","meta":{"advanced_seo_description":"","jetpack_seo_html_title":"","jetpack_seo_noindex":false,"_jetpack_memberships_contains_paid_content":false,"footnotes":""},"categories":[21],"tags":[],"class_list":["post-69901","post","type-post","status-publish","format-standard","has-post-thumbnail","hentry","category-policial"],"jetpack_featured_media_url":"https:\/\/i0.wp.com\/eltrabajo.cl\/portal\/wp-content\/uploads\/2016\/05\/DAMIAN-VERA-CERNA.jpg?fit=530%2C348&ssl=1","jetpack_sharing_enabled":true,"jetpack_likes_enabled":true,"jetpack-related-posts":[],"_links":{"self":[{"href":"https:\/\/eltrabajo.cl\/portal\/wp-json\/wp\/v2\/posts\/69901","targetHints":{"allow":["GET"]}}],"collection":[{"href":"https:\/\/eltrabajo.cl\/portal\/wp-json\/wp\/v2\/posts"}],"about":[{"href":"https:\/\/eltrabajo.cl\/portal\/wp-json\/wp\/v2\/types\/post"}],"author":[{"embeddable":true,"href":"https:\/\/eltrabajo.cl\/portal\/wp-json\/wp\/v2\/users\/1"}],"replies":[{"embeddable":true,"href":"https:\/\/eltrabajo.cl\/portal\/wp-json\/wp\/v2\/comments?post=69901"}],"version-history":[{"count":0,"href":"https:\/\/eltrabajo.cl\/portal\/wp-json\/wp\/v2\/posts\/69901\/revisions"}],"wp:featuredmedia":[{"embeddable":true,"href":"https:\/\/eltrabajo.cl\/portal\/wp-json\/wp\/v2\/media\/69902"}],"wp:attachment":[{"href":"https:\/\/eltrabajo.cl\/portal\/wp-json\/wp\/v2\/media?parent=69901"}],"wp:term":[{"taxonomy":"category","embeddable":true,"href":"https:\/\/eltrabajo.cl\/portal\/wp-json\/wp\/v2\/categories?post=69901"},{"taxonomy":"post_tag","embeddable":true,"href":"https:\/\/eltrabajo.cl\/portal\/wp-json\/wp\/v2\/tags?post=69901"}],"curies":[{"name":"wp","href":"https:\/\/api.w.org\/{rel}","templated":true}]}}