{"id":69905,"date":"2016-05-19T09:04:08","date_gmt":"2016-05-19T13:04:08","guid":{"rendered":"http:\/\/www.eltrabajo.cl\/portal\/?p=69905"},"modified":"2016-05-19T09:04:08","modified_gmt":"2016-05-19T13:04:08","slug":"padres-de-soldados-conscriptos-hacen-entrega-de-armas-en-emotiva-ceremonia","status":"publish","type":"post","link":"https:\/\/eltrabajo.cl\/portal\/padres-de-soldados-conscriptos-hacen-entrega-de-armas-en-emotiva-ceremonia\/","title":{"rendered":"Padres de soldados conscriptos hacen \u2018Entrega de armas\u2019 en emotiva ceremonia"},"content":{"rendered":"<p><strong>LOS ANDES.-<\/strong> La emoci\u00f3n y simbolismo acompa\u00f1\u00f3 a los soldados conscriptos y familiares que participaron de esta connotada ceremonia, constituyendo una de las actividades m\u00e1s importantes para el contingente, donde sus padres les hicieron entrega del arma que posteriormente, fue bendecida y que los acompa\u00f1ar\u00e1 durante todo su servicio militar.<br \/>\nDurante su discurso, el comandante de la Compa\u00f1\u00eda Andina de Protecci\u00f3n y Administrativa, se\u00f1al\u00f3 la importancia de la entrega de armas por parte de las familias de los soldados, ya que refuerza la misi\u00f3n que le entrega la constituci\u00f3n al Ejercito en el sentido de ser el depositario del monopolio legal del uso racional de la fuerza y, por intermedio de \u00e9sta, poder cumplir con las misiones de defensa y seguridad de la soberan\u00eda nacional, proteger a la poblaci\u00f3n y resguardar el territorio frente amenazas que atenten contra la comunidad nacional, hecho que se ver\u00e1 reafirmado durante el mes de julio cuando los nuevos soldados juren a la bandera, renovando su compromiso para con la Patria.<br \/>\nA su vez, la gobernadora de la provincia de Los Andes, Mar\u00eda Victoria Rodr\u00edguez, y el Teniente Coronel y director de la escuela de Monta\u00f1a, Humberto Julio, hicieron presentes la importancia de esta ceremonia, no solo por el hecho de ser entregada la responsabilidad de resguardar la patria, sino tambi\u00e9n por el lugar geogr\u00e1fico en el cual se encuentra aposentado el instituto, adem\u00e1s de destacar el apoyo conjunto y la entrega de aquellos padres y familias que confiaron en la instituci\u00f3n.<\/p>\n<figure id=\"attachment_69906\" aria-describedby=\"caption-attachment-69906\" style=\"width: 530px\" class=\"wp-caption alignleft\"><a href=\"http:\/\/www.eltrabajo.cl\/portal\/padres-de-soldados-conscriptos-hacen-entrega-de-armas-en-emotiva-ceremonia\/entrega-de-armas-1\/\" rel=\"attachment wp-att-69906\"><img data-recalc-dims=\"1\" loading=\"lazy\" decoding=\"async\" class=\"size-full wp-image-69906\" src=\"https:\/\/i0.wp.com\/www.eltrabajo.cl\/portal\/wp-content\/uploads\/2016\/05\/ENTREGA-DE-ARMAS-1.jpg?resize=530%2C349\" alt=\"Con la presencia de familiares de diversos lugares de la regi\u00f3n y el pa\u00eds, se llev\u00f3 a cabo la ceremonia de \u2018Entrega de Armas\u2019 para el contingente militar promoci\u00f3n 2016 \u2013 2017.\" width=\"530\" height=\"349\" srcset=\"https:\/\/i0.wp.com\/eltrabajo.cl\/portal\/wp-content\/uploads\/2016\/05\/ENTREGA-DE-ARMAS-1.jpg?w=530&amp;ssl=1 530w, https:\/\/i0.wp.com\/eltrabajo.cl\/portal\/wp-content\/uploads\/2016\/05\/ENTREGA-DE-ARMAS-1.jpg?resize=200%2C132&amp;ssl=1 200w, https:\/\/i0.wp.com\/eltrabajo.cl\/portal\/wp-content\/uploads\/2016\/05\/ENTREGA-DE-ARMAS-1.jpg?resize=300%2C198&amp;ssl=1 300w, https:\/\/i0.wp.com\/eltrabajo.cl\/portal\/wp-content\/uploads\/2016\/05\/ENTREGA-DE-ARMAS-1.jpg?resize=228%2C150&amp;ssl=1 228w, https:\/\/i0.wp.com\/eltrabajo.cl\/portal\/wp-content\/uploads\/2016\/05\/ENTREGA-DE-ARMAS-1.jpg?resize=400%2C263&amp;ssl=1 400w\" sizes=\"auto, (max-width: 530px) 100vw, 530px\" \/><\/a><figcaption id=\"caption-attachment-69906\" class=\"wp-caption-text\">Con la presencia de familiares de diversos lugares de la regi\u00f3n y el pa\u00eds, se llev\u00f3 a cabo la ceremonia de \u2018Entrega de Armas\u2019 para el contingente militar promoci\u00f3n 2016 \u2013 2017.<\/figcaption><\/figure>\n<figure id=\"attachment_69907\" aria-describedby=\"caption-attachment-69907\" style=\"width: 530px\" class=\"wp-caption alignleft\"><a href=\"http:\/\/www.eltrabajo.cl\/portal\/padres-de-soldados-conscriptos-hacen-entrega-de-armas-en-emotiva-ceremonia\/entrega-de-armas-2\/\" rel=\"attachment wp-att-69907\"><img data-recalc-dims=\"1\" loading=\"lazy\" decoding=\"async\" class=\"size-full wp-image-69907\" src=\"https:\/\/i0.wp.com\/www.eltrabajo.cl\/portal\/wp-content\/uploads\/2016\/05\/ENTREGA-DE-ARMAS-2.jpg?resize=530%2C350\" alt=\"La emoci\u00f3n y simbolismo acompa\u00f1\u00f3 a los soldados conscriptos y familiares  que participaron de esta connotada ceremonia.\" width=\"530\" height=\"350\" srcset=\"https:\/\/i0.wp.com\/eltrabajo.cl\/portal\/wp-content\/uploads\/2016\/05\/ENTREGA-DE-ARMAS-2.jpg?w=530&amp;ssl=1 530w, https:\/\/i0.wp.com\/eltrabajo.cl\/portal\/wp-content\/uploads\/2016\/05\/ENTREGA-DE-ARMAS-2.jpg?resize=200%2C132&amp;ssl=1 200w, https:\/\/i0.wp.com\/eltrabajo.cl\/portal\/wp-content\/uploads\/2016\/05\/ENTREGA-DE-ARMAS-2.jpg?resize=300%2C198&amp;ssl=1 300w, https:\/\/i0.wp.com\/eltrabajo.cl\/portal\/wp-content\/uploads\/2016\/05\/ENTREGA-DE-ARMAS-2.jpg?resize=227%2C150&amp;ssl=1 227w, https:\/\/i0.wp.com\/eltrabajo.cl\/portal\/wp-content\/uploads\/2016\/05\/ENTREGA-DE-ARMAS-2.jpg?resize=400%2C264&amp;ssl=1 400w\" sizes=\"auto, (max-width: 530px) 100vw, 530px\" \/><\/a><figcaption id=\"caption-attachment-69907\" class=\"wp-caption-text\">La emoci\u00f3n y simbolismo acompa\u00f1\u00f3 a los soldados conscriptos y familiares que participaron de esta connotada ceremonia.<\/figcaption><\/figure>\n","protected":false},"excerpt":{"rendered":"<p>LOS ANDES.- La emoci\u00f3n y simbolismo acompa\u00f1\u00f3 a los soldados conscriptos y familiares que participaron de esta connotada ceremonia, constituyendo una de las actividades m\u00e1s importantes para el contingente, donde sus padres&#8230;<\/p>\n","protected":false},"author":1,"featured_media":69907,"comment_status":"open","ping_status":"open","sticky":false,"template":"","format":"standard","meta":{"advanced_seo_description":"","jetpack_seo_html_title":"","jetpack_seo_noindex":false,"_jetpack_memberships_contains_paid_content":false,"footnotes":""},"categories":[15],"tags":[],"class_list":["post-69905","post","type-post","status-publish","format-standard","has-post-thumbnail","hentry","category-comunidad"],"jetpack_featured_media_url":"https:\/\/i0.wp.com\/eltrabajo.cl\/portal\/wp-content\/uploads\/2016\/05\/ENTREGA-DE-ARMAS-2.jpg?fit=530%2C350&ssl=1","jetpack_sharing_enabled":true,"jetpack_likes_enabled":true,"jetpack-related-posts":[],"_links":{"self":[{"href":"https:\/\/eltrabajo.cl\/portal\/wp-json\/wp\/v2\/posts\/69905","targetHints":{"allow":["GET"]}}],"collection":[{"href":"https:\/\/eltrabajo.cl\/portal\/wp-json\/wp\/v2\/posts"}],"about":[{"href":"https:\/\/eltrabajo.cl\/portal\/wp-json\/wp\/v2\/types\/post"}],"author":[{"embeddable":true,"href":"https:\/\/eltrabajo.cl\/portal\/wp-json\/wp\/v2\/users\/1"}],"replies":[{"embeddable":true,"href":"https:\/\/eltrabajo.cl\/portal\/wp-json\/wp\/v2\/comments?post=69905"}],"version-history":[{"count":0,"href":"https:\/\/eltrabajo.cl\/portal\/wp-json\/wp\/v2\/posts\/69905\/revisions"}],"wp:featuredmedia":[{"embeddable":true,"href":"https:\/\/eltrabajo.cl\/portal\/wp-json\/wp\/v2\/media\/69907"}],"wp:attachment":[{"href":"https:\/\/eltrabajo.cl\/portal\/wp-json\/wp\/v2\/media?parent=69905"}],"wp:term":[{"taxonomy":"category","embeddable":true,"href":"https:\/\/eltrabajo.cl\/portal\/wp-json\/wp\/v2\/categories?post=69905"},{"taxonomy":"post_tag","embeddable":true,"href":"https:\/\/eltrabajo.cl\/portal\/wp-json\/wp\/v2\/tags?post=69905"}],"curies":[{"name":"wp","href":"https:\/\/api.w.org\/{rel}","templated":true}]}}