{"id":69910,"date":"2016-05-19T09:11:28","date_gmt":"2016-05-19T13:11:28","guid":{"rendered":"http:\/\/www.eltrabajo.cl\/portal\/?p=69910"},"modified":"2016-05-19T09:11:28","modified_gmt":"2016-05-19T13:11:28","slug":"realizan-el-candlelight-memorial-por-las-victimas-del-sida","status":"publish","type":"post","link":"https:\/\/eltrabajo.cl\/portal\/realizan-el-candlelight-memorial-por-las-victimas-del-sida\/","title":{"rendered":"Realizan el \u2018Candlelight Memorial\u2019 por las v\u00edctimas del Sida"},"content":{"rendered":"<ul>\n<li><strong>Acto fue ejecutado a nivel mundial:<\/strong><\/li>\n<\/ul>\n<p>Este mi\u00e9rcoles 18 de mayo, miles de personas participaron en diferentes eventos por todo el mundo en apoyo al \u2018Candlelight Memorial\u2019, el trig\u00e9simo tercero acto conmemorativo internacional del sida. Las actividades fueron variadas, desde peque\u00f1as vigilias locales a actos conmemorativos nacionales, en los que las personas se reunieron para encender velas, hacer marchas, realizar espect\u00e1culos, aumentar la concienciaci\u00f3n ciudadana y transmitir solidaridad a las personas que viven con el VIH y a aquellas afectadas por la enfermedad, raz\u00f3n por lo cual en San Felipe tambi\u00e9n se efectu\u00f3 una ceremonia en tal sentido, la misma se realiz\u00f3 en la Escuela Bernardo O\u2019Higgins de nuestra comuna.<\/p>\n<p><strong>LOS PROTAGONISTAS<\/strong><br \/>\nEste memorial, fue desarrollado en nuestra comuna por Carolina V\u00edlchez, encargada del \u00e1rea Promoci\u00f3n de la Salud de la Oficina Provincial de Salud Aconcagua, y a la vez Mesa de Prevenci\u00f3n del VIH de la Oficina de Salud Aconcagua, \u00abdurante la tercera semana de mayo de cada a\u00f1o se celebra este memorial internacional, esta vigilia mundial es coordinada por una red global de personas que viven con el VIH e involucra a 1.200 organizaciones en 115 pa\u00edses. En la actualidad viven en el mundo 33 millones de personas con el virus VIH y se desea estimular la solidaridad global rompiendo barreras del estigma y la discriminaci\u00f3n, y dando esperanzas a las nuevas generaciones\u00bb, dijo la autoridad.<\/p>\n<p><strong>RITUAL ESCOLAR<\/strong><br \/>\nEncendiendo muchas velitas sobre el borde de un gran lazo rojo de tela, el acto consisti\u00f3 en realizar un recordatorio de la importancia del autocuidado; encender velas en memoria de los fallecidos; plantar un \u00e1rbol en homenaje y dejar una placa de recordatorio. Explic\u00f3 V\u00edlchez a nuestro medio que en Aconcagua no existe ninguna fundaci\u00f3n ni instituci\u00f3n especializada en este tema.<br \/>\n<strong>&#8211; \u00bfReporta Aconcagua n\u00fameros rojos en el tema del Sida?<\/strong><br \/>\n&#8211; En las diez comunas tenemos casos de VIH y Sida, hay pacientes de todas las edades y sexos, homosexuales y heterosexuales.<br \/>\n<strong>&#8211; \u00bfManejan ustedes casos de menores o ni\u00f1os con Sida?<\/strong><br \/>\n&#8211; S\u00ed tenemos casos de menores de edad con Sida, son pocos pero s\u00ed los hay, pero esa informaci\u00f3n es confidencial, como lo es el resto de casos de otras personas.<br \/>\n<strong>Roberto Gonz\u00e1lez Short<\/strong><br \/>\n<strong>rgonzalez@eltrabajo.cl<\/strong><\/p>\n<figure id=\"attachment_69914\" aria-describedby=\"caption-attachment-69914\" style=\"width: 530px\" class=\"wp-caption alignleft\"><a href=\"http:\/\/www.eltrabajo.cl\/portal\/realizan-el-candlelight-memorial-por-las-victimas-del-sida\/sida3\/\" rel=\"attachment wp-att-69914\"><img data-recalc-dims=\"1\" loading=\"lazy\" decoding=\"async\" class=\"size-full wp-image-69914\" src=\"https:\/\/i0.wp.com\/www.eltrabajo.cl\/portal\/wp-content\/uploads\/2016\/05\/Sida3.jpg?resize=530%2C348\" alt=\"UNA A UNA.- Alumnos y profesores procedieron a encender las velas durante el memorial.\" width=\"530\" height=\"348\" srcset=\"https:\/\/i0.wp.com\/eltrabajo.cl\/portal\/wp-content\/uploads\/2016\/05\/Sida3.jpg?w=530&amp;ssl=1 530w, https:\/\/i0.wp.com\/eltrabajo.cl\/portal\/wp-content\/uploads\/2016\/05\/Sida3.jpg?resize=200%2C131&amp;ssl=1 200w, https:\/\/i0.wp.com\/eltrabajo.cl\/portal\/wp-content\/uploads\/2016\/05\/Sida3.jpg?resize=300%2C197&amp;ssl=1 300w, https:\/\/i0.wp.com\/eltrabajo.cl\/portal\/wp-content\/uploads\/2016\/05\/Sida3.jpg?resize=228%2C150&amp;ssl=1 228w, https:\/\/i0.wp.com\/eltrabajo.cl\/portal\/wp-content\/uploads\/2016\/05\/Sida3.jpg?resize=400%2C263&amp;ssl=1 400w\" sizes=\"auto, (max-width: 530px) 100vw, 530px\" \/><\/a><figcaption id=\"caption-attachment-69914\" class=\"wp-caption-text\">UNA A UNA.- Alumnos y profesores procedieron a encender las velas durante el memorial.<\/figcaption><\/figure>\n<figure id=\"attachment_69913\" aria-describedby=\"caption-attachment-69913\" style=\"width: 528px\" class=\"wp-caption alignleft\"><a href=\"http:\/\/www.eltrabajo.cl\/portal\/realizan-el-candlelight-memorial-por-las-victimas-del-sida\/sida2\/\" rel=\"attachment wp-att-69913\"><img data-recalc-dims=\"1\" loading=\"lazy\" decoding=\"async\" class=\"size-full wp-image-69913\" src=\"https:\/\/i0.wp.com\/www.eltrabajo.cl\/portal\/wp-content\/uploads\/2016\/05\/Sida2.jpg?resize=528%2C350\" alt=\"SIEMPRE INFORMADOS.- Los estudiantes de esta escuela sanfelipe\u00f1a desde hace meses vienen atendiendo este tema con sus profesores.\" width=\"528\" height=\"350\" srcset=\"https:\/\/i0.wp.com\/eltrabajo.cl\/portal\/wp-content\/uploads\/2016\/05\/Sida2.jpg?w=528&amp;ssl=1 528w, https:\/\/i0.wp.com\/eltrabajo.cl\/portal\/wp-content\/uploads\/2016\/05\/Sida2.jpg?resize=200%2C133&amp;ssl=1 200w, https:\/\/i0.wp.com\/eltrabajo.cl\/portal\/wp-content\/uploads\/2016\/05\/Sida2.jpg?resize=300%2C199&amp;ssl=1 300w, https:\/\/i0.wp.com\/eltrabajo.cl\/portal\/wp-content\/uploads\/2016\/05\/Sida2.jpg?resize=226%2C150&amp;ssl=1 226w, https:\/\/i0.wp.com\/eltrabajo.cl\/portal\/wp-content\/uploads\/2016\/05\/Sida2.jpg?resize=400%2C265&amp;ssl=1 400w\" sizes=\"auto, (max-width: 528px) 100vw, 528px\" \/><\/a><figcaption id=\"caption-attachment-69913\" class=\"wp-caption-text\">SIEMPRE INFORMADOS.- Los estudiantes de esta escuela sanfelipe\u00f1a desde hace meses vienen atendiendo este tema con sus profesores.<\/figcaption><\/figure>\n<figure id=\"attachment_69912\" aria-describedby=\"caption-attachment-69912\" style=\"width: 530px\" class=\"wp-caption alignleft\"><a href=\"http:\/\/www.eltrabajo.cl\/portal\/realizan-el-candlelight-memorial-por-las-victimas-del-sida\/sida1\/\" rel=\"attachment wp-att-69912\"><img data-recalc-dims=\"1\" loading=\"lazy\" decoding=\"async\" class=\"size-full wp-image-69912\" src=\"https:\/\/i0.wp.com\/www.eltrabajo.cl\/portal\/wp-content\/uploads\/2016\/05\/Sida1.jpg?resize=530%2C350\" alt=\"CANDLELIGHT 2016.- Autoridades comunales y de Salud participaron en este acto conmemorativo por las v\u00edctimas del Sida a nivel mundial.\" width=\"530\" height=\"350\" srcset=\"https:\/\/i0.wp.com\/eltrabajo.cl\/portal\/wp-content\/uploads\/2016\/05\/Sida1.jpg?w=530&amp;ssl=1 530w, https:\/\/i0.wp.com\/eltrabajo.cl\/portal\/wp-content\/uploads\/2016\/05\/Sida1.jpg?resize=200%2C132&amp;ssl=1 200w, https:\/\/i0.wp.com\/eltrabajo.cl\/portal\/wp-content\/uploads\/2016\/05\/Sida1.jpg?resize=300%2C198&amp;ssl=1 300w, https:\/\/i0.wp.com\/eltrabajo.cl\/portal\/wp-content\/uploads\/2016\/05\/Sida1.jpg?resize=227%2C150&amp;ssl=1 227w, https:\/\/i0.wp.com\/eltrabajo.cl\/portal\/wp-content\/uploads\/2016\/05\/Sida1.jpg?resize=400%2C264&amp;ssl=1 400w\" sizes=\"auto, (max-width: 530px) 100vw, 530px\" \/><\/a><figcaption id=\"caption-attachment-69912\" class=\"wp-caption-text\">CANDLELIGHT 2016.- Autoridades comunales y de Salud participaron en este acto conmemorativo por las v\u00edctimas del Sida a nivel mundial.<\/figcaption><\/figure>\n<figure id=\"attachment_69911\" aria-describedby=\"caption-attachment-69911\" style=\"width: 300px\" class=\"wp-caption alignleft\"><a href=\"http:\/\/www.eltrabajo.cl\/portal\/realizan-el-candlelight-memorial-por-las-victimas-del-sida\/carolina1-7\/\" rel=\"attachment wp-att-69911\"><img data-recalc-dims=\"1\" loading=\"lazy\" decoding=\"async\" class=\"size-medium wp-image-69911\" src=\"https:\/\/i0.wp.com\/www.eltrabajo.cl\/portal\/wp-content\/uploads\/2016\/05\/Carolina1-300x198.jpg?resize=300%2C198\" alt=\"Carolina V\u00edlchez, encargada del \u00e1rea Promoci\u00f3n de la Salud de la Oficina Provincial de Salud Aconcagua.\" width=\"300\" height=\"198\" srcset=\"https:\/\/i0.wp.com\/eltrabajo.cl\/portal\/wp-content\/uploads\/2016\/05\/Carolina1.jpg?resize=300%2C198&amp;ssl=1 300w, https:\/\/i0.wp.com\/eltrabajo.cl\/portal\/wp-content\/uploads\/2016\/05\/Carolina1.jpg?resize=200%2C132&amp;ssl=1 200w, https:\/\/i0.wp.com\/eltrabajo.cl\/portal\/wp-content\/uploads\/2016\/05\/Carolina1.jpg?resize=227%2C150&amp;ssl=1 227w, https:\/\/i0.wp.com\/eltrabajo.cl\/portal\/wp-content\/uploads\/2016\/05\/Carolina1.jpg?resize=400%2C264&amp;ssl=1 400w, https:\/\/i0.wp.com\/eltrabajo.cl\/portal\/wp-content\/uploads\/2016\/05\/Carolina1.jpg?w=530&amp;ssl=1 530w\" sizes=\"auto, (max-width: 300px) 100vw, 300px\" \/><\/a><figcaption id=\"caption-attachment-69911\" class=\"wp-caption-text\">Carolina V\u00edlchez, encargada del \u00e1rea Promoci\u00f3n de la Salud de la Oficina Provincial de Salud Aconcagua.<\/figcaption><\/figure>\n","protected":false},"excerpt":{"rendered":"<p>Acto fue ejecutado a nivel mundial: Este mi\u00e9rcoles 18 de mayo, miles de personas participaron en diferentes eventos por todo el mundo en apoyo al \u2018Candlelight Memorial\u2019, el trig\u00e9simo tercero acto conmemorativo&#8230;<\/p>\n","protected":false},"author":1,"featured_media":69912,"comment_status":"open","ping_status":"open","sticky":false,"template":"","format":"standard","meta":{"advanced_seo_description":"","jetpack_seo_html_title":"","jetpack_seo_noindex":false,"_jetpack_memberships_contains_paid_content":false,"footnotes":""},"categories":[15],"tags":[],"class_list":["post-69910","post","type-post","status-publish","format-standard","has-post-thumbnail","hentry","category-comunidad"],"jetpack_featured_media_url":"https:\/\/i0.wp.com\/eltrabajo.cl\/portal\/wp-content\/uploads\/2016\/05\/Sida1.jpg?fit=530%2C350&ssl=1","jetpack_sharing_enabled":true,"jetpack_likes_enabled":true,"jetpack-related-posts":[],"_links":{"self":[{"href":"https:\/\/eltrabajo.cl\/portal\/wp-json\/wp\/v2\/posts\/69910","targetHints":{"allow":["GET"]}}],"collection":[{"href":"https:\/\/eltrabajo.cl\/portal\/wp-json\/wp\/v2\/posts"}],"about":[{"href":"https:\/\/eltrabajo.cl\/portal\/wp-json\/wp\/v2\/types\/post"}],"author":[{"embeddable":true,"href":"https:\/\/eltrabajo.cl\/portal\/wp-json\/wp\/v2\/users\/1"}],"replies":[{"embeddable":true,"href":"https:\/\/eltrabajo.cl\/portal\/wp-json\/wp\/v2\/comments?post=69910"}],"version-history":[{"count":0,"href":"https:\/\/eltrabajo.cl\/portal\/wp-json\/wp\/v2\/posts\/69910\/revisions"}],"wp:featuredmedia":[{"embeddable":true,"href":"https:\/\/eltrabajo.cl\/portal\/wp-json\/wp\/v2\/media\/69912"}],"wp:attachment":[{"href":"https:\/\/eltrabajo.cl\/portal\/wp-json\/wp\/v2\/media?parent=69910"}],"wp:term":[{"taxonomy":"category","embeddable":true,"href":"https:\/\/eltrabajo.cl\/portal\/wp-json\/wp\/v2\/categories?post=69910"},{"taxonomy":"post_tag","embeddable":true,"href":"https:\/\/eltrabajo.cl\/portal\/wp-json\/wp\/v2\/tags?post=69910"}],"curies":[{"name":"wp","href":"https:\/\/api.w.org\/{rel}","templated":true}]}}