{"id":69917,"date":"2016-05-19T09:13:34","date_gmt":"2016-05-19T13:13:34","guid":{"rendered":"http:\/\/www.eltrabajo.cl\/portal\/?p=69917"},"modified":"2016-05-19T09:13:34","modified_gmt":"2016-05-19T13:13:34","slug":"reos-de-taller-mandela-presentan-obra-de-teatro-el-cielo-en-ccp-los-andes","status":"publish","type":"post","link":"https:\/\/eltrabajo.cl\/portal\/reos-de-taller-mandela-presentan-obra-de-teatro-el-cielo-en-ccp-los-andes\/","title":{"rendered":"Reos de taller Mandela presentan obra de teatro \u2018El Cielo\u2019 en CCP Los Andes"},"content":{"rendered":"<ul>\n<li><strong>Hombres y mujeres privados de libertad trabajan en conjunto montando obras que presentan a la poblaci\u00f3n penal.<\/strong><\/li>\n<\/ul>\n<p><strong>LOS ANDES.-<\/strong> Hace aproximadamente tres meses, un grupo de 15 internos del Centro de Cumplimiento Penitenciario (CCP) de Los Andes, estuvo ensayando la primera obra de teatro creada por el taller Mandela, grupo inventado por las propias personas privadas de libertad y que busca incentivar las alternativas culturales al interior de la unidad.<br \/>\nLa obra, presentada la semana pasada y titulada \u2018El Cielo\u2019, trata de las personas que fallecen y llegan al cielo, donde son esperadas por San Pedro y su ayudante, con quienes sostienen sabrosos di\u00e1logos. Entre las personas que ascienden, se encuentran una pareja de soldados, un matrimonio y dos asaltantes que mueren al intentar asaltar un banco.<br \/>\nConsultado respecto a c\u00f3mo se gest\u00f3 esta iniciativa, Marco Guti\u00e9rrez, recluso y director del grupo Mandela, recuerda que \u201cEsto nace por la experiencia que tuve en otros recintos penitenciarios. Uno de los principales objetivos es salirse un poco de lo que es la c\u00e1rcel en s\u00ed y meterse en la cultura, abrir la mente a otras oportunidades\u201d.<br \/>\nPor su parte, el jefe del CCP andino, comandante Crist\u00f3bal Ortega, destac\u00f3 la iniciativa emprendida por los internos y la dedicaci\u00f3n mostrada en la presentaci\u00f3n. Adem\u00e1s, el alcaide del centro andino sostuvo que \u201cSe me solicit\u00f3 seguir con esta idea y vamos a seguir aprobando este tipo de talleres para que el interno tenga m\u00e1s espacios de distenci\u00f3n. La obra de teatro fue muy buena\u201d.<br \/>\nEl comandante Ortega destac\u00f3, que si bien esta idea es generada por los internos, dos suboficiales encargados del \u00e1rea educacional han supervisado el desarrollo del taller, utilizando su tiempo libre para apoyarlos.<br \/>\nCabe destacar, que anteriormente la escuela Antupill\u00e1n, ya hab\u00eda desarrollado una iniciativa similar. En la oportunidad, se firm\u00f3 un convenio entre la escuela y gendarmer\u00eda, el que permiti\u00f3 efectuar clases de teatro a hombres y mujeres del recinto penitenciario.<\/p>\n<figure id=\"attachment_69918\" aria-describedby=\"caption-attachment-69918\" style=\"width: 530px\" class=\"wp-caption alignleft\"><a href=\"http:\/\/www.eltrabajo.cl\/portal\/reos-de-taller-mandela-presentan-obra-de-teatro-el-cielo-en-ccp-los-andes\/obra-de-teatro-1\/\" rel=\"attachment wp-att-69918\"><img data-recalc-dims=\"1\" loading=\"lazy\" decoding=\"async\" class=\"size-full wp-image-69918\" src=\"https:\/\/i0.wp.com\/www.eltrabajo.cl\/portal\/wp-content\/uploads\/2016\/05\/OBRA-DE-TEATRO-1.jpg?resize=530%2C348\" alt=\"La obra, presentada la semana pasada y titulada \u2018El Cielo\u2019, trata de las personas que fallecen y llegan al cielo, donde son esperadas por San Pedro y su ayudante, con quienes sostienen sabrosos di\u00e1logos.\" width=\"530\" height=\"348\" srcset=\"https:\/\/i0.wp.com\/eltrabajo.cl\/portal\/wp-content\/uploads\/2016\/05\/OBRA-DE-TEATRO-1.jpg?w=530&amp;ssl=1 530w, https:\/\/i0.wp.com\/eltrabajo.cl\/portal\/wp-content\/uploads\/2016\/05\/OBRA-DE-TEATRO-1.jpg?resize=200%2C131&amp;ssl=1 200w, https:\/\/i0.wp.com\/eltrabajo.cl\/portal\/wp-content\/uploads\/2016\/05\/OBRA-DE-TEATRO-1.jpg?resize=300%2C197&amp;ssl=1 300w, https:\/\/i0.wp.com\/eltrabajo.cl\/portal\/wp-content\/uploads\/2016\/05\/OBRA-DE-TEATRO-1.jpg?resize=228%2C150&amp;ssl=1 228w, https:\/\/i0.wp.com\/eltrabajo.cl\/portal\/wp-content\/uploads\/2016\/05\/OBRA-DE-TEATRO-1.jpg?resize=400%2C263&amp;ssl=1 400w\" sizes=\"auto, (max-width: 530px) 100vw, 530px\" \/><\/a><figcaption id=\"caption-attachment-69918\" class=\"wp-caption-text\">La obra, presentada la semana pasada y titulada \u2018El Cielo\u2019, trata de las personas que fallecen y llegan al cielo, donde son esperadas por San Pedro y su ayudante, con quienes sostienen sabrosos di\u00e1logos.<\/figcaption><\/figure>\n","protected":false},"excerpt":{"rendered":"<p>Hombres y mujeres privados de libertad trabajan en conjunto montando obras que presentan a la poblaci\u00f3n penal. LOS ANDES.- Hace aproximadamente tres meses, un grupo de 15 internos del Centro de Cumplimiento&#8230;<\/p>\n","protected":false},"author":1,"featured_media":69918,"comment_status":"open","ping_status":"open","sticky":false,"template":"","format":"standard","meta":{"advanced_seo_description":"","jetpack_seo_html_title":"","jetpack_seo_noindex":false,"_jetpack_memberships_contains_paid_content":false,"footnotes":""},"categories":[15],"tags":[],"class_list":["post-69917","post","type-post","status-publish","format-standard","has-post-thumbnail","hentry","category-comunidad"],"jetpack_featured_media_url":"https:\/\/i0.wp.com\/eltrabajo.cl\/portal\/wp-content\/uploads\/2016\/05\/OBRA-DE-TEATRO-1.jpg?fit=530%2C348&ssl=1","jetpack_sharing_enabled":true,"jetpack_likes_enabled":true,"jetpack-related-posts":[],"_links":{"self":[{"href":"https:\/\/eltrabajo.cl\/portal\/wp-json\/wp\/v2\/posts\/69917","targetHints":{"allow":["GET"]}}],"collection":[{"href":"https:\/\/eltrabajo.cl\/portal\/wp-json\/wp\/v2\/posts"}],"about":[{"href":"https:\/\/eltrabajo.cl\/portal\/wp-json\/wp\/v2\/types\/post"}],"author":[{"embeddable":true,"href":"https:\/\/eltrabajo.cl\/portal\/wp-json\/wp\/v2\/users\/1"}],"replies":[{"embeddable":true,"href":"https:\/\/eltrabajo.cl\/portal\/wp-json\/wp\/v2\/comments?post=69917"}],"version-history":[{"count":0,"href":"https:\/\/eltrabajo.cl\/portal\/wp-json\/wp\/v2\/posts\/69917\/revisions"}],"wp:featuredmedia":[{"embeddable":true,"href":"https:\/\/eltrabajo.cl\/portal\/wp-json\/wp\/v2\/media\/69918"}],"wp:attachment":[{"href":"https:\/\/eltrabajo.cl\/portal\/wp-json\/wp\/v2\/media?parent=69917"}],"wp:term":[{"taxonomy":"category","embeddable":true,"href":"https:\/\/eltrabajo.cl\/portal\/wp-json\/wp\/v2\/categories?post=69917"},{"taxonomy":"post_tag","embeddable":true,"href":"https:\/\/eltrabajo.cl\/portal\/wp-json\/wp\/v2\/tags?post=69917"}],"curies":[{"name":"wp","href":"https:\/\/api.w.org\/{rel}","templated":true}]}}