{"id":6993,"date":"2011-12-02T09:10:04","date_gmt":"2011-12-02T13:10:04","guid":{"rendered":"http:\/\/www.eltrabajo.cl\/portal\/?p=6993"},"modified":"2011-12-02T09:10:04","modified_gmt":"2011-12-02T13:10:04","slug":"cincuenta-dadores-de-sangre-viajaron-a-santiago-para-ayudar-a-fernanda","status":"publish","type":"post","link":"https:\/\/eltrabajo.cl\/portal\/cincuenta-dadores-de-sangre-viajaron-a-santiago-para-ayudar-a-fernanda\/","title":{"rendered":"Cincuenta dadores de sangre viajaron a Santiago para  ayudar a Fernanda"},"content":{"rendered":"<figure id=\"attachment_6994\" aria-describedby=\"caption-attachment-6994\" style=\"width: 600px\" class=\"wp-caption alignnone\"><a href=\"http:\/\/www.eltrabajo.cl\/portal\/archives\/6993\/dadores-de-sangre\" rel=\"attachment wp-att-6994\"><img data-recalc-dims=\"1\" loading=\"lazy\" decoding=\"async\" class=\"size-full wp-image-6994\" title=\"dadores de sangre\" src=\"https:\/\/i0.wp.com\/www.eltrabajo.cl\/portal\/wp-content\/uploads\/2011\/12\/dadores-de-sangre.jpg?resize=600%2C450\" alt=\"\" width=\"600\" height=\"450\" srcset=\"https:\/\/i0.wp.com\/eltrabajo.cl\/portal\/wp-content\/uploads\/2011\/12\/dadores-de-sangre.jpg?w=600&amp;ssl=1 600w, https:\/\/i0.wp.com\/eltrabajo.cl\/portal\/wp-content\/uploads\/2011\/12\/dadores-de-sangre.jpg?resize=200%2C150&amp;ssl=1 200w, https:\/\/i0.wp.com\/eltrabajo.cl\/portal\/wp-content\/uploads\/2011\/12\/dadores-de-sangre.jpg?resize=300%2C225&amp;ssl=1 300w, https:\/\/i0.wp.com\/eltrabajo.cl\/portal\/wp-content\/uploads\/2011\/12\/dadores-de-sangre.jpg?resize=150%2C112&amp;ssl=1 150w, https:\/\/i0.wp.com\/eltrabajo.cl\/portal\/wp-content\/uploads\/2011\/12\/dadores-de-sangre.jpg?resize=400%2C300&amp;ssl=1 400w\" sizes=\"auto, (max-width: 600px) 100vw, 600px\" \/><\/a><figcaption id=\"caption-attachment-6994\" class=\"wp-caption-text\">A eso de las seis de la ma\u00f1ana partieron los cincuenta vecinos rumbo a Santiago para realizar su donaci\u00f3n de sangre que ayudar\u00e1 a la operaci\u00f3n de Fernanda.<\/figcaption><\/figure>\n<p><strong>PUTAENDO.-<\/strong> Pasadas las seis de la ma\u00f1ana de este d\u00eda jueves, 50 vecinos, entre ellos mujeres, hombres y j\u00f3venes provenientes de distintos sectores de la comuna, viajaron hasta la ciudad de Santiago para completar la cantidad de donantes que est\u00e1 solicitando el Hospital Luis Calvo Mackena para la peque\u00f1a Fernanda.<\/p>\n<p>A eso de las cinco de la madrugada, varios veh\u00edculos y furgones comenzaron el trabajo de acercamiento hasta el centro de la comuna de los donantes de esta hermosa cadena, los que viajaron llenos de optimismo, fe y ganas de poder entregar su peque\u00f1o aporte a esta hermosa campa\u00f1a solidaria.<\/p>\n<p>Gracias a la disposici\u00f3n de la Empresa de Buses Ahumada Internacional que dispuso de un moderno bus totalmente gratis, los donantes viajaron rumbo al Hospital Luis Calvo Mackena, donde en el mismo viaje la familia S\u00e1nchez les entreg\u00f3 un desayuno a cada uno de los integrantes del bus de la solidaridad.<\/p>\n<p>Los vecinos entregaron su donaci\u00f3n en el Hospital Luis Calvo Mackenna y en el Hospital El Salvador, resultando fundamental la gesti\u00f3n realizada por el Director del Servicio de Salud Aconcagua, Rodrigo Infante, quien logr\u00f3 que en estos hospitales se recibiera la citada cantidad de donantes, ya que por un tema de capacidad y disponibilidad, en un principio la campa\u00f1a se hab\u00eda visto dificultada, pues los ochenta dadores deb\u00edan ser llevados en grupos no superiores a 10 en forma diaria.<\/p>\n<p>Los vecinos de la comuna llegaron a Putaendo pasadas las 15:30 horas, siendo recibidos en el sector de la calle Brasil, lugar donde est\u00e1n los corralones de la familia S\u00e1nchez, con aplausos por parte de \u00e9stos que adem\u00e1s les ten\u00edan preparado un exquisito almuerzo campestre.<\/p>\n<p>Fabiola Espinoza S\u00e1nchez agradeci\u00f3 a nombre de la familia el inmenso apoyo para el \u00e9xito de esta campa\u00f1a de Radio FM Vida, Putaendo Informa, Diario El Trabajo, Buses Ahumada Internacional en la persona de don Javier Navarro Rold\u00e1n, la gesti\u00f3n fundamental del Director del Servicio de Salud Aconcagua y el aporte en las colaciones realizado por la Concejal Silvia Arancibia. Adem\u00e1s la vocera de la familia tuvo palabras especiales de agradecimiento para las personas que viajaron a Santiago, para quienes no pudieron viajar a la capital y para las varias personas que est\u00e1n disponibles para viajar durante los pr\u00f3ximos d\u00edas, agregando que la tremenda presencia humana, espiritual y solidaria de tantas personas ha hecho que la familia se sienta acompa\u00f1ada, querida y apreciada por toda la comuna en los momentos dif\u00edciles que hoy viven, esperando en Dios que la peque\u00f1a Fernanda pueda salir adelante y supere el dif\u00edcil momento que hoy vive.<\/p>\n<p><strong>Patricio Gallardo M.<\/strong><\/p>\n","protected":false},"excerpt":{"rendered":"<p>PUTAENDO.- Pasadas las seis de la ma\u00f1ana de este d\u00eda jueves, 50 vecinos, entre ellos mujeres, hombres y j\u00f3venes provenientes de distintos sectores de la comuna, viajaron hasta la ciudad de Santiago&#8230;<\/p>\n","protected":false},"author":482,"featured_media":6994,"comment_status":"open","ping_status":"open","sticky":false,"template":"","format":"standard","meta":{"advanced_seo_description":"","jetpack_seo_html_title":"","jetpack_seo_noindex":false,"_jetpack_memberships_contains_paid_content":false,"footnotes":""},"categories":[15],"tags":[],"class_list":["post-6993","post","type-post","status-publish","format-standard","has-post-thumbnail","hentry","category-comunidad"],"jetpack_featured_media_url":"https:\/\/i0.wp.com\/eltrabajo.cl\/portal\/wp-content\/uploads\/2011\/12\/dadores-de-sangre.jpg?fit=600%2C450&ssl=1","jetpack_sharing_enabled":true,"jetpack_likes_enabled":true,"jetpack-related-posts":[],"_links":{"self":[{"href":"https:\/\/eltrabajo.cl\/portal\/wp-json\/wp\/v2\/posts\/6993","targetHints":{"allow":["GET"]}}],"collection":[{"href":"https:\/\/eltrabajo.cl\/portal\/wp-json\/wp\/v2\/posts"}],"about":[{"href":"https:\/\/eltrabajo.cl\/portal\/wp-json\/wp\/v2\/types\/post"}],"author":[{"embeddable":true,"href":"https:\/\/eltrabajo.cl\/portal\/wp-json\/wp\/v2\/users\/482"}],"replies":[{"embeddable":true,"href":"https:\/\/eltrabajo.cl\/portal\/wp-json\/wp\/v2\/comments?post=6993"}],"version-history":[{"count":0,"href":"https:\/\/eltrabajo.cl\/portal\/wp-json\/wp\/v2\/posts\/6993\/revisions"}],"wp:featuredmedia":[{"embeddable":true,"href":"https:\/\/eltrabajo.cl\/portal\/wp-json\/wp\/v2\/media\/6994"}],"wp:attachment":[{"href":"https:\/\/eltrabajo.cl\/portal\/wp-json\/wp\/v2\/media?parent=6993"}],"wp:term":[{"taxonomy":"category","embeddable":true,"href":"https:\/\/eltrabajo.cl\/portal\/wp-json\/wp\/v2\/categories?post=6993"},{"taxonomy":"post_tag","embeddable":true,"href":"https:\/\/eltrabajo.cl\/portal\/wp-json\/wp\/v2\/tags?post=6993"}],"curies":[{"name":"wp","href":"https:\/\/api.w.org\/{rel}","templated":true}]}}