{"id":69936,"date":"2016-05-20T08:47:48","date_gmt":"2016-05-20T12:47:48","guid":{"rendered":"http:\/\/www.eltrabajo.cl\/portal\/?p=69936"},"modified":"2016-05-20T08:47:48","modified_gmt":"2016-05-20T12:47:48","slug":"brigada-de-la-pdi-recupera-dos-vehiculos-robados-por-desconocidos","status":"publish","type":"post","link":"https:\/\/eltrabajo.cl\/portal\/brigada-de-la-pdi-recupera-dos-vehiculos-robados-por-desconocidos\/","title":{"rendered":"Brigada de la PDI recupera dos veh\u00edculos robados por desconocidos"},"content":{"rendered":"<ul>\n<li><strong>Denunciantes de San Felipe y Santa Mar\u00eda:<\/strong><\/li>\n<\/ul>\n<p>Tras diligencias ejecutadas por la Brigada de Investigaci\u00f3n Criminal de la PDI, se lograron recuperar dos veh\u00edculos, cuyos propietarios denunciaron la sustracci\u00f3n desde la Villa Bernardo Cruz de San Felipe y el segundo m\u00f3vil robado desde la comuna de Santa Mar\u00eda.<br \/>\nLas pericias policiales determinaron, que sujetos desconocidos en la Villa Departamental de San Felipe, estar\u00edan utilizando uno de estos m\u00f3viles para cometer delitos, siendo hallado por la Bicrim a un costado de calle Costanera en estado de abandono. A trav\u00e9s de la numeraci\u00f3n de la placa patente, se determin\u00f3 que este veh\u00edculo marca Chevrolet modelo Aveo pertenece al denunciante que d\u00eda antes lo report\u00f3 por robo.<br \/>\nAsimismo, el pasado mi\u00e9rcoles por medio de diversos llamados telef\u00f3nicos e informaci\u00f3n policial, la PDI manten\u00eda antecedentes de una camioneta que se encontraba abandonada por desconocidos en calle Cajales, frente al Cesfam San Felipe El Real, huyendo en direcci\u00f3n a la Villa 250 a\u00f1os.<br \/>\nLa polic\u00eda civil, al concurrir al lugar estableci\u00f3 que el propietario de la camioneta marca Nissan de color Gris, denunci\u00f3 el robo de su m\u00f3vil en Carabineros de la Tenencia, ubicada en la comuna de Santa Mar\u00eda el pasado 15 de mayo.<br \/>\nCon estos resultados, ambos denunciantes lograron recuperar sus m\u00f3viles oportunamente gracias al trabajo desplegado por la Brigada de Criminal de la Polic\u00eda de Investigaciones de San Felipe.<br \/>\n<strong>Pablo Salinas Sald\u00edas<\/strong><\/p>\n<figure id=\"attachment_69937\" aria-describedby=\"caption-attachment-69937\" style=\"width: 530px\" class=\"wp-caption alignleft\"><a href=\"http:\/\/www.eltrabajo.cl\/portal\/brigada-de-la-pdi-recupera-dos-vehiculos-robados-por-desconocidos\/auto-2-copia\/\" rel=\"attachment wp-att-69937\"><img data-recalc-dims=\"1\" loading=\"lazy\" decoding=\"async\" class=\"size-full wp-image-69937\" src=\"https:\/\/i0.wp.com\/www.eltrabajo.cl\/portal\/wp-content\/uploads\/2016\/05\/AUTO-2-copia.jpg?resize=530%2C348\" alt=\"Brigada de la PDI recupera dos veh\u00edculos robados por desconocidos\" width=\"530\" height=\"348\" srcset=\"https:\/\/i0.wp.com\/eltrabajo.cl\/portal\/wp-content\/uploads\/2016\/05\/AUTO-2-copia.jpg?w=530&amp;ssl=1 530w, https:\/\/i0.wp.com\/eltrabajo.cl\/portal\/wp-content\/uploads\/2016\/05\/AUTO-2-copia.jpg?resize=200%2C131&amp;ssl=1 200w, https:\/\/i0.wp.com\/eltrabajo.cl\/portal\/wp-content\/uploads\/2016\/05\/AUTO-2-copia.jpg?resize=300%2C197&amp;ssl=1 300w, https:\/\/i0.wp.com\/eltrabajo.cl\/portal\/wp-content\/uploads\/2016\/05\/AUTO-2-copia.jpg?resize=228%2C150&amp;ssl=1 228w, https:\/\/i0.wp.com\/eltrabajo.cl\/portal\/wp-content\/uploads\/2016\/05\/AUTO-2-copia.jpg?resize=400%2C263&amp;ssl=1 400w\" sizes=\"auto, (max-width: 530px) 100vw, 530px\" \/><\/a><figcaption id=\"caption-attachment-69937\" class=\"wp-caption-text\">Brigada de la PDI recupera dos veh\u00edculos robados por desconocidos<\/figcaption><\/figure>\n","protected":false},"excerpt":{"rendered":"<p>Denunciantes de San Felipe y Santa Mar\u00eda: Tras diligencias ejecutadas por la Brigada de Investigaci\u00f3n Criminal de la PDI, se lograron recuperar dos veh\u00edculos, cuyos propietarios denunciaron la sustracci\u00f3n desde la Villa&#8230;<\/p>\n","protected":false},"author":1,"featured_media":69937,"comment_status":"open","ping_status":"open","sticky":false,"template":"","format":"standard","meta":{"advanced_seo_description":"","jetpack_seo_html_title":"","jetpack_seo_noindex":false,"_jetpack_memberships_contains_paid_content":false,"footnotes":""},"categories":[21],"tags":[],"class_list":["post-69936","post","type-post","status-publish","format-standard","has-post-thumbnail","hentry","category-policial"],"jetpack_featured_media_url":"https:\/\/i0.wp.com\/eltrabajo.cl\/portal\/wp-content\/uploads\/2016\/05\/AUTO-2-copia.jpg?fit=530%2C348&ssl=1","jetpack_sharing_enabled":true,"jetpack_likes_enabled":true,"jetpack-related-posts":[],"_links":{"self":[{"href":"https:\/\/eltrabajo.cl\/portal\/wp-json\/wp\/v2\/posts\/69936","targetHints":{"allow":["GET"]}}],"collection":[{"href":"https:\/\/eltrabajo.cl\/portal\/wp-json\/wp\/v2\/posts"}],"about":[{"href":"https:\/\/eltrabajo.cl\/portal\/wp-json\/wp\/v2\/types\/post"}],"author":[{"embeddable":true,"href":"https:\/\/eltrabajo.cl\/portal\/wp-json\/wp\/v2\/users\/1"}],"replies":[{"embeddable":true,"href":"https:\/\/eltrabajo.cl\/portal\/wp-json\/wp\/v2\/comments?post=69936"}],"version-history":[{"count":0,"href":"https:\/\/eltrabajo.cl\/portal\/wp-json\/wp\/v2\/posts\/69936\/revisions"}],"wp:featuredmedia":[{"embeddable":true,"href":"https:\/\/eltrabajo.cl\/portal\/wp-json\/wp\/v2\/media\/69937"}],"wp:attachment":[{"href":"https:\/\/eltrabajo.cl\/portal\/wp-json\/wp\/v2\/media?parent=69936"}],"wp:term":[{"taxonomy":"category","embeddable":true,"href":"https:\/\/eltrabajo.cl\/portal\/wp-json\/wp\/v2\/categories?post=69936"},{"taxonomy":"post_tag","embeddable":true,"href":"https:\/\/eltrabajo.cl\/portal\/wp-json\/wp\/v2\/tags?post=69936"}],"curies":[{"name":"wp","href":"https:\/\/api.w.org\/{rel}","templated":true}]}}