{"id":69940,"date":"2016-05-20T08:49:29","date_gmt":"2016-05-20T12:49:29","guid":{"rendered":"http:\/\/www.eltrabajo.cl\/portal\/?p=69940"},"modified":"2016-05-20T08:49:29","modified_gmt":"2016-05-20T12:49:29","slug":"patrulla-comunitaria-de-carabineros-se-reune-con-junta-de-vecinos-de-el-senorial","status":"publish","type":"post","link":"https:\/\/eltrabajo.cl\/portal\/patrulla-comunitaria-de-carabineros-se-reune-con-junta-de-vecinos-de-el-senorial\/","title":{"rendered":"Patrulla Comunitaria de Carabineros se re\u00fane con Junta de Vecinos de El Se\u00f1orial"},"content":{"rendered":"<p>Con el fin de generar una fuerte alianza mancomunada entre los vecinos y la polic\u00eda uniformada, durante la tarde del mi\u00e9rcoles la Patrulla Comunitaria de Carabineros se reuni\u00f3 con los vecinos de la Villa El Se\u00f1orial de San Felipe, a fin de analizar y establecer un equipo de trabajo, ante la problem\u00e1tica de episodios delictuales que se han incrementado en la comuna.<br \/>\nDurante el encuentro, se coordinaron acciones para prevenir la comisi\u00f3n de distintos tipos de delitos, donde la participaci\u00f3n de los residentes es fundamental en la entrega de informaci\u00f3n a los efectivos policiales para la captura de los antisociales. Los vecinos, tuvieron la instancia para exponer ante los uniformados sus inquietudes a fin de intentar doblarle la mano a la delincuencia.<br \/>\nEstos encuentros, dispuestos por el reci\u00e9n asumido Comisario de Carabineros de San Felipe, Mayor H\u00e9ctor Soto Moeller, se replicar\u00e1n en pr\u00f3ximas fechas que ser\u00e1n agendadas con las distintas Juntas de Vecinos de esta comuna.<\/p>\n<figure id=\"attachment_69941\" aria-describedby=\"caption-attachment-69941\" style=\"width: 530px\" class=\"wp-caption alignleft\"><a href=\"http:\/\/www.eltrabajo.cl\/portal\/patrulla-comunitaria-de-carabineros-se-reune-con-junta-de-vecinos-de-el-senorial\/reunion-carabineros\/\" rel=\"attachment wp-att-69941\"><img data-recalc-dims=\"1\" loading=\"lazy\" decoding=\"async\" class=\"size-full wp-image-69941\" src=\"https:\/\/i0.wp.com\/www.eltrabajo.cl\/portal\/wp-content\/uploads\/2016\/05\/REUNION-CARABINEROS.jpg?resize=530%2C349\" alt=\"Con el fin de generar una fuerte alianza mancomunada entre los vecinos y la polic\u00eda uniformada, se realiza actividad en la Villa El Se\u00f1orial.\" width=\"530\" height=\"349\" srcset=\"https:\/\/i0.wp.com\/eltrabajo.cl\/portal\/wp-content\/uploads\/2016\/05\/REUNION-CARABINEROS.jpg?w=530&amp;ssl=1 530w, https:\/\/i0.wp.com\/eltrabajo.cl\/portal\/wp-content\/uploads\/2016\/05\/REUNION-CARABINEROS.jpg?resize=200%2C132&amp;ssl=1 200w, https:\/\/i0.wp.com\/eltrabajo.cl\/portal\/wp-content\/uploads\/2016\/05\/REUNION-CARABINEROS.jpg?resize=300%2C198&amp;ssl=1 300w, https:\/\/i0.wp.com\/eltrabajo.cl\/portal\/wp-content\/uploads\/2016\/05\/REUNION-CARABINEROS.jpg?resize=228%2C150&amp;ssl=1 228w, https:\/\/i0.wp.com\/eltrabajo.cl\/portal\/wp-content\/uploads\/2016\/05\/REUNION-CARABINEROS.jpg?resize=400%2C263&amp;ssl=1 400w\" sizes=\"auto, (max-width: 530px) 100vw, 530px\" \/><\/a><figcaption id=\"caption-attachment-69941\" class=\"wp-caption-text\">Con el fin de generar una fuerte alianza mancomunada entre los vecinos y la polic\u00eda uniformada, se realiza actividad en la Villa El Se\u00f1orial.<\/figcaption><\/figure>\n","protected":false},"excerpt":{"rendered":"<p>Con el fin de generar una fuerte alianza mancomunada entre los vecinos y la polic\u00eda uniformada, durante la tarde del mi\u00e9rcoles la Patrulla Comunitaria de Carabineros se reuni\u00f3 con los vecinos de&#8230;<\/p>\n","protected":false},"author":1,"featured_media":69941,"comment_status":"open","ping_status":"open","sticky":false,"template":"","format":"standard","meta":{"advanced_seo_description":"","jetpack_seo_html_title":"","jetpack_seo_noindex":false,"_jetpack_memberships_contains_paid_content":false,"footnotes":""},"categories":[15],"tags":[],"class_list":["post-69940","post","type-post","status-publish","format-standard","has-post-thumbnail","hentry","category-comunidad"],"jetpack_featured_media_url":"https:\/\/i0.wp.com\/eltrabajo.cl\/portal\/wp-content\/uploads\/2016\/05\/REUNION-CARABINEROS.jpg?fit=530%2C349&ssl=1","jetpack_sharing_enabled":true,"jetpack_likes_enabled":true,"jetpack-related-posts":[],"_links":{"self":[{"href":"https:\/\/eltrabajo.cl\/portal\/wp-json\/wp\/v2\/posts\/69940","targetHints":{"allow":["GET"]}}],"collection":[{"href":"https:\/\/eltrabajo.cl\/portal\/wp-json\/wp\/v2\/posts"}],"about":[{"href":"https:\/\/eltrabajo.cl\/portal\/wp-json\/wp\/v2\/types\/post"}],"author":[{"embeddable":true,"href":"https:\/\/eltrabajo.cl\/portal\/wp-json\/wp\/v2\/users\/1"}],"replies":[{"embeddable":true,"href":"https:\/\/eltrabajo.cl\/portal\/wp-json\/wp\/v2\/comments?post=69940"}],"version-history":[{"count":0,"href":"https:\/\/eltrabajo.cl\/portal\/wp-json\/wp\/v2\/posts\/69940\/revisions"}],"wp:featuredmedia":[{"embeddable":true,"href":"https:\/\/eltrabajo.cl\/portal\/wp-json\/wp\/v2\/media\/69941"}],"wp:attachment":[{"href":"https:\/\/eltrabajo.cl\/portal\/wp-json\/wp\/v2\/media?parent=69940"}],"wp:term":[{"taxonomy":"category","embeddable":true,"href":"https:\/\/eltrabajo.cl\/portal\/wp-json\/wp\/v2\/categories?post=69940"},{"taxonomy":"post_tag","embeddable":true,"href":"https:\/\/eltrabajo.cl\/portal\/wp-json\/wp\/v2\/tags?post=69940"}],"curies":[{"name":"wp","href":"https:\/\/api.w.org\/{rel}","templated":true}]}}