{"id":69944,"date":"2016-05-20T08:50:56","date_gmt":"2016-05-20T12:50:56","guid":{"rendered":"http:\/\/www.eltrabajo.cl\/portal\/?p=69944"},"modified":"2016-05-20T08:50:56","modified_gmt":"2016-05-20T12:50:56","slug":"perros-atacaron-a-madre-y-su-pequeno-hijo-en-la-plaza-de-putaendo","status":"publish","type":"post","link":"https:\/\/eltrabajo.cl\/portal\/perros-atacaron-a-madre-y-su-pequeno-hijo-en-la-plaza-de-putaendo\/","title":{"rendered":"Perros atacaron a madre y su peque\u00f1o hijo en la Plaza de Putaendo"},"content":{"rendered":"<p><strong>PUTAENDO.-<\/strong> Una vecina de la Poblaci\u00f3n Santa Rita y su peque\u00f1o hijo de 7 a\u00f1os de edad fueron atacados por perros en la Plaza de Armas de Putaendo.<br \/>\nCatalina Ayala relat\u00f3 que el pasado mi\u00e9rcoles acudi\u00f3 como de costumbre a buscar a su hijo al Liceo Manuel Mar\u00edn Fritis y lo subi\u00f3 a su bicicleta para dirigirse a su hogar, cuando al pasar por la plaza vio c\u00f3mo primeramente dos perros comenzaron a ladrarle desde lejos y despu\u00e9s aparecieron varios m\u00e1s que la rodearon, hasta que uno de los canes la mordi\u00f3 en una de sus piernas y se detuvo para alejarlos.<br \/>\nLa afectada cuenta que en ese momento se percat\u00f3 que su hijo lloraba mucho y al verlo not\u00f3 que el peque\u00f1o tambi\u00e9n hab\u00eda sido mordido, mientras que un taxista finalmente ahuyent\u00f3 a los perros del lugar.<br \/>\nMadre e hijo acudieron al Servicio de Urgencia del Hospital San Antonio de Putaendo, donde al menor de edad le diagnosticaron una herida superficial, sin embargo, el m\u00e9dico que los atendi\u00f3 determin\u00f3 que de todas formas deber\u00e1 implementarse el tratamiento con inyecciones contra la rabia.<br \/>\nEn tanto, Catalina Ayala s\u00f3lo result\u00f3 con marcas de los colmillos del perro que la atac\u00f3, las que no alcanzaron a penetrar su extremidad.<br \/>\nAyala afirm\u00f3 que esta situaci\u00f3n ocurre a diario en la Plaza de Putaendo, pero asegura que jam\u00e1s pens\u00f3 que le pod\u00eda ocurrir a ella y mucho menos a su hijo, raz\u00f3n por la cual emplaz\u00f3 a las autoridades comunales a adoptar medidas para evitar que m\u00e1s vecinos sean v\u00edctimas del ataque de perros.<br \/>\n<strong>Patricio Gallardo M.<\/strong><\/p>\n<figure id=\"attachment_69945\" aria-describedby=\"caption-attachment-69945\" style=\"width: 530px\" class=\"wp-caption alignleft\"><a href=\"http:\/\/www.eltrabajo.cl\/portal\/perros-atacaron-a-madre-y-su-pequeno-hijo-en-la-plaza-de-putaendo\/catalina-ayala\/\" rel=\"attachment wp-att-69945\"><img data-recalc-dims=\"1\" loading=\"lazy\" decoding=\"async\" class=\"size-full wp-image-69945\" src=\"https:\/\/i0.wp.com\/www.eltrabajo.cl\/portal\/wp-content\/uploads\/2016\/05\/catalina-ayala.jpg?resize=530%2C350\" alt=\"La joven madre Catalina Ayala y su peque\u00f1o hijo fueron v\u00edctimas de los perros que pululan por la plaza de Putaendo.\" width=\"530\" height=\"350\" srcset=\"https:\/\/i0.wp.com\/eltrabajo.cl\/portal\/wp-content\/uploads\/2016\/05\/catalina-ayala.jpg?w=530&amp;ssl=1 530w, https:\/\/i0.wp.com\/eltrabajo.cl\/portal\/wp-content\/uploads\/2016\/05\/catalina-ayala.jpg?resize=200%2C132&amp;ssl=1 200w, https:\/\/i0.wp.com\/eltrabajo.cl\/portal\/wp-content\/uploads\/2016\/05\/catalina-ayala.jpg?resize=300%2C198&amp;ssl=1 300w, https:\/\/i0.wp.com\/eltrabajo.cl\/portal\/wp-content\/uploads\/2016\/05\/catalina-ayala.jpg?resize=227%2C150&amp;ssl=1 227w, https:\/\/i0.wp.com\/eltrabajo.cl\/portal\/wp-content\/uploads\/2016\/05\/catalina-ayala.jpg?resize=400%2C264&amp;ssl=1 400w\" sizes=\"auto, (max-width: 530px) 100vw, 530px\" \/><\/a><figcaption id=\"caption-attachment-69945\" class=\"wp-caption-text\">La joven madre Catalina Ayala y su peque\u00f1o hijo fueron v\u00edctimas de los perros que pululan por la plaza de Putaendo.<\/figcaption><\/figure>\n","protected":false},"excerpt":{"rendered":"<p>PUTAENDO.- Una vecina de la Poblaci\u00f3n Santa Rita y su peque\u00f1o hijo de 7 a\u00f1os de edad fueron atacados por perros en la Plaza de Armas de Putaendo. Catalina Ayala relat\u00f3 que&#8230;<\/p>\n","protected":false},"author":1,"featured_media":69945,"comment_status":"open","ping_status":"open","sticky":false,"template":"","format":"standard","meta":{"advanced_seo_description":"","jetpack_seo_html_title":"","jetpack_seo_noindex":false,"_jetpack_memberships_contains_paid_content":false,"footnotes":""},"categories":[15],"tags":[],"class_list":["post-69944","post","type-post","status-publish","format-standard","has-post-thumbnail","hentry","category-comunidad"],"jetpack_featured_media_url":"https:\/\/i0.wp.com\/eltrabajo.cl\/portal\/wp-content\/uploads\/2016\/05\/catalina-ayala.jpg?fit=530%2C350&ssl=1","jetpack_sharing_enabled":true,"jetpack_likes_enabled":true,"jetpack-related-posts":[],"_links":{"self":[{"href":"https:\/\/eltrabajo.cl\/portal\/wp-json\/wp\/v2\/posts\/69944","targetHints":{"allow":["GET"]}}],"collection":[{"href":"https:\/\/eltrabajo.cl\/portal\/wp-json\/wp\/v2\/posts"}],"about":[{"href":"https:\/\/eltrabajo.cl\/portal\/wp-json\/wp\/v2\/types\/post"}],"author":[{"embeddable":true,"href":"https:\/\/eltrabajo.cl\/portal\/wp-json\/wp\/v2\/users\/1"}],"replies":[{"embeddable":true,"href":"https:\/\/eltrabajo.cl\/portal\/wp-json\/wp\/v2\/comments?post=69944"}],"version-history":[{"count":0,"href":"https:\/\/eltrabajo.cl\/portal\/wp-json\/wp\/v2\/posts\/69944\/revisions"}],"wp:featuredmedia":[{"embeddable":true,"href":"https:\/\/eltrabajo.cl\/portal\/wp-json\/wp\/v2\/media\/69945"}],"wp:attachment":[{"href":"https:\/\/eltrabajo.cl\/portal\/wp-json\/wp\/v2\/media?parent=69944"}],"wp:term":[{"taxonomy":"category","embeddable":true,"href":"https:\/\/eltrabajo.cl\/portal\/wp-json\/wp\/v2\/categories?post=69944"},{"taxonomy":"post_tag","embeddable":true,"href":"https:\/\/eltrabajo.cl\/portal\/wp-json\/wp\/v2\/tags?post=69944"}],"curies":[{"name":"wp","href":"https:\/\/api.w.org\/{rel}","templated":true}]}}