{"id":69948,"date":"2016-05-20T09:11:40","date_gmt":"2016-05-20T13:11:40","guid":{"rendered":"http:\/\/www.eltrabajo.cl\/portal\/?p=69948"},"modified":"2016-05-20T09:11:40","modified_gmt":"2016-05-20T13:11:40","slug":"bingo-solidario-para-agricultores-afectados-por-incendio-en-el-asiento","status":"publish","type":"post","link":"https:\/\/eltrabajo.cl\/portal\/bingo-solidario-para-agricultores-afectados-por-incendio-en-el-asiento\/","title":{"rendered":"Bingo Solidario para agricultores afectados por incendio en El Asiento"},"content":{"rendered":"<ul>\n<li><strong>Hoy a las 19:30 horas en la sede vecinal:<\/strong><\/li>\n<\/ul>\n<p>Luego que Prodesal e Indap entregaran una ayuda econ\u00f3mica de $500.000 a cada uno de los agricultores afectados por el gigantesco incendio que ocurri\u00f3 el mi\u00e9rcoles 9 de marzo en El Asiento, el presidente de la junta vecinal de esa poblaci\u00f3n sanfelipe\u00f1a, Luis Ortiz, visit\u00f3 nuestra Sala de Redacci\u00f3n para invitar a nuestros lectores a participar en el Bingo Solidario que en la sede vecinal se realizar\u00e1 hoy viernes a las 19:30 horas.<br \/>\n\u00abLa raz\u00f3n de este Bingo se sustenta en el hecho de que tres agricultores, tambi\u00e9n afectados por este incendio, quedaron fuera de ese bono emergente que las autoridades entregaron hace algunas semanas, desconozco los motivos, por ello estaremos haciendo el Bingo, para que entre todos ayudemos a ellos tres, a quienes se les murieron muchos animales, sus nombres son Carlos D\u00edaz, Claudio Contreras y Jerem\u00edas Poblete\u00bb, inform\u00f3 Ortiz a Diario El Trabajo.<\/p>\n<p><strong>LOS ARTISTAS<\/strong><br \/>\nSeg\u00fan dijo el dirigente, varias agrupaciones art\u00edsticas y solistas estar\u00e1n dando su apoyo a esta gran campa\u00f1a solidaria. Entre las figuras convocadas est\u00e1n Charro El Real; Leo Lonquimay y Charro El Dorado, la actividad estar\u00e1 siendo amenizada por Charros del Valle. El valor de cada Bingo es de $1.500 y los premios son electrodom\u00e9sticos, sorpresas y art\u00edculos para el hogar.<br \/>\n<strong>Roberto Gonz\u00e1lez Short<\/strong><br \/>\n<strong>rgonzalez@eltrabajo.cl<\/strong><\/p>\n<figure id=\"attachment_69949\" aria-describedby=\"caption-attachment-69949\" style=\"width: 530px\" class=\"wp-caption alignleft\"><a href=\"http:\/\/www.eltrabajo.cl\/portal\/bingo-solidario-para-agricultores-afectados-por-incendio-en-el-asiento\/fuego33\/\" rel=\"attachment wp-att-69949\"><img data-recalc-dims=\"1\" loading=\"lazy\" decoding=\"async\" class=\"size-full wp-image-69949\" src=\"https:\/\/i0.wp.com\/www.eltrabajo.cl\/portal\/wp-content\/uploads\/2016\/05\/Fuego33.jpg?resize=530%2C350\" alt=\"UN INFIERNO.- El incendio inici\u00f3 el mi\u00e9rcoles 9 en los cerros de El Asiento, dur\u00f3 varios d\u00edas. (Archivo)\" width=\"530\" height=\"350\" srcset=\"https:\/\/i0.wp.com\/eltrabajo.cl\/portal\/wp-content\/uploads\/2016\/05\/Fuego33.jpg?w=530&amp;ssl=1 530w, https:\/\/i0.wp.com\/eltrabajo.cl\/portal\/wp-content\/uploads\/2016\/05\/Fuego33.jpg?resize=200%2C132&amp;ssl=1 200w, https:\/\/i0.wp.com\/eltrabajo.cl\/portal\/wp-content\/uploads\/2016\/05\/Fuego33.jpg?resize=300%2C198&amp;ssl=1 300w, https:\/\/i0.wp.com\/eltrabajo.cl\/portal\/wp-content\/uploads\/2016\/05\/Fuego33.jpg?resize=227%2C150&amp;ssl=1 227w, https:\/\/i0.wp.com\/eltrabajo.cl\/portal\/wp-content\/uploads\/2016\/05\/Fuego33.jpg?resize=400%2C264&amp;ssl=1 400w\" sizes=\"auto, (max-width: 530px) 100vw, 530px\" \/><\/a><figcaption id=\"caption-attachment-69949\" class=\"wp-caption-text\">UN INFIERNO.- El incendio inici\u00f3 el mi\u00e9rcoles 9 en los cerros de El Asiento, dur\u00f3 varios d\u00edas. (Archivo)<\/figcaption><\/figure>\n<figure id=\"attachment_69950\" aria-describedby=\"caption-attachment-69950\" style=\"width: 300px\" class=\"wp-caption alignleft\"><a href=\"http:\/\/www.eltrabajo.cl\/portal\/bingo-solidario-para-agricultores-afectados-por-incendio-en-el-asiento\/luis-ortiz-3\/\" rel=\"attachment wp-att-69950\"><img data-recalc-dims=\"1\" loading=\"lazy\" decoding=\"async\" class=\"size-medium wp-image-69950\" src=\"https:\/\/i0.wp.com\/www.eltrabajo.cl\/portal\/wp-content\/uploads\/2016\/05\/Luis-Ortiz-300x197.jpg?resize=300%2C197\" alt=\"Luis Ortiz, presidente junta vecinal de El Asiento.\" width=\"300\" height=\"197\" srcset=\"https:\/\/i0.wp.com\/eltrabajo.cl\/portal\/wp-content\/uploads\/2016\/05\/Luis-Ortiz.jpg?resize=300%2C197&amp;ssl=1 300w, https:\/\/i0.wp.com\/eltrabajo.cl\/portal\/wp-content\/uploads\/2016\/05\/Luis-Ortiz.jpg?resize=200%2C131&amp;ssl=1 200w, https:\/\/i0.wp.com\/eltrabajo.cl\/portal\/wp-content\/uploads\/2016\/05\/Luis-Ortiz.jpg?resize=228%2C150&amp;ssl=1 228w, https:\/\/i0.wp.com\/eltrabajo.cl\/portal\/wp-content\/uploads\/2016\/05\/Luis-Ortiz.jpg?resize=400%2C263&amp;ssl=1 400w, https:\/\/i0.wp.com\/eltrabajo.cl\/portal\/wp-content\/uploads\/2016\/05\/Luis-Ortiz.jpg?w=530&amp;ssl=1 530w\" sizes=\"auto, (max-width: 300px) 100vw, 300px\" \/><\/a><figcaption id=\"caption-attachment-69950\" class=\"wp-caption-text\">Luis Ortiz, presidente junta vecinal de El Asiento.<\/figcaption><\/figure>\n","protected":false},"excerpt":{"rendered":"<p>Hoy a las 19:30 horas en la sede vecinal: Luego que Prodesal e Indap entregaran una ayuda econ\u00f3mica de $500.000 a cada uno de los agricultores afectados por el gigantesco incendio que&#8230;<\/p>\n","protected":false},"author":1,"featured_media":69949,"comment_status":"open","ping_status":"open","sticky":false,"template":"","format":"standard","meta":{"advanced_seo_description":"","jetpack_seo_html_title":"","jetpack_seo_noindex":false,"_jetpack_memberships_contains_paid_content":false,"footnotes":""},"categories":[15],"tags":[],"class_list":["post-69948","post","type-post","status-publish","format-standard","has-post-thumbnail","hentry","category-comunidad"],"jetpack_featured_media_url":"https:\/\/i0.wp.com\/eltrabajo.cl\/portal\/wp-content\/uploads\/2016\/05\/Fuego33.jpg?fit=530%2C350&ssl=1","jetpack_sharing_enabled":true,"jetpack_likes_enabled":true,"jetpack-related-posts":[],"_links":{"self":[{"href":"https:\/\/eltrabajo.cl\/portal\/wp-json\/wp\/v2\/posts\/69948","targetHints":{"allow":["GET"]}}],"collection":[{"href":"https:\/\/eltrabajo.cl\/portal\/wp-json\/wp\/v2\/posts"}],"about":[{"href":"https:\/\/eltrabajo.cl\/portal\/wp-json\/wp\/v2\/types\/post"}],"author":[{"embeddable":true,"href":"https:\/\/eltrabajo.cl\/portal\/wp-json\/wp\/v2\/users\/1"}],"replies":[{"embeddable":true,"href":"https:\/\/eltrabajo.cl\/portal\/wp-json\/wp\/v2\/comments?post=69948"}],"version-history":[{"count":0,"href":"https:\/\/eltrabajo.cl\/portal\/wp-json\/wp\/v2\/posts\/69948\/revisions"}],"wp:featuredmedia":[{"embeddable":true,"href":"https:\/\/eltrabajo.cl\/portal\/wp-json\/wp\/v2\/media\/69949"}],"wp:attachment":[{"href":"https:\/\/eltrabajo.cl\/portal\/wp-json\/wp\/v2\/media?parent=69948"}],"wp:term":[{"taxonomy":"category","embeddable":true,"href":"https:\/\/eltrabajo.cl\/portal\/wp-json\/wp\/v2\/categories?post=69948"},{"taxonomy":"post_tag","embeddable":true,"href":"https:\/\/eltrabajo.cl\/portal\/wp-json\/wp\/v2\/tags?post=69948"}],"curies":[{"name":"wp","href":"https:\/\/api.w.org\/{rel}","templated":true}]}}