{"id":69953,"date":"2016-05-20T09:20:41","date_gmt":"2016-05-20T13:20:41","guid":{"rendered":"http:\/\/www.eltrabajo.cl\/portal\/?p=69953"},"modified":"2016-05-20T09:20:41","modified_gmt":"2016-05-20T13:20:41","slug":"en-junio-comenzara-a-construirse-la-primera-etapa-de-las-ciclovias-en-san-felipe","status":"publish","type":"post","link":"https:\/\/eltrabajo.cl\/portal\/en-junio-comenzara-a-construirse-la-primera-etapa-de-las-ciclovias-en-san-felipe\/","title":{"rendered":"En junio comenzar\u00e1 a construirse la primera etapa de las Ciclov\u00edas en San Felipe"},"content":{"rendered":"<ul>\n<li><strong>Cerca de 400 millones de pesos los destinados para el tramo de Avenida Yungay:<\/strong><\/li>\n<\/ul>\n<p>&nbsp;<\/p>\n<figure id=\"attachment_69955\" aria-describedby=\"caption-attachment-69955\" style=\"width: 300px\" class=\"wp-caption alignleft\"><a href=\"http:\/\/www.eltrabajo.cl\/portal\/en-junio-comenzara-a-construirse-la-primera-etapa-de-las-ciclovias-en-san-felipe\/manuel-leon-saa-director-regional-de-serviu\/\" rel=\"attachment wp-att-69955\"><img data-recalc-dims=\"1\" loading=\"lazy\" decoding=\"async\" class=\"size-medium wp-image-69955\" src=\"https:\/\/i0.wp.com\/www.eltrabajo.cl\/portal\/wp-content\/uploads\/2016\/05\/Manuel-Le%C3%B3n-Saa-Director-Regional-de-Serviu-300x197.jpg?resize=300%2C197\" alt=\"Manuel Le\u00f3n Saa, Director Regional Serviu.\" width=\"300\" height=\"197\" srcset=\"https:\/\/i0.wp.com\/eltrabajo.cl\/portal\/wp-content\/uploads\/2016\/05\/Manuel-Le%C3%B3n-Saa-Director-Regional-de-Serviu.jpg?resize=300%2C197&amp;ssl=1 300w, https:\/\/i0.wp.com\/eltrabajo.cl\/portal\/wp-content\/uploads\/2016\/05\/Manuel-Le%C3%B3n-Saa-Director-Regional-de-Serviu.jpg?resize=200%2C131&amp;ssl=1 200w, https:\/\/i0.wp.com\/eltrabajo.cl\/portal\/wp-content\/uploads\/2016\/05\/Manuel-Le%C3%B3n-Saa-Director-Regional-de-Serviu.jpg?resize=228%2C150&amp;ssl=1 228w, https:\/\/i0.wp.com\/eltrabajo.cl\/portal\/wp-content\/uploads\/2016\/05\/Manuel-Le%C3%B3n-Saa-Director-Regional-de-Serviu.jpg?resize=400%2C263&amp;ssl=1 400w, https:\/\/i0.wp.com\/eltrabajo.cl\/portal\/wp-content\/uploads\/2016\/05\/Manuel-Le%C3%B3n-Saa-Director-Regional-de-Serviu.jpg?w=530&amp;ssl=1 530w\" sizes=\"auto, (max-width: 300px) 100vw, 300px\" \/><\/a><figcaption id=\"caption-attachment-69955\" class=\"wp-caption-text\">Manuel Le\u00f3n Saa, Director Regional Serviu.<\/figcaption><\/figure>\n<p>A mediados de junio, debiesen comenzar a efectuarse los trabajos de la primera etapa del proyecto de ciclov\u00edas en la comuna de San Felipe, fase que contempla unos 400 metros lineales de pista con uso exclusivo para ciclistas en la Avenida Yungay, espec\u00edficamente en el borde poniente del \u2018bandej\u00f3n central\u2019.<br \/>\nAs\u00ed lo anunci\u00f3 el director regional del Serviu (Servicio de Vivienda y Urbanismo), Valpara\u00edso, Manuel Le\u00f3n Saa, quien asegur\u00f3 que ya se encuentra adjudicada la licitaci\u00f3n para concretar este proyecto tan esperado por los sanfelipe\u00f1os<br \/>\n\u201cLas ciclov\u00edas tienen 4 etapas en la comuna y adem\u00e1s le hemos agregado una que tiene que ver con el dise\u00f1o, en el caso de la primera etapa, que tiene que ver con la ejecuci\u00f3n, ya se firm\u00f3 la adjudicaci\u00f3n y esto significa que durante las pr\u00f3ximas tres semanas deber\u00eda comenzar la empresa a ejecutar las obras como corresponde\u201d, detall\u00f3 Le\u00f3n.<br \/>\nDel mismo modo, el profesional cont\u00f3 que de forma paralela se est\u00e1 realizando el dise\u00f1o de las siguientes etapas, las cuales consideran las restantes tres alamedas y el ingreso al centro de la ciudad por calle Arturo Prat. En referencia a esto, Le\u00f3n describi\u00f3 que en el caso de las alamedas O\u2019Higgins y Chacabuco, el dise\u00f1o considera que la pista se construya por el centro de los bandejones, mientras que la ubicaci\u00f3n de la ciclov\u00eda en Avenida Maip\u00fa es un tema que a\u00fan no se resuelve, ya que \u00e9sta no cuenta con bandej\u00f3n central y, por lo tanto, \u201cse est\u00e1 determinando si se hace una pista exclusiva, es decir, todo lo que est\u00e1 destinado para estacionamientos en alguno de los dos sentidos quedar\u00eda para los ciclistas, si se utiliza parte de la vereda o en definitiva, se ensancha el bandej\u00f3n central, esas son las alternativas que maneja el dise\u00f1ador\u201d, explic\u00f3.<br \/>\nRespecto al \u00e1mbito legal y de por qu\u00e9 no se realiz\u00f3 al mismo tiempo la licitaci\u00f3n de las restantes etapas del proyecto, Le\u00f3n argument\u00f3 que \u201cdentro de los temas que normativamente no pod\u00edamos hacer, era licitar dentro de una misma propuesta lo que es ejecuci\u00f3n con dise\u00f1o, por lo tanto, lo que ya ten\u00edamos dise\u00f1ado por parte nuestra que es la primera etapa, lo licitamos, ser\u00e1 pronto a ejecutar y paralelamente desarrollamos el dise\u00f1o de las dem\u00e1s etapas\u201d, asever\u00f3.<br \/>\nEn relaci\u00f3n con la inversi\u00f3n que se tiene presupuestada para desarrollar este primer tramo, el \u2018director regional de Serviu\u2019, dijo que son cerca de 400 millones, pero que ese presupuesto es estimativo, y que en el caso de San Felipe, no considera solamente ciclov\u00edas, sino que tambi\u00e9n, tiene una etapa de inversi\u00f3n denominada gesti\u00f3n de tr\u00e1nsito, relacionado con la correcta semaforizaci\u00f3n de las principales avenidas de la comuna<br \/>\n\u201cEl proyecto contempla adem\u00e1s, que los sem\u00e1foros queden todos coordinados unos con otros en todo el centro: las calles Salinas, Coimas, Merced y Prat; todos sus sem\u00e1foros van a estar sincronizados y por lo tanto va a tener una mejor fluidez el tr\u00e1nsito de esta ciudad que ya est\u00e1 bastante congestionada\u201d, expuso Le\u00f3n.<br \/>\nDe acuerdo a lo se\u00f1alado por el personero, la idea es que terminada la ejecuci\u00f3n de la primera etapa ya se comience con las fases restantes y desarrollar de aqu\u00ed a octubre de 2017 los 9 kil\u00f3metros de ciclov\u00edas destinadas para San Felipe.<\/p>\n<figure id=\"attachment_69954\" aria-describedby=\"caption-attachment-69954\" style=\"width: 530px\" class=\"wp-caption alignleft\"><a href=\"http:\/\/www.eltrabajo.cl\/portal\/en-junio-comenzara-a-construirse-la-primera-etapa-de-las-ciclovias-en-san-felipe\/ciclovias1-3\/\" rel=\"attachment wp-att-69954\"><img data-recalc-dims=\"1\" loading=\"lazy\" decoding=\"async\" class=\"size-full wp-image-69954\" src=\"https:\/\/i0.wp.com\/www.eltrabajo.cl\/portal\/wp-content\/uploads\/2016\/05\/ciclovias1.jpg?resize=530%2C350\" alt=\"Las ciclov\u00edas han recorrido un dif\u00edcil camino pero ya en junio se comenzar\u00eda el primer tramo en el bandej\u00f3n de Yungay. (Referencial).\" width=\"530\" height=\"350\" srcset=\"https:\/\/i0.wp.com\/eltrabajo.cl\/portal\/wp-content\/uploads\/2016\/05\/ciclovias1.jpg?w=530&amp;ssl=1 530w, https:\/\/i0.wp.com\/eltrabajo.cl\/portal\/wp-content\/uploads\/2016\/05\/ciclovias1.jpg?resize=200%2C132&amp;ssl=1 200w, https:\/\/i0.wp.com\/eltrabajo.cl\/portal\/wp-content\/uploads\/2016\/05\/ciclovias1.jpg?resize=300%2C198&amp;ssl=1 300w, https:\/\/i0.wp.com\/eltrabajo.cl\/portal\/wp-content\/uploads\/2016\/05\/ciclovias1.jpg?resize=227%2C150&amp;ssl=1 227w, https:\/\/i0.wp.com\/eltrabajo.cl\/portal\/wp-content\/uploads\/2016\/05\/ciclovias1.jpg?resize=400%2C264&amp;ssl=1 400w\" sizes=\"auto, (max-width: 530px) 100vw, 530px\" \/><\/a><figcaption id=\"caption-attachment-69954\" class=\"wp-caption-text\">Las ciclov\u00edas han recorrido un dif\u00edcil camino pero ya en junio se comenzar\u00eda el primer tramo en el bandej\u00f3n de Yungay. (Referencial).<\/figcaption><\/figure>\n","protected":false},"excerpt":{"rendered":"<p>Cerca de 400 millones de pesos los destinados para el tramo de Avenida Yungay: &nbsp; A mediados de junio, debiesen comenzar a efectuarse los trabajos de la primera etapa del proyecto de&#8230;<\/p>\n","protected":false},"author":1,"featured_media":69954,"comment_status":"open","ping_status":"open","sticky":false,"template":"","format":"standard","meta":{"advanced_seo_description":"","jetpack_seo_html_title":"","jetpack_seo_noindex":false,"_jetpack_memberships_contains_paid_content":false,"footnotes":""},"categories":[15],"tags":[],"class_list":["post-69953","post","type-post","status-publish","format-standard","has-post-thumbnail","hentry","category-comunidad"],"jetpack_featured_media_url":"https:\/\/i0.wp.com\/eltrabajo.cl\/portal\/wp-content\/uploads\/2016\/05\/ciclovias1.jpg?fit=530%2C350&ssl=1","jetpack_sharing_enabled":true,"jetpack_likes_enabled":true,"jetpack-related-posts":[],"_links":{"self":[{"href":"https:\/\/eltrabajo.cl\/portal\/wp-json\/wp\/v2\/posts\/69953","targetHints":{"allow":["GET"]}}],"collection":[{"href":"https:\/\/eltrabajo.cl\/portal\/wp-json\/wp\/v2\/posts"}],"about":[{"href":"https:\/\/eltrabajo.cl\/portal\/wp-json\/wp\/v2\/types\/post"}],"author":[{"embeddable":true,"href":"https:\/\/eltrabajo.cl\/portal\/wp-json\/wp\/v2\/users\/1"}],"replies":[{"embeddable":true,"href":"https:\/\/eltrabajo.cl\/portal\/wp-json\/wp\/v2\/comments?post=69953"}],"version-history":[{"count":0,"href":"https:\/\/eltrabajo.cl\/portal\/wp-json\/wp\/v2\/posts\/69953\/revisions"}],"wp:featuredmedia":[{"embeddable":true,"href":"https:\/\/eltrabajo.cl\/portal\/wp-json\/wp\/v2\/media\/69954"}],"wp:attachment":[{"href":"https:\/\/eltrabajo.cl\/portal\/wp-json\/wp\/v2\/media?parent=69953"}],"wp:term":[{"taxonomy":"category","embeddable":true,"href":"https:\/\/eltrabajo.cl\/portal\/wp-json\/wp\/v2\/categories?post=69953"},{"taxonomy":"post_tag","embeddable":true,"href":"https:\/\/eltrabajo.cl\/portal\/wp-json\/wp\/v2\/tags?post=69953"}],"curies":[{"name":"wp","href":"https:\/\/api.w.org\/{rel}","templated":true}]}}