{"id":69958,"date":"2016-05-20T09:27:00","date_gmt":"2016-05-20T13:27:00","guid":{"rendered":"http:\/\/www.eltrabajo.cl\/portal\/?p=69958"},"modified":"2016-05-20T09:27:00","modified_gmt":"2016-05-20T13:27:00","slug":"farmacia-municipal-de-san-felipe-comenzo-a-atender-primeros-usuarios","status":"publish","type":"post","link":"https:\/\/eltrabajo.cl\/portal\/farmacia-municipal-de-san-felipe-comenzo-a-atender-primeros-usuarios\/","title":{"rendered":"Farmacia Municipal de San Felipe comenz\u00f3 a atender primeros usuarios"},"content":{"rendered":"<ul>\n<li><strong>Fue inaugurada ayer con presencia de la Ministra de Salud Carmen Castillo:\u00a0Atender\u00e1 de lunes a jueves entre las 9:00 y 17:00 horas y los viernes entre las 13:00 y 17:00 horas. Su puesta en marcha beneficiar\u00e1 a alrededor de 70 mil sanfelipe\u00f1os, quienes podr\u00e1n ahorrar entre un 75 y un 90% del valor que tienen los medicamentos en las grandes cadenas farmac\u00e9uticas.<\/strong><\/li>\n<\/ul>\n<p>\u201cEsto me va a beneficiar mientras viva, porque los medicamentos que uso son para toda la vida y me sal\u00edan car\u00edsimos, me emociona mucho conocer el nuevo valor que tendr\u00e1n mis remedios\u201d, el testimonio corresponde a la sanfelipe\u00f1a Luisa Tobar, quien padece de Glaucoma avanzado y que durante la jornada de ayer se transform\u00f3 en una de las primeras usuarias de la Farmacia Municipal de San Felipe.<br \/>\nY es que, tras varios meses de gesti\u00f3n por parte de las diferentes autoridades locales y nacionales, ayer se inaugur\u00f3 el dispositivo sanitario que beneficiar\u00e1 a cerca de 70 mil habitantes de la comuna, de forma universal, es decir, sin importar si pertenecen al sistema de salud p\u00fablico o privado, el \u00fanico requisito ser\u00e1 acreditar a trav\u00e9s de la Cartola Hogar, la residencia en la comuna.<br \/>\nSe estima que los usuarios, comprando sus medicamentos a trav\u00e9s de la Farmacia Municipal, podr\u00e1n ahorrarse entre un 75 y un 90% del costo que tienen los medicamentos, en las grandes cadenas farmac\u00e9uticas y el ejemplo de esto es la misma se\u00f1ora Luisa, quien con l\u00e1grimas en sus delicados ojos, cont\u00f3 que a partir de la puesta en marcha de este dispositivo, su gasto mensual de 50 mil pesos se ver\u00e1 rebajado a s\u00f3lo 1640 pesos, lo que para esta vecina resulta casi incre\u00edble. \u201cEs un sue\u00f1o poder contar con esta ayuda, es maravilloso, as\u00ed que insto a que las personas que tienen problemas de salud se acerquen\u201d, recomend\u00f3 la vecina sanfelipe\u00f1a.<br \/>\nLa ceremonia de inauguraci\u00f3n, cont\u00f3 con la presencia de distintas autoridades, dentro de las que destac\u00f3 la Ministra de Salud Carmen Castillo, quien se mostr\u00f3 orgullo total de ver concretada esta iniciativa en la ciudad donde reside.<br \/>\n\u201cHoy (ayer) celebramos la inauguraci\u00f3n de esta farmacia que beneficiar\u00e1 a todos los habitantes de la comuna, independiente de la previsi\u00f3n que tengan, y eso es muy importante porque les viene a dar una soluci\u00f3n en el bolsillo\u201d, puntualiz\u00f3 la Ministra, agregando que \u201csabemos que todos los chilenos y chilenas gastan m\u00e1s del 30% de su salario en medicamentos y esta posibilidad de acceder a una farmacia municipal, les permite bajar los costos en forma importante\u201d, apunt\u00f3.<br \/>\nCastillo destac\u00f3 la labor realizada en la implementaci\u00f3n de este dispositivo, por el alcalde, Patricio Freire; el equipo de Salud Municipal y el respaldo otorgado por el gobernador de San Felipe, Eduardo Le\u00f3n, quienes junto a las fiscalizaciones sanitarias correspondientes, logran resolver un problema muy importante para la poblaci\u00f3n.\u201cEsto es justicia, nos da la posibilidad de que todos tengan un acceso igualitario y tener la oportunidad de brindar atenci\u00f3n de calidad a trav\u00e9s de esta v\u00eda y de otras con las que cuenta el sistema\u201d, enfatiz\u00f3 la Ministra.<br \/>\nLa representante de Gobierno, aclar\u00f3 tambi\u00e9n que la disponibilidad de los cerca de 400 medicamentos que tendr\u00e1 a disposici\u00f3n la \u2018Farmacia Municipal de San Felipe\u2019, no compiten con los que se entregan en el sistema de salud, puesto que \u201cson remedios adicionales que muchas veces est\u00e1n destinados a tratamientos cr\u00f3nicos y que nosotros vamos a respaldar estas iniciativas que vienen a colaborar con situaciones que muchas veces a los alcaldes le significan gastos sin un control determinado\u201d, asever\u00f3.<br \/>\nRespecto de c\u00f3mo se abastecer\u00e1 el dispositivo de medicamentos sanfelipe\u00f1o, Castillo afirm\u00f3 que la disponibilidad de remedios se encuentra asegurado y explic\u00f3 que \u201cAc\u00e1 est\u00e1 presente el director de Central Nacional de Abastecimiento (Cenabast), demostrando que s\u00ed estamos capacitados, tenemos todos los elementos para poder brindar al menos 400 productos para las farmacias municipales, populares o comunitarias\u201d, sentenci\u00f3.<br \/>\nA su vez, la directora de salud de la municipal, Marcela Brito, detall\u00f3 cu\u00e1l ser\u00e1 el mecanismo de funcionamiento de la Farmacia, aclarando que \u201cestamos partiendo y vamos a ir observando el proceso, qu\u00e9 es lo que m\u00e1s se demanda, qu\u00e9 producto tiene mayor salida, cu\u00e1les proveedores conseguimos el mejor precio, porque la idea es que operemos como un canal de distribuci\u00f3n, es decir, nos traen la receta, nosotros gestionamos el proveedor y luego traemos el medicamento solicitado, evitando la sobre carga del producto que observamos al momento de compararnos con las farmacias privadas\u201d, especific\u00f3.<br \/>\nDe acuerdo a lo manifestado por Brito, el costo del medicamento ser\u00e1 el mismo que coloque el abastecedor, m\u00e1s el 10% que implica el concepto de traslado del producto, logrando diferencias de precio bastante considerables.<br \/>\nPor su lado, la m\u00e1xima autoridad de la comuna, mostr\u00f3 toda su satisfacci\u00f3n declarando que \u201cestamos orgullosos, a contar de hoy van a contar con remedios m\u00e1s econ\u00f3micos y eso nos tiene felices\u2026al principio tendremos algunos ajustes, pero en el camino se ir\u00e1 arreglando la carga. Es un gran sue\u00f1o contar con una farmacia municipal\u201d, valor\u00f3 el edil.<br \/>\nEl horario de atenci\u00f3n de la Farmacia Municipal de San Felipe, ser\u00e1 de 9:00 a 17:00 horas de lunes a jueves, mientras que los d\u00edas viernes funcionar\u00e1 entre las 13:00 y 17:00 horas. Es preciso reiterar que los beneficiarios son los habitantes de la comuna, pertenecientes al sistema de Fonasa, Capredena o Dipreca, adem\u00e1s de los vecinos afiliados a alguna Isapre, quienes podr\u00e1n obtener sus medicamentos luego de una evaluaci\u00f3n social previa, autorizada por la Direcci\u00f3n de Desarrollo Comunitario, Dideco. Por \u00faltimo usuarios con recetas cr\u00f3nicas, con no m\u00e1s de tres meses de antig\u00fcedad y los extranjeros que adem\u00e1s cuenten con visa temporaria.<\/p>\n<figure id=\"attachment_69959\" aria-describedby=\"caption-attachment-69959\" style=\"width: 530px\" class=\"wp-caption alignleft\"><a href=\"http:\/\/www.eltrabajo.cl\/portal\/farmacia-municipal-de-san-felipe-comenzo-a-atender-primeros-usuarios\/capacidades1\/\" rel=\"attachment wp-att-69959\"><img data-recalc-dims=\"1\" loading=\"lazy\" decoding=\"async\" class=\"size-full wp-image-69959\" src=\"https:\/\/i0.wp.com\/www.eltrabajo.cl\/portal\/wp-content\/uploads\/2016\/05\/Capacidades1.jpg?resize=530%2C350\" alt=\"BIEN C\u00d3MODOS.- Decenas de vecinos de nuestra comuna se pon\u00edan c\u00f3modos en el sitial para ellos establecido en la carpa oficial.\" width=\"530\" height=\"350\" srcset=\"https:\/\/i0.wp.com\/eltrabajo.cl\/portal\/wp-content\/uploads\/2016\/05\/Capacidades1.jpg?w=530&amp;ssl=1 530w, https:\/\/i0.wp.com\/eltrabajo.cl\/portal\/wp-content\/uploads\/2016\/05\/Capacidades1.jpg?resize=200%2C132&amp;ssl=1 200w, https:\/\/i0.wp.com\/eltrabajo.cl\/portal\/wp-content\/uploads\/2016\/05\/Capacidades1.jpg?resize=300%2C198&amp;ssl=1 300w, https:\/\/i0.wp.com\/eltrabajo.cl\/portal\/wp-content\/uploads\/2016\/05\/Capacidades1.jpg?resize=227%2C150&amp;ssl=1 227w, https:\/\/i0.wp.com\/eltrabajo.cl\/portal\/wp-content\/uploads\/2016\/05\/Capacidades1.jpg?resize=400%2C264&amp;ssl=1 400w\" sizes=\"auto, (max-width: 530px) 100vw, 530px\" \/><\/a><figcaption id=\"caption-attachment-69959\" class=\"wp-caption-text\">BIEN C\u00d3MODOS.- Decenas de vecinos de nuestra comuna se pon\u00edan c\u00f3modos en el sitial para ellos establecido en la carpa oficial.<\/figcaption><\/figure>\n<figure id=\"attachment_69960\" aria-describedby=\"caption-attachment-69960\" style=\"width: 530px\" class=\"wp-caption alignleft\"><a href=\"http:\/\/www.eltrabajo.cl\/portal\/farmacia-municipal-de-san-felipe-comenzo-a-atender-primeros-usuarios\/cueca33-2\/\" rel=\"attachment wp-att-69960\"><img data-recalc-dims=\"1\" loading=\"lazy\" decoding=\"async\" class=\"size-full wp-image-69960\" src=\"https:\/\/i0.wp.com\/www.eltrabajo.cl\/portal\/wp-content\/uploads\/2016\/05\/Cueca33.jpg?resize=530%2C348\" alt=\"VIVA LA CUECA.- Estos peque\u00f1itos alegraron la actividad, sus bailes y pureza infantil era lo m\u00e1s aplaudido.\" width=\"530\" height=\"348\" srcset=\"https:\/\/i0.wp.com\/eltrabajo.cl\/portal\/wp-content\/uploads\/2016\/05\/Cueca33.jpg?w=530&amp;ssl=1 530w, https:\/\/i0.wp.com\/eltrabajo.cl\/portal\/wp-content\/uploads\/2016\/05\/Cueca33.jpg?resize=200%2C131&amp;ssl=1 200w, https:\/\/i0.wp.com\/eltrabajo.cl\/portal\/wp-content\/uploads\/2016\/05\/Cueca33.jpg?resize=300%2C197&amp;ssl=1 300w, https:\/\/i0.wp.com\/eltrabajo.cl\/portal\/wp-content\/uploads\/2016\/05\/Cueca33.jpg?resize=228%2C150&amp;ssl=1 228w, https:\/\/i0.wp.com\/eltrabajo.cl\/portal\/wp-content\/uploads\/2016\/05\/Cueca33.jpg?resize=400%2C263&amp;ssl=1 400w\" sizes=\"auto, (max-width: 530px) 100vw, 530px\" \/><\/a><figcaption id=\"caption-attachment-69960\" class=\"wp-caption-text\">VIVA LA CUECA.- Estos peque\u00f1itos alegraron la actividad, sus bailes y pureza infantil era lo m\u00e1s aplaudido.<\/figcaption><\/figure>\n<figure id=\"attachment_69961\" aria-describedby=\"caption-attachment-69961\" style=\"width: 530px\" class=\"wp-caption alignleft\"><a href=\"http:\/\/www.eltrabajo.cl\/portal\/farmacia-municipal-de-san-felipe-comenzo-a-atender-primeros-usuarios\/farma76\/\" rel=\"attachment wp-att-69961\"><img data-recalc-dims=\"1\" loading=\"lazy\" decoding=\"async\" class=\"size-full wp-image-69961\" src=\"https:\/\/i0.wp.com\/www.eltrabajo.cl\/portal\/wp-content\/uploads\/2016\/05\/Farma76.jpg?resize=530%2C350\" alt=\"CORTE DE CINTA.- La directora de la Oficina de Salud Municipal Marcela Brito y el alcalde Patricio Freire, cortaron alegremente la cinta inaugural de la nueva farmacia municipal.\" width=\"530\" height=\"350\" srcset=\"https:\/\/i0.wp.com\/eltrabajo.cl\/portal\/wp-content\/uploads\/2016\/05\/Farma76.jpg?w=530&amp;ssl=1 530w, https:\/\/i0.wp.com\/eltrabajo.cl\/portal\/wp-content\/uploads\/2016\/05\/Farma76.jpg?resize=200%2C132&amp;ssl=1 200w, https:\/\/i0.wp.com\/eltrabajo.cl\/portal\/wp-content\/uploads\/2016\/05\/Farma76.jpg?resize=300%2C198&amp;ssl=1 300w, https:\/\/i0.wp.com\/eltrabajo.cl\/portal\/wp-content\/uploads\/2016\/05\/Farma76.jpg?resize=227%2C150&amp;ssl=1 227w, https:\/\/i0.wp.com\/eltrabajo.cl\/portal\/wp-content\/uploads\/2016\/05\/Farma76.jpg?resize=400%2C264&amp;ssl=1 400w\" sizes=\"auto, (max-width: 530px) 100vw, 530px\" \/><\/a><figcaption id=\"caption-attachment-69961\" class=\"wp-caption-text\">CORTE DE CINTA.- La directora de la Oficina de Salud Municipal Marcela Brito y el alcalde Patricio Freire, cortaron alegremente la cinta inaugural de la nueva farmacia municipal.<\/figcaption><\/figure>\n<figure id=\"attachment_69962\" aria-describedby=\"caption-attachment-69962\" style=\"width: 530px\" class=\"wp-caption alignleft\"><a href=\"http:\/\/www.eltrabajo.cl\/portal\/farmacia-municipal-de-san-felipe-comenzo-a-atender-primeros-usuarios\/farmaceuticas1\/\" rel=\"attachment wp-att-69962\"><img data-recalc-dims=\"1\" loading=\"lazy\" decoding=\"async\" class=\"size-full wp-image-69962\" src=\"https:\/\/i0.wp.com\/www.eltrabajo.cl\/portal\/wp-content\/uploads\/2016\/05\/Farmaceuticas1.jpg?resize=530%2C350\" alt=\"ELLAS AL FRENTE.- Ellas son la t\u00e9cnica en Enfermer\u00eda Margareth Silva y la t\u00e9cnica en Farmac\u00e9utica Dayana Gonz\u00e1lez, quienes atender\u00e1n la farmacia municipal los martes y jueves de las 09:00 a las 18:00 horas, y el viernes desde las 13:00 a las 17:00 horas.\" width=\"530\" height=\"350\" srcset=\"https:\/\/i0.wp.com\/eltrabajo.cl\/portal\/wp-content\/uploads\/2016\/05\/Farmaceuticas1.jpg?w=530&amp;ssl=1 530w, https:\/\/i0.wp.com\/eltrabajo.cl\/portal\/wp-content\/uploads\/2016\/05\/Farmaceuticas1.jpg?resize=200%2C132&amp;ssl=1 200w, https:\/\/i0.wp.com\/eltrabajo.cl\/portal\/wp-content\/uploads\/2016\/05\/Farmaceuticas1.jpg?resize=300%2C198&amp;ssl=1 300w, https:\/\/i0.wp.com\/eltrabajo.cl\/portal\/wp-content\/uploads\/2016\/05\/Farmaceuticas1.jpg?resize=227%2C150&amp;ssl=1 227w, https:\/\/i0.wp.com\/eltrabajo.cl\/portal\/wp-content\/uploads\/2016\/05\/Farmaceuticas1.jpg?resize=400%2C264&amp;ssl=1 400w\" sizes=\"auto, (max-width: 530px) 100vw, 530px\" \/><\/a><figcaption id=\"caption-attachment-69962\" class=\"wp-caption-text\">ELLAS AL FRENTE.- Ellas son la t\u00e9cnica en Enfermer\u00eda Margareth Silva y la t\u00e9cnica en Farmac\u00e9utica Dayana Gonz\u00e1lez, quienes atender\u00e1n la farmacia municipal los martes y jueves de las 09:00 a las 18:00 horas, y el viernes desde las 13:00 a las 17:00 horas.<\/figcaption><\/figure>\n<figure id=\"attachment_69963\" aria-describedby=\"caption-attachment-69963\" style=\"width: 530px\" class=\"wp-caption alignleft\"><a href=\"http:\/\/www.eltrabajo.cl\/portal\/farmacia-municipal-de-san-felipe-comenzo-a-atender-primeros-usuarios\/farmacias-1\/\" rel=\"attachment wp-att-69963\"><img data-recalc-dims=\"1\" loading=\"lazy\" decoding=\"async\" class=\"size-full wp-image-69963\" src=\"https:\/\/i0.wp.com\/www.eltrabajo.cl\/portal\/wp-content\/uploads\/2016\/05\/farmacias-1.jpg?resize=530%2C349\" alt=\"La ceremonia de inauguraci\u00f3n, cont\u00f3 con la presencia de distintas autoridades, dentro de las que destac\u00f3 la Ministra de Salud Carmen Castillo.\" width=\"530\" height=\"349\" srcset=\"https:\/\/i0.wp.com\/eltrabajo.cl\/portal\/wp-content\/uploads\/2016\/05\/farmacias-1.jpg?w=530&amp;ssl=1 530w, https:\/\/i0.wp.com\/eltrabajo.cl\/portal\/wp-content\/uploads\/2016\/05\/farmacias-1.jpg?resize=200%2C132&amp;ssl=1 200w, https:\/\/i0.wp.com\/eltrabajo.cl\/portal\/wp-content\/uploads\/2016\/05\/farmacias-1.jpg?resize=300%2C198&amp;ssl=1 300w, https:\/\/i0.wp.com\/eltrabajo.cl\/portal\/wp-content\/uploads\/2016\/05\/farmacias-1.jpg?resize=228%2C150&amp;ssl=1 228w, https:\/\/i0.wp.com\/eltrabajo.cl\/portal\/wp-content\/uploads\/2016\/05\/farmacias-1.jpg?resize=400%2C263&amp;ssl=1 400w\" sizes=\"auto, (max-width: 530px) 100vw, 530px\" \/><\/a><figcaption id=\"caption-attachment-69963\" class=\"wp-caption-text\">La ceremonia de inauguraci\u00f3n, cont\u00f3 con la presencia de distintas autoridades, dentro de las que destac\u00f3 la Ministra de Salud Carmen Castillo.<\/figcaption><\/figure>\n<figure id=\"attachment_69964\" aria-describedby=\"caption-attachment-69964\" style=\"width: 530px\" class=\"wp-caption alignleft\"><a href=\"http:\/\/www.eltrabajo.cl\/portal\/farmacia-municipal-de-san-felipe-comenzo-a-atender-primeros-usuarios\/bendicion1\/\" rel=\"attachment wp-att-69964\"><img data-recalc-dims=\"1\" loading=\"lazy\" decoding=\"async\" class=\"size-full wp-image-69964\" src=\"https:\/\/i0.wp.com\/www.eltrabajo.cl\/portal\/wp-content\/uploads\/2016\/05\/Bendicion1.jpg?resize=530%2C348\" alt=\"AGUA BENDITA.- El sacerdote Ricardo Cort\u00e9s Piffaut procedi\u00f3 solemnemente a dar su \u2018bendici\u00f3n\u2019 al local de la nueva farmacia municipal de San Felipe.\" width=\"530\" height=\"348\" srcset=\"https:\/\/i0.wp.com\/eltrabajo.cl\/portal\/wp-content\/uploads\/2016\/05\/Bendicion1.jpg?w=530&amp;ssl=1 530w, https:\/\/i0.wp.com\/eltrabajo.cl\/portal\/wp-content\/uploads\/2016\/05\/Bendicion1.jpg?resize=200%2C131&amp;ssl=1 200w, https:\/\/i0.wp.com\/eltrabajo.cl\/portal\/wp-content\/uploads\/2016\/05\/Bendicion1.jpg?resize=300%2C197&amp;ssl=1 300w, https:\/\/i0.wp.com\/eltrabajo.cl\/portal\/wp-content\/uploads\/2016\/05\/Bendicion1.jpg?resize=228%2C150&amp;ssl=1 228w, https:\/\/i0.wp.com\/eltrabajo.cl\/portal\/wp-content\/uploads\/2016\/05\/Bendicion1.jpg?resize=400%2C263&amp;ssl=1 400w\" sizes=\"auto, (max-width: 530px) 100vw, 530px\" \/><\/a><figcaption id=\"caption-attachment-69964\" class=\"wp-caption-text\">AGUA BENDITA.- El sacerdote Ricardo Cort\u00e9s Piffaut procedi\u00f3 solemnemente a dar su \u2018bendici\u00f3n\u2019 al local de la nueva farmacia municipal de San Felipe.<\/figcaption><\/figure>\n","protected":false},"excerpt":{"rendered":"<p>Fue inaugurada ayer con presencia de la Ministra de Salud Carmen Castillo:\u00a0Atender\u00e1 de lunes a jueves entre las 9:00 y 17:00 horas y los viernes entre las 13:00 y 17:00 horas. Su&#8230;<\/p>\n","protected":false},"author":1,"featured_media":69962,"comment_status":"open","ping_status":"open","sticky":false,"template":"","format":"standard","meta":{"advanced_seo_description":"","jetpack_seo_html_title":"","jetpack_seo_noindex":false,"_jetpack_memberships_contains_paid_content":false,"footnotes":""},"categories":[1],"tags":[],"class_list":["post-69958","post","type-post","status-publish","format-standard","has-post-thumbnail","hentry","category-cronica"],"jetpack_featured_media_url":"https:\/\/i0.wp.com\/eltrabajo.cl\/portal\/wp-content\/uploads\/2016\/05\/Farmaceuticas1.jpg?fit=530%2C350&ssl=1","jetpack_sharing_enabled":true,"jetpack_likes_enabled":true,"jetpack-related-posts":[],"_links":{"self":[{"href":"https:\/\/eltrabajo.cl\/portal\/wp-json\/wp\/v2\/posts\/69958","targetHints":{"allow":["GET"]}}],"collection":[{"href":"https:\/\/eltrabajo.cl\/portal\/wp-json\/wp\/v2\/posts"}],"about":[{"href":"https:\/\/eltrabajo.cl\/portal\/wp-json\/wp\/v2\/types\/post"}],"author":[{"embeddable":true,"href":"https:\/\/eltrabajo.cl\/portal\/wp-json\/wp\/v2\/users\/1"}],"replies":[{"embeddable":true,"href":"https:\/\/eltrabajo.cl\/portal\/wp-json\/wp\/v2\/comments?post=69958"}],"version-history":[{"count":0,"href":"https:\/\/eltrabajo.cl\/portal\/wp-json\/wp\/v2\/posts\/69958\/revisions"}],"wp:featuredmedia":[{"embeddable":true,"href":"https:\/\/eltrabajo.cl\/portal\/wp-json\/wp\/v2\/media\/69962"}],"wp:attachment":[{"href":"https:\/\/eltrabajo.cl\/portal\/wp-json\/wp\/v2\/media?parent=69958"}],"wp:term":[{"taxonomy":"category","embeddable":true,"href":"https:\/\/eltrabajo.cl\/portal\/wp-json\/wp\/v2\/categories?post=69958"},{"taxonomy":"post_tag","embeddable":true,"href":"https:\/\/eltrabajo.cl\/portal\/wp-json\/wp\/v2\/tags?post=69958"}],"curies":[{"name":"wp","href":"https:\/\/api.w.org\/{rel}","templated":true}]}}