{"id":69976,"date":"2016-05-23T08:36:49","date_gmt":"2016-05-23T12:36:49","guid":{"rendered":"http:\/\/www.eltrabajo.cl\/portal\/?p=69976"},"modified":"2016-05-23T08:36:49","modified_gmt":"2016-05-23T12:36:49","slug":"concejales-propondran-optica-popular-para-san-felipe","status":"publish","type":"post","link":"https:\/\/eltrabajo.cl\/portal\/concejales-propondran-optica-popular-para-san-felipe\/","title":{"rendered":"Concejales propondr\u00e1n \u00f3ptica popular para San Felipe"},"content":{"rendered":"<p>Tras impulsar la farmacia municipal, los concejales Jeannette Sotomayor, Basilio Muena y Ricardo Covarrubias, propondr\u00e1n en la pr\u00f3xima sesi\u00f3n de concejo al alcalde Patricio Freire, hacer las gestiones para abrir una \u00f3ptica popular, como una forma de replicar las pol\u00edticas p\u00fablicas desde el municipio de San Felipe.<br \/>\nCabe se\u00f1alar, que los tres concejales acudieron hasta el municipio de Recoleta, para dar inicio a la recopilaci\u00f3n de informaci\u00f3n para llevar a efecto el mencionado programa, raz\u00f3n por la cual sostuvieron una reuni\u00f3n de trabajo con el gerente de la \u00f3ptica Marcos Fern\u00e1ndez Neira, quien les manifest\u00f3 que dicha pol\u00edtica va en la misma direcci\u00f3n a la de la farmacia popular.<br \/>\nAl ser consultada, la concejala Jeannette Sotomayor sobre esta nueva propuesta, manifest\u00f3 \u201cefectivamente estamos preparando una propuesta que realizaremos al alcalde Patricio Freire para iniciar un programa asistencial como lo es la \u00f3ptica popular para San Felipe, porque sabemos de muchos vecinos que no tienen los recursos econ\u00f3micos para adquirir lentes a precios costos y justos\u201d asever\u00f3.<br \/>\nPor su parte, el concejal Basilio Muena precis\u00f3 \u201cnosotros trabajamos por la farmacia municipal para San Felipe, donde no bastaba con votarla en sesi\u00f3n de concejo, sino que hacerla carne en la conciencia de la gente, por eso es que nos permitimos pedirla para todos porque la salud es un derecho\u201d manifest\u00f3.<br \/>\nAsimismo, el concejal Ricardo Covarrubias, quien recolect\u00f3 firmas a favor de la farmacia popular manifest\u00f3 \u201ceste es un proceso que lo vamos a iniciar con una petici\u00f3n ante el concejo municipal para levantar esta pol\u00edtica p\u00fablica, porque es una necesidad para San Felipe y a los vecinos como contribuyentes debemos darle esas alternativas de atenci\u00f3n en salud como es la coordinaci\u00f3n de una compra de un par de lentes a precios costos\u201d dijo.<br \/>\nEs importante mencionar, que los tres concejales, recorrieron las dependencias de la \u00f3ptica popular de Recoleta, donde vieron el proceso de adquisici\u00f3n de los lentes y existen los de acetato, met\u00e1licos, de sol y de titanio, los cuales poseen precios con valores referenciales muchos m\u00e1s baratos donde se busca reducirlos hasta en un 70% a la de las cadenas comerciales.<\/p>\n<figure id=\"attachment_69977\" aria-describedby=\"caption-attachment-69977\" style=\"width: 530px\" class=\"wp-caption alignleft\"><a href=\"http:\/\/www.eltrabajo.cl\/portal\/concejales-propondran-optica-popular-para-san-felipe\/optica-1-jpg\/\" rel=\"attachment wp-att-69977\"><img data-recalc-dims=\"1\" loading=\"lazy\" decoding=\"async\" class=\"size-full wp-image-69977\" src=\"https:\/\/i0.wp.com\/www.eltrabajo.cl\/portal\/wp-content\/uploads\/2016\/05\/OPTICA-1.JPG.jpg?resize=530%2C349\" alt=\"Los concejales Sotomayor, Muena y Covarrubias junto al equipo t\u00e9cnico de la \u00f3ptica popular que dirige el gerente Marcos Fern\u00e1ndez.\" width=\"530\" height=\"349\" srcset=\"https:\/\/i0.wp.com\/eltrabajo.cl\/portal\/wp-content\/uploads\/2016\/05\/OPTICA-1.JPG.jpg?w=530&amp;ssl=1 530w, https:\/\/i0.wp.com\/eltrabajo.cl\/portal\/wp-content\/uploads\/2016\/05\/OPTICA-1.JPG.jpg?resize=200%2C132&amp;ssl=1 200w, https:\/\/i0.wp.com\/eltrabajo.cl\/portal\/wp-content\/uploads\/2016\/05\/OPTICA-1.JPG.jpg?resize=300%2C198&amp;ssl=1 300w, https:\/\/i0.wp.com\/eltrabajo.cl\/portal\/wp-content\/uploads\/2016\/05\/OPTICA-1.JPG.jpg?resize=228%2C150&amp;ssl=1 228w, https:\/\/i0.wp.com\/eltrabajo.cl\/portal\/wp-content\/uploads\/2016\/05\/OPTICA-1.JPG.jpg?resize=400%2C263&amp;ssl=1 400w\" sizes=\"auto, (max-width: 530px) 100vw, 530px\" \/><\/a><figcaption id=\"caption-attachment-69977\" class=\"wp-caption-text\">Los concejales Sotomayor, Muena y Covarrubias junto al equipo t\u00e9cnico de la \u00f3ptica popular que dirige el gerente Marcos Fern\u00e1ndez.<\/figcaption><\/figure>\n","protected":false},"excerpt":{"rendered":"<p>Tras impulsar la farmacia municipal, los concejales Jeannette Sotomayor, Basilio Muena y Ricardo Covarrubias, propondr\u00e1n en la pr\u00f3xima sesi\u00f3n de concejo al alcalde Patricio Freire, hacer las gestiones para abrir una \u00f3ptica&#8230;<\/p>\n","protected":false},"author":1,"featured_media":69977,"comment_status":"open","ping_status":"open","sticky":false,"template":"","format":"standard","meta":{"advanced_seo_description":"","jetpack_seo_html_title":"","jetpack_seo_noindex":false,"_jetpack_memberships_contains_paid_content":false,"footnotes":""},"categories":[1],"tags":[],"class_list":["post-69976","post","type-post","status-publish","format-standard","has-post-thumbnail","hentry","category-cronica"],"jetpack_featured_media_url":"https:\/\/i0.wp.com\/eltrabajo.cl\/portal\/wp-content\/uploads\/2016\/05\/OPTICA-1.JPG.jpg?fit=530%2C349&ssl=1","jetpack_sharing_enabled":true,"jetpack_likes_enabled":true,"jetpack-related-posts":[],"_links":{"self":[{"href":"https:\/\/eltrabajo.cl\/portal\/wp-json\/wp\/v2\/posts\/69976","targetHints":{"allow":["GET"]}}],"collection":[{"href":"https:\/\/eltrabajo.cl\/portal\/wp-json\/wp\/v2\/posts"}],"about":[{"href":"https:\/\/eltrabajo.cl\/portal\/wp-json\/wp\/v2\/types\/post"}],"author":[{"embeddable":true,"href":"https:\/\/eltrabajo.cl\/portal\/wp-json\/wp\/v2\/users\/1"}],"replies":[{"embeddable":true,"href":"https:\/\/eltrabajo.cl\/portal\/wp-json\/wp\/v2\/comments?post=69976"}],"version-history":[{"count":0,"href":"https:\/\/eltrabajo.cl\/portal\/wp-json\/wp\/v2\/posts\/69976\/revisions"}],"wp:featuredmedia":[{"embeddable":true,"href":"https:\/\/eltrabajo.cl\/portal\/wp-json\/wp\/v2\/media\/69977"}],"wp:attachment":[{"href":"https:\/\/eltrabajo.cl\/portal\/wp-json\/wp\/v2\/media?parent=69976"}],"wp:term":[{"taxonomy":"category","embeddable":true,"href":"https:\/\/eltrabajo.cl\/portal\/wp-json\/wp\/v2\/categories?post=69976"},{"taxonomy":"post_tag","embeddable":true,"href":"https:\/\/eltrabajo.cl\/portal\/wp-json\/wp\/v2\/tags?post=69976"}],"curies":[{"name":"wp","href":"https:\/\/api.w.org\/{rel}","templated":true}]}}