{"id":69980,"date":"2016-05-23T08:38:33","date_gmt":"2016-05-23T12:38:33","guid":{"rendered":"http:\/\/www.eltrabajo.cl\/portal\/?p=69980"},"modified":"2016-05-23T08:38:33","modified_gmt":"2016-05-23T12:38:33","slug":"recuperan-virgen-de-mas-de-200-anos-en-sector-quebrada-de-herrera","status":"publish","type":"post","link":"https:\/\/eltrabajo.cl\/portal\/recuperan-virgen-de-mas-de-200-anos-en-sector-quebrada-de-herrera\/","title":{"rendered":"Recuperan Virgen de m\u00e1s de 200 a\u00f1os en sector Quebrada de Herrera"},"content":{"rendered":"<p><strong>Sector El Bajo de Calle Lo Aranda:\u00a0A pesar que el hecho no estuvo exento de pol\u00e9mica, pues los vecinos denunciaron el robo de la imagen, finalmente Carabineros la recuper\u00f3 desde una vivienda del sector Las Coimas, donde una mujer aseguraba ser la propietaria del objeto religioso.<\/strong><\/p>\n<p><strong>PUTAENDO.-<\/strong> Una confusa situaci\u00f3n se vivi\u00f3 durante el s\u00e1bado reci\u00e9n pasado, luego que se denunciara el robo de la imagen de la Virgen del Rosario de Andacollo, de m\u00e1s de 200 a\u00f1os de antig\u00fcedad, desde una antigua capilla ubicada en el sector El Bajo de Calle Lo Aranda, en Quebrada Herrera, lo que incluso moviliz\u00f3 a Carabineros de Putaendo.<br \/>\nBernardo Miranda, a nombre de los residentes del sector, declar\u00f3 que la situaci\u00f3n se origin\u00f3, luego que el actual propietario del terreno donde est\u00e1 emplazada la capilla, llegara a un acuerdo con la comunidad con el objetivo de poder mantener abierto el recinto religioso donde se encuentra la imagen de la Virgen de Andacollo, la que de acuerdo al relato de distintas generaciones de familias que vivieron en esa zona, fue intercambiada por una yunta de bueyes a unos espa\u00f1oles hace m\u00e1s de dos siglos, y desde aquel entonces, siempre estuvo en el mismo lugar para ser venerada por los habitantes del sector.<br \/>\nMiranda, afirm\u00f3 que en una primera instancia, el citado terreno fue comprado por una sucesi\u00f3n de varias personas, una de las cuales reclam\u00f3 la imagen como de su propiedad, y transcurridos algunos meses el recinto fue comprado por una sola persona, que gener\u00f3 un acuerdo con la comunidad para el uso de la capilla, lo que se materializ\u00f3 este s\u00e1bado cuando los vecinos junto al nuevo propietario, cortaron los candados del lugar e ingresaron a la capilla, sin embargo, descubrieron que la Virgen del Rosario de Andacollo, una imagen de Jes\u00fas crucificado y la estatua de San Jos\u00e9 hab\u00edan sido sacadas del lugar, ante lo cual se solicit\u00f3 la presencia de Carabineros.<br \/>\nEl personal policial, con la informaci\u00f3n aportada por los denunciantes, concurrieron hasta un domicilio de la localidad de Las Coimas, entrevist\u00e1ndose con una de las expropietarias del terreno, quien se\u00f1al\u00f3 que no se hab\u00eda robado la imagen, sino que la hab\u00eda sacado del lugar para protegerla y mantenerla en buenas condiciones. Finalmente, la mujer entreg\u00f3 de manera voluntaria la imagen de la Virgen del Rosario de Andacollo, que fue trasladada hasta Calle Lo Aranda, donde fue recibida por los vecinos que adem\u00e1s adecuaron y limpiaron la capilla, en la cual permanecer\u00e1 para seguir cultivando una tradici\u00f3n de m\u00e1s de doscientos a\u00f1os.<br \/>\nEste domingo, la comunidad organiz\u00f3 un gran evento para festejar el regreso de la Virgen del Rosario de Andacollo, la que cont\u00f3 con la presentaci\u00f3n de bailes chinos.<\/p>\n<figure id=\"attachment_69981\" aria-describedby=\"caption-attachment-69981\" style=\"width: 530px\" class=\"wp-caption alignleft\"><a href=\"http:\/\/www.eltrabajo.cl\/portal\/recuperan-virgen-de-mas-de-200-anos-en-sector-quebrada-de-herrera\/virgen-robada\/\" rel=\"attachment wp-att-69981\"><img data-recalc-dims=\"1\" loading=\"lazy\" decoding=\"async\" class=\"size-full wp-image-69981\" src=\"https:\/\/i0.wp.com\/www.eltrabajo.cl\/portal\/wp-content\/uploads\/2016\/05\/virgen-ROBADA.jpg?resize=530%2C350\" alt=\"Orgullosos con su misi\u00f3n.- Vecinos de la comunidad del sector \u2018El Bajo de Calle Aranda\u2019, gracias a la ayuda de Carabineros, recuperan Virgen del Rosario de Andacollo, de m\u00e1s de 200 a\u00f1os de antig\u00fcedad.\" width=\"530\" height=\"350\" srcset=\"https:\/\/i0.wp.com\/eltrabajo.cl\/portal\/wp-content\/uploads\/2016\/05\/virgen-ROBADA.jpg?w=530&amp;ssl=1 530w, https:\/\/i0.wp.com\/eltrabajo.cl\/portal\/wp-content\/uploads\/2016\/05\/virgen-ROBADA.jpg?resize=200%2C132&amp;ssl=1 200w, https:\/\/i0.wp.com\/eltrabajo.cl\/portal\/wp-content\/uploads\/2016\/05\/virgen-ROBADA.jpg?resize=300%2C198&amp;ssl=1 300w, https:\/\/i0.wp.com\/eltrabajo.cl\/portal\/wp-content\/uploads\/2016\/05\/virgen-ROBADA.jpg?resize=227%2C150&amp;ssl=1 227w, https:\/\/i0.wp.com\/eltrabajo.cl\/portal\/wp-content\/uploads\/2016\/05\/virgen-ROBADA.jpg?resize=400%2C264&amp;ssl=1 400w\" sizes=\"auto, (max-width: 530px) 100vw, 530px\" \/><\/a><figcaption id=\"caption-attachment-69981\" class=\"wp-caption-text\">Orgullosos con su misi\u00f3n.- Vecinos de la comunidad del sector \u2018El Bajo de Calle Aranda\u2019, gracias a la ayuda de Carabineros, recuperan Virgen del Rosario de Andacollo, de m\u00e1s de 200 a\u00f1os de antig\u00fcedad.<\/figcaption><\/figure>\n","protected":false},"excerpt":{"rendered":"<p>Sector El Bajo de Calle Lo Aranda:\u00a0A pesar que el hecho no estuvo exento de pol\u00e9mica, pues los vecinos denunciaron el robo de la imagen, finalmente Carabineros la recuper\u00f3 desde una vivienda&#8230;<\/p>\n","protected":false},"author":1,"featured_media":69981,"comment_status":"open","ping_status":"open","sticky":false,"template":"","format":"standard","meta":{"advanced_seo_description":"","jetpack_seo_html_title":"","jetpack_seo_noindex":false,"_jetpack_memberships_contains_paid_content":false,"footnotes":""},"categories":[15],"tags":[],"class_list":["post-69980","post","type-post","status-publish","format-standard","has-post-thumbnail","hentry","category-comunidad"],"jetpack_featured_media_url":"https:\/\/i0.wp.com\/eltrabajo.cl\/portal\/wp-content\/uploads\/2016\/05\/virgen-ROBADA.jpg?fit=530%2C350&ssl=1","jetpack_sharing_enabled":true,"jetpack_likes_enabled":true,"jetpack-related-posts":[],"_links":{"self":[{"href":"https:\/\/eltrabajo.cl\/portal\/wp-json\/wp\/v2\/posts\/69980","targetHints":{"allow":["GET"]}}],"collection":[{"href":"https:\/\/eltrabajo.cl\/portal\/wp-json\/wp\/v2\/posts"}],"about":[{"href":"https:\/\/eltrabajo.cl\/portal\/wp-json\/wp\/v2\/types\/post"}],"author":[{"embeddable":true,"href":"https:\/\/eltrabajo.cl\/portal\/wp-json\/wp\/v2\/users\/1"}],"replies":[{"embeddable":true,"href":"https:\/\/eltrabajo.cl\/portal\/wp-json\/wp\/v2\/comments?post=69980"}],"version-history":[{"count":0,"href":"https:\/\/eltrabajo.cl\/portal\/wp-json\/wp\/v2\/posts\/69980\/revisions"}],"wp:featuredmedia":[{"embeddable":true,"href":"https:\/\/eltrabajo.cl\/portal\/wp-json\/wp\/v2\/media\/69981"}],"wp:attachment":[{"href":"https:\/\/eltrabajo.cl\/portal\/wp-json\/wp\/v2\/media?parent=69980"}],"wp:term":[{"taxonomy":"category","embeddable":true,"href":"https:\/\/eltrabajo.cl\/portal\/wp-json\/wp\/v2\/categories?post=69980"},{"taxonomy":"post_tag","embeddable":true,"href":"https:\/\/eltrabajo.cl\/portal\/wp-json\/wp\/v2\/tags?post=69980"}],"curies":[{"name":"wp","href":"https:\/\/api.w.org\/{rel}","templated":true}]}}