{"id":69988,"date":"2016-05-23T08:42:39","date_gmt":"2016-05-23T12:42:39","guid":{"rendered":"http:\/\/www.eltrabajo.cl\/portal\/?p=69988"},"modified":"2016-05-23T08:42:39","modified_gmt":"2016-05-23T12:42:39","slug":"municipio-andino-maravillara-a-vecinos-con-opera-carmen-el-26-de-mayo","status":"publish","type":"post","link":"https:\/\/eltrabajo.cl\/portal\/municipio-andino-maravillara-a-vecinos-con-opera-carmen-el-26-de-mayo\/","title":{"rendered":"Municipio andino maravillar\u00e1 a vecinos con \u00f3pera \u2018Carmen\u2019 el 26 de mayo"},"content":{"rendered":"<p>Con un espect\u00e1culo de alto nivel, municipio andino pretende sorprender a los vecinos de Los Andes, con un espect\u00e1culo gratis y abierto a toda la comunidad del Valle de Aconcagua. Se trata de la popular \u00d3pera Carmen, pieza dram\u00e1tica de Georges Bizet, que llega a la comuna, este jueves 26 de mayo.<br \/>\nLa puesta en escena de esta obra de renombre internacional, centrada en la historia de una gitana de nombre Carmen, estar\u00e1 a cargo de destacados int\u00e9rpretes nacionales, cuatro solistas principales, acompa\u00f1ados de piano, cello y flauta traversa, adem\u00e1s de la participaci\u00f3n de artistas locales. La actuaci\u00f3n est\u00e1 bajo la direcci\u00f3n de Claudio Fern\u00e1ndez.<br \/>\nEl alcalde de la comuna, invita a toda la comunidad a presenciar esta \u00f3pera dram\u00e1tica \u00abnos enorgullece much\u00edsimo porque se realiza con la participaci\u00f3n de elencos locales como es el caso del Ballet Flamenco del C\u00edrculo Espa\u00f1ol de Los Andes. El que quiere asistir est\u00e1 cordialmente invitado: ni\u00f1os, ni\u00f1as, j\u00f3venes, adultos, adultos mayores\u2026 es una obra entretenida y que nos vincula directamente con el arte y la cultura\u00bb, mencion\u00f3 el edil.<br \/>\nLa obra se presentar\u00e1 en vivo, cantada en franc\u00e9s, con subt\u00edtulos en espa\u00f1ol y proyectada en una pantalla. La invitaci\u00f3n es para el jueves 26 de mayo, a las 19:00 horas, en el Gimnasio del Instituto Chacabuco.<br \/>\nEl director Claudio Fern\u00e1ndez demostr\u00f3 la satisfacci\u00f3n de traer esta presentaci\u00f3n a nuestra comuna, adem\u00e1s de entregar detalles de lo que el p\u00fablico podr\u00e1 disfrutar \u00abes una selecci\u00f3n actuada de los momentos m\u00e1s importantes, donde se va relatando cada escena. Para que la gente entienda de qu\u00e9 se trata la obra, qui\u00e9n la compuso y quien es el personaje famoso Carmen, la gitana. Estamos muy felices de venir por primera vez y hacer una obra de esta magnitud a esta comuna.\u00bb<br \/>\nSe suma as\u00ed un nuevo espect\u00e1culo gratuito de renombre, al alcance de todos los andinos.<\/p>\n<figure id=\"attachment_69989\" aria-describedby=\"caption-attachment-69989\" style=\"width: 530px\" class=\"wp-caption alignleft\"><a href=\"http:\/\/www.eltrabajo.cl\/portal\/municipio-andino-maravillara-a-vecinos-con-opera-carmen-el-26-de-mayo\/operacarmen\/\" rel=\"attachment wp-att-69989\"><img data-recalc-dims=\"1\" loading=\"lazy\" decoding=\"async\" class=\"size-full wp-image-69989\" src=\"https:\/\/i0.wp.com\/www.eltrabajo.cl\/portal\/wp-content\/uploads\/2016\/05\/OperaCarmen.jpg?resize=530%2C349\" alt=\"La invitaci\u00f3n es para el jueves 26 de mayo, a las 19:00 horas, en el Gimnasio del Instituto Chacabuco.\" width=\"530\" height=\"349\" srcset=\"https:\/\/i0.wp.com\/eltrabajo.cl\/portal\/wp-content\/uploads\/2016\/05\/OperaCarmen.jpg?w=530&amp;ssl=1 530w, https:\/\/i0.wp.com\/eltrabajo.cl\/portal\/wp-content\/uploads\/2016\/05\/OperaCarmen.jpg?resize=200%2C132&amp;ssl=1 200w, https:\/\/i0.wp.com\/eltrabajo.cl\/portal\/wp-content\/uploads\/2016\/05\/OperaCarmen.jpg?resize=300%2C198&amp;ssl=1 300w, https:\/\/i0.wp.com\/eltrabajo.cl\/portal\/wp-content\/uploads\/2016\/05\/OperaCarmen.jpg?resize=228%2C150&amp;ssl=1 228w, https:\/\/i0.wp.com\/eltrabajo.cl\/portal\/wp-content\/uploads\/2016\/05\/OperaCarmen.jpg?resize=400%2C263&amp;ssl=1 400w\" sizes=\"auto, (max-width: 530px) 100vw, 530px\" \/><\/a><figcaption id=\"caption-attachment-69989\" class=\"wp-caption-text\">La invitaci\u00f3n es para el jueves 26 de mayo, a las 19:00 horas, en el Gimnasio del Instituto Chacabuco.<\/figcaption><\/figure>\n","protected":false},"excerpt":{"rendered":"<p>Con un espect\u00e1culo de alto nivel, municipio andino pretende sorprender a los vecinos de Los Andes, con un espect\u00e1culo gratis y abierto a toda la comunidad del Valle de Aconcagua. Se trata&#8230;<\/p>\n","protected":false},"author":1,"featured_media":69989,"comment_status":"open","ping_status":"open","sticky":false,"template":"","format":"standard","meta":{"advanced_seo_description":"","jetpack_seo_html_title":"","jetpack_seo_noindex":false,"_jetpack_memberships_contains_paid_content":false,"footnotes":""},"categories":[20],"tags":[],"class_list":["post-69988","post","type-post","status-publish","format-standard","has-post-thumbnail","hentry","category-arte-y-cultura"],"jetpack_featured_media_url":"https:\/\/i0.wp.com\/eltrabajo.cl\/portal\/wp-content\/uploads\/2016\/05\/OperaCarmen.jpg?fit=530%2C349&ssl=1","jetpack_sharing_enabled":true,"jetpack_likes_enabled":true,"jetpack-related-posts":[],"_links":{"self":[{"href":"https:\/\/eltrabajo.cl\/portal\/wp-json\/wp\/v2\/posts\/69988","targetHints":{"allow":["GET"]}}],"collection":[{"href":"https:\/\/eltrabajo.cl\/portal\/wp-json\/wp\/v2\/posts"}],"about":[{"href":"https:\/\/eltrabajo.cl\/portal\/wp-json\/wp\/v2\/types\/post"}],"author":[{"embeddable":true,"href":"https:\/\/eltrabajo.cl\/portal\/wp-json\/wp\/v2\/users\/1"}],"replies":[{"embeddable":true,"href":"https:\/\/eltrabajo.cl\/portal\/wp-json\/wp\/v2\/comments?post=69988"}],"version-history":[{"count":0,"href":"https:\/\/eltrabajo.cl\/portal\/wp-json\/wp\/v2\/posts\/69988\/revisions"}],"wp:featuredmedia":[{"embeddable":true,"href":"https:\/\/eltrabajo.cl\/portal\/wp-json\/wp\/v2\/media\/69989"}],"wp:attachment":[{"href":"https:\/\/eltrabajo.cl\/portal\/wp-json\/wp\/v2\/media?parent=69988"}],"wp:term":[{"taxonomy":"category","embeddable":true,"href":"https:\/\/eltrabajo.cl\/portal\/wp-json\/wp\/v2\/categories?post=69988"},{"taxonomy":"post_tag","embeddable":true,"href":"https:\/\/eltrabajo.cl\/portal\/wp-json\/wp\/v2\/tags?post=69988"}],"curies":[{"name":"wp","href":"https:\/\/api.w.org\/{rel}","templated":true}]}}