{"id":69992,"date":"2016-05-23T08:45:44","date_gmt":"2016-05-23T12:45:44","guid":{"rendered":"http:\/\/www.eltrabajo.cl\/portal\/?p=69992"},"modified":"2016-05-23T08:45:44","modified_gmt":"2016-05-23T12:45:44","slug":"roban-mercaderia-y-secuestran-a-chofer-de-camion-de-la-empresa-nestle","status":"publish","type":"post","link":"https:\/\/eltrabajo.cl\/portal\/roban-mercaderia-y-secuestran-a-chofer-de-camion-de-la-empresa-nestle\/","title":{"rendered":"Roban mercader\u00eda y secuestran a chofer de cami\u00f3n de la empresa Nestl\u00e9"},"content":{"rendered":"<ul>\n<li><strong>Con 24.800 kilos de alimento para mascotas evaluados en $9 millones:<\/strong><\/li>\n<\/ul>\n<p>El conductor del cami\u00f3n Volvo patente RD2947, quien portaba en su remolque unos 24.800 kilos de alimento para mascotas, fue secuestrado la ma\u00f1ana del viernes en Los Andes, despojado del veh\u00edculo y trasladado por desconocidos hacia Santiago, en donde habr\u00eda sido abandonado en el sector sur de esa ciudad.<br \/>\nSeg\u00fan informes de la PDI, otras personas implicadas tambi\u00e9n en este robo habr\u00edan dejado el automotor abandonado y ya sin mercader\u00eda en la ruta 60, a un costado de la v\u00eda en el sector Tierras Blancas. As\u00ed lo inform\u00f3 a Diario El Trabajo el subprefecto Juan S\u00e1nchez, jefe de la Brigada de Robos, de la PDI de Los Andes.<\/p>\n<p><strong>LOS DETALLES<\/strong><br \/>\n\u00abEstamos investigando el paradero de la mercader\u00eda robada y de los autores de este robo y secuestro al conductor del cami\u00f3n de la empresa Nestl\u00e9. Este cami\u00f3n fue abandonado en este lugar tras el robo, su conductor fue secuestrado y liberado en Santiago horas despu\u00e9s, el secuestro fue en Los Andes\u00bb, dijo el oficial.<br \/>\nAunque la PDI hizo levantamiento de huellas dactilares al interior del cami\u00f3n, a\u00fan no se ha realizado alguna captura en relaci\u00f3n a este caso, \u00abeste conductor fue dejado abandonado en San Bernardo de Santiago, en la parte sur de la capital, mientras que otros delincuentes sustra\u00edan la mercader\u00eda del cami\u00f3n, se trata de unos $9 millones, que corresponder\u00edan al valor de 24.800 kilos de alimento para mascotas\u00bb, puntualiz\u00f3 S\u00e1nchez.<br \/>\n<strong>Roberto Gonz\u00e1lez Short<\/strong><br \/>\n<strong>rgonzalez@eltrabajo.cl<\/strong><\/p>\n<figure id=\"attachment_69994\" aria-describedby=\"caption-attachment-69994\" style=\"width: 530px\" class=\"wp-caption alignleft\"><a href=\"http:\/\/www.eltrabajo.cl\/portal\/roban-mercaderia-y-secuestran-a-chofer-de-camion-de-la-empresa-nestle\/camion3\/\" rel=\"attachment wp-att-69994\"><img data-recalc-dims=\"1\" loading=\"lazy\" decoding=\"async\" class=\"size-full wp-image-69994\" src=\"https:\/\/i0.wp.com\/www.eltrabajo.cl\/portal\/wp-content\/uploads\/2016\/05\/Camion3.jpg?resize=530%2C348\" alt=\"LO LIMPIARON.- As\u00ed qued\u00f3 el remolque de este cami\u00f3n, vac\u00edo y abierto de par en par.\" width=\"530\" height=\"348\" srcset=\"https:\/\/i0.wp.com\/eltrabajo.cl\/portal\/wp-content\/uploads\/2016\/05\/Camion3.jpg?w=530&amp;ssl=1 530w, https:\/\/i0.wp.com\/eltrabajo.cl\/portal\/wp-content\/uploads\/2016\/05\/Camion3.jpg?resize=200%2C131&amp;ssl=1 200w, https:\/\/i0.wp.com\/eltrabajo.cl\/portal\/wp-content\/uploads\/2016\/05\/Camion3.jpg?resize=300%2C197&amp;ssl=1 300w, https:\/\/i0.wp.com\/eltrabajo.cl\/portal\/wp-content\/uploads\/2016\/05\/Camion3.jpg?resize=228%2C150&amp;ssl=1 228w, https:\/\/i0.wp.com\/eltrabajo.cl\/portal\/wp-content\/uploads\/2016\/05\/Camion3.jpg?resize=400%2C263&amp;ssl=1 400w\" sizes=\"auto, (max-width: 530px) 100vw, 530px\" \/><\/a><figcaption id=\"caption-attachment-69994\" class=\"wp-caption-text\">LO LIMPIARON.- As\u00ed qued\u00f3 el remolque de este cami\u00f3n, vac\u00edo y abierto de par en par.<\/figcaption><\/figure>\n<figure id=\"attachment_69993\" aria-describedby=\"caption-attachment-69993\" style=\"width: 530px\" class=\"wp-caption alignleft\"><a href=\"http:\/\/www.eltrabajo.cl\/portal\/roban-mercaderia-y-secuestran-a-chofer-de-camion-de-la-empresa-nestle\/camion1-9\/\" rel=\"attachment wp-att-69993\"><img data-recalc-dims=\"1\" loading=\"lazy\" decoding=\"async\" class=\"size-full wp-image-69993\" src=\"https:\/\/i0.wp.com\/www.eltrabajo.cl\/portal\/wp-content\/uploads\/2016\/05\/Camion1.jpg?resize=530%2C350\" alt=\"CAMI\u00d3N ABANDONADO.- El cami\u00f3n apareci\u00f3 abandonado la ma\u00f1ana del viernes en la ruta 60, sector Tierras Blancas. El conductor no result\u00f3 herido.\" width=\"530\" height=\"350\" srcset=\"https:\/\/i0.wp.com\/eltrabajo.cl\/portal\/wp-content\/uploads\/2016\/05\/Camion1.jpg?w=530&amp;ssl=1 530w, https:\/\/i0.wp.com\/eltrabajo.cl\/portal\/wp-content\/uploads\/2016\/05\/Camion1.jpg?resize=200%2C132&amp;ssl=1 200w, https:\/\/i0.wp.com\/eltrabajo.cl\/portal\/wp-content\/uploads\/2016\/05\/Camion1.jpg?resize=300%2C198&amp;ssl=1 300w, https:\/\/i0.wp.com\/eltrabajo.cl\/portal\/wp-content\/uploads\/2016\/05\/Camion1.jpg?resize=227%2C150&amp;ssl=1 227w, https:\/\/i0.wp.com\/eltrabajo.cl\/portal\/wp-content\/uploads\/2016\/05\/Camion1.jpg?resize=400%2C264&amp;ssl=1 400w\" sizes=\"auto, (max-width: 530px) 100vw, 530px\" \/><\/a><figcaption id=\"caption-attachment-69993\" class=\"wp-caption-text\">CAMI\u00d3N ABANDONADO.- El cami\u00f3n apareci\u00f3 abandonado la ma\u00f1ana del viernes en la ruta 60, sector Tierras Blancas. El conductor no result\u00f3 herido.<\/figcaption><\/figure>\n","protected":false},"excerpt":{"rendered":"<p>Con 24.800 kilos de alimento para mascotas evaluados en $9 millones: El conductor del cami\u00f3n Volvo patente RD2947, quien portaba en su remolque unos 24.800 kilos de alimento para mascotas, fue secuestrado&#8230;<\/p>\n","protected":false},"author":1,"featured_media":69993,"comment_status":"open","ping_status":"open","sticky":false,"template":"","format":"standard","meta":{"advanced_seo_description":"","jetpack_seo_html_title":"","jetpack_seo_noindex":false,"_jetpack_memberships_contains_paid_content":false,"footnotes":""},"categories":[21],"tags":[],"class_list":["post-69992","post","type-post","status-publish","format-standard","has-post-thumbnail","hentry","category-policial"],"jetpack_featured_media_url":"https:\/\/i0.wp.com\/eltrabajo.cl\/portal\/wp-content\/uploads\/2016\/05\/Camion1.jpg?fit=530%2C350&ssl=1","jetpack_sharing_enabled":true,"jetpack_likes_enabled":true,"jetpack-related-posts":[],"_links":{"self":[{"href":"https:\/\/eltrabajo.cl\/portal\/wp-json\/wp\/v2\/posts\/69992","targetHints":{"allow":["GET"]}}],"collection":[{"href":"https:\/\/eltrabajo.cl\/portal\/wp-json\/wp\/v2\/posts"}],"about":[{"href":"https:\/\/eltrabajo.cl\/portal\/wp-json\/wp\/v2\/types\/post"}],"author":[{"embeddable":true,"href":"https:\/\/eltrabajo.cl\/portal\/wp-json\/wp\/v2\/users\/1"}],"replies":[{"embeddable":true,"href":"https:\/\/eltrabajo.cl\/portal\/wp-json\/wp\/v2\/comments?post=69992"}],"version-history":[{"count":0,"href":"https:\/\/eltrabajo.cl\/portal\/wp-json\/wp\/v2\/posts\/69992\/revisions"}],"wp:featuredmedia":[{"embeddable":true,"href":"https:\/\/eltrabajo.cl\/portal\/wp-json\/wp\/v2\/media\/69993"}],"wp:attachment":[{"href":"https:\/\/eltrabajo.cl\/portal\/wp-json\/wp\/v2\/media?parent=69992"}],"wp:term":[{"taxonomy":"category","embeddable":true,"href":"https:\/\/eltrabajo.cl\/portal\/wp-json\/wp\/v2\/categories?post=69992"},{"taxonomy":"post_tag","embeddable":true,"href":"https:\/\/eltrabajo.cl\/portal\/wp-json\/wp\/v2\/tags?post=69992"}],"curies":[{"name":"wp","href":"https:\/\/api.w.org\/{rel}","templated":true}]}}