{"id":70002,"date":"2016-05-23T08:50:22","date_gmt":"2016-05-23T12:50:22","guid":{"rendered":"http:\/\/www.eltrabajo.cl\/portal\/?p=70002"},"modified":"2016-05-23T08:50:22","modified_gmt":"2016-05-23T12:50:22","slug":"dueno-de-casa-sorprendio-a-delincuente-robando-dentro-de-su-vivienda","status":"publish","type":"post","link":"https:\/\/eltrabajo.cl\/portal\/dueno-de-casa-sorprendio-a-delincuente-robando-dentro-de-su-vivienda\/","title":{"rendered":"Due\u00f1o de casa sorprendi\u00f3 a delincuente robando dentro de su vivienda"},"content":{"rendered":"<ul>\n<li><strong>Antisocial, con amplio prontuario delictivo, qued\u00f3 a disposici\u00f3n de la Fiscal\u00eda para la investigaci\u00f3n del caso.<\/strong><\/li>\n<\/ul>\n<p>Al interior de una vivienda ubicada en calle Diagonal Alcides Vargas, en la comuna de Llay Llay, un delincuente fue arrestado por Carabineros luego de un llamado telef\u00f3nico efectuado por el propietario de la casa, el cual sorprendi\u00f3 al antisocial intentando robar su bicicleta.<br \/>\nEste llamado de auxilio, se gener\u00f3 a eso de las 21:30 horas del pasado jueves, en los momentos que el vecino afectado manifestaba a la polic\u00eda las caracter\u00edsticas f\u00edsicas y de vestimentas de un desconocido que irrumpi\u00f3 en su morada.<br \/>\nEn minutos, los uniformados concurrieron al domicilio se\u00f1alado, sorprendiendo en flagrancia al sujeto de 50 a\u00f1os de edad dentro del inmueble, instancia en que se procedi\u00f3 a la detenci\u00f3n del individuo quien se opon\u00eda a ser esposado, amenazando al personal policial, seg\u00fan consign\u00f3 Carabineros.<br \/>\nAsimismo, desde la instituci\u00f3n uniformada se destac\u00f3 la oportuna informaci\u00f3n proporcionada por este vecino que en definitiva permiti\u00f3 r\u00e1pidamente proceder y frustrar este robo, deteniendo al sujeto que ser\u00e1 procesado por la justicia.<br \/>\nPor disposici\u00f3n del fiscal de turno, el imputado de iniciales M.A.Y.C., quien posee antecedentes delictuales por diversos delitos, fue derivado hasta el Juzgado de Garant\u00eda de San Felipe para ser sometido a control de detenci\u00f3n por parte del Ministerio P\u00fablico que investigar\u00e1 el caso.<br \/>\n<strong>Pablo Salinas Sald\u00edas<\/strong><\/p>\n<figure id=\"attachment_70003\" aria-describedby=\"caption-attachment-70003\" style=\"width: 530px\" class=\"wp-caption alignleft\"><a href=\"http:\/\/www.eltrabajo.cl\/portal\/dueno-de-casa-sorprendio-a-delincuente-robando-dentro-de-su-vivienda\/detenido-llay-lllay\/\" rel=\"attachment wp-att-70003\"><img data-recalc-dims=\"1\" loading=\"lazy\" decoding=\"async\" class=\"size-full wp-image-70003\" src=\"https:\/\/i0.wp.com\/www.eltrabajo.cl\/portal\/wp-content\/uploads\/2016\/05\/DETENIDO-LLAY-LLLAY.jpg?resize=530%2C348\" alt=\"El imputado de iniciales M.A.Y.C. de 50 a\u00f1os fue capturado por Carabineros para ser derivado hasta Tribunales.\" width=\"530\" height=\"348\" srcset=\"https:\/\/i0.wp.com\/eltrabajo.cl\/portal\/wp-content\/uploads\/2016\/05\/DETENIDO-LLAY-LLLAY.jpg?w=530&amp;ssl=1 530w, https:\/\/i0.wp.com\/eltrabajo.cl\/portal\/wp-content\/uploads\/2016\/05\/DETENIDO-LLAY-LLLAY.jpg?resize=200%2C131&amp;ssl=1 200w, https:\/\/i0.wp.com\/eltrabajo.cl\/portal\/wp-content\/uploads\/2016\/05\/DETENIDO-LLAY-LLLAY.jpg?resize=300%2C197&amp;ssl=1 300w, https:\/\/i0.wp.com\/eltrabajo.cl\/portal\/wp-content\/uploads\/2016\/05\/DETENIDO-LLAY-LLLAY.jpg?resize=228%2C150&amp;ssl=1 228w, https:\/\/i0.wp.com\/eltrabajo.cl\/portal\/wp-content\/uploads\/2016\/05\/DETENIDO-LLAY-LLLAY.jpg?resize=400%2C263&amp;ssl=1 400w\" sizes=\"auto, (max-width: 530px) 100vw, 530px\" \/><\/a><figcaption id=\"caption-attachment-70003\" class=\"wp-caption-text\">El imputado de iniciales M.A.Y.C. de 50 a\u00f1os fue capturado por Carabineros para ser derivado hasta Tribunales.<\/figcaption><\/figure>\n","protected":false},"excerpt":{"rendered":"<p>Antisocial, con amplio prontuario delictivo, qued\u00f3 a disposici\u00f3n de la Fiscal\u00eda para la investigaci\u00f3n del caso. Al interior de una vivienda ubicada en calle Diagonal Alcides Vargas, en la comuna de Llay&#8230;<\/p>\n","protected":false},"author":1,"featured_media":70003,"comment_status":"open","ping_status":"open","sticky":false,"template":"","format":"standard","meta":{"advanced_seo_description":"","jetpack_seo_html_title":"","jetpack_seo_noindex":false,"_jetpack_memberships_contains_paid_content":false,"footnotes":""},"categories":[21],"tags":[],"class_list":["post-70002","post","type-post","status-publish","format-standard","has-post-thumbnail","hentry","category-policial"],"jetpack_featured_media_url":"https:\/\/i0.wp.com\/eltrabajo.cl\/portal\/wp-content\/uploads\/2016\/05\/DETENIDO-LLAY-LLLAY.jpg?fit=530%2C348&ssl=1","jetpack_sharing_enabled":true,"jetpack_likes_enabled":true,"jetpack-related-posts":[],"_links":{"self":[{"href":"https:\/\/eltrabajo.cl\/portal\/wp-json\/wp\/v2\/posts\/70002","targetHints":{"allow":["GET"]}}],"collection":[{"href":"https:\/\/eltrabajo.cl\/portal\/wp-json\/wp\/v2\/posts"}],"about":[{"href":"https:\/\/eltrabajo.cl\/portal\/wp-json\/wp\/v2\/types\/post"}],"author":[{"embeddable":true,"href":"https:\/\/eltrabajo.cl\/portal\/wp-json\/wp\/v2\/users\/1"}],"replies":[{"embeddable":true,"href":"https:\/\/eltrabajo.cl\/portal\/wp-json\/wp\/v2\/comments?post=70002"}],"version-history":[{"count":0,"href":"https:\/\/eltrabajo.cl\/portal\/wp-json\/wp\/v2\/posts\/70002\/revisions"}],"wp:featuredmedia":[{"embeddable":true,"href":"https:\/\/eltrabajo.cl\/portal\/wp-json\/wp\/v2\/media\/70003"}],"wp:attachment":[{"href":"https:\/\/eltrabajo.cl\/portal\/wp-json\/wp\/v2\/media?parent=70002"}],"wp:term":[{"taxonomy":"category","embeddable":true,"href":"https:\/\/eltrabajo.cl\/portal\/wp-json\/wp\/v2\/categories?post=70002"},{"taxonomy":"post_tag","embeddable":true,"href":"https:\/\/eltrabajo.cl\/portal\/wp-json\/wp\/v2\/tags?post=70002"}],"curies":[{"name":"wp","href":"https:\/\/api.w.org\/{rel}","templated":true}]}}