{"id":7002,"date":"2011-12-02T09:17:31","date_gmt":"2011-12-02T13:17:31","guid":{"rendered":"http:\/\/www.eltrabajo.cl\/portal\/?p=7002"},"modified":"2011-12-02T09:17:31","modified_gmt":"2011-12-02T13:17:31","slug":"%e2%80%9ctras-catorce-anos-postrado-a-mis-17-anos-pude-al-fin-caminar%e2%80%9d","status":"publish","type":"post","link":"https:\/\/eltrabajo.cl\/portal\/%e2%80%9ctras-catorce-anos-postrado-a-mis-17-anos-pude-al-fin-caminar%e2%80%9d\/","title":{"rendered":"\u201cTras catorce a\u00f1os postrado, a mis 17 a\u00f1os pude al fin caminar\u201d"},"content":{"rendered":"<figure id=\"attachment_7003\" aria-describedby=\"caption-attachment-7003\" style=\"width: 600px\" class=\"wp-caption alignnone\"><a href=\"http:\/\/www.eltrabajo.cl\/portal\/archives\/7002\/exito1\" rel=\"attachment wp-att-7003\"><img data-recalc-dims=\"1\" loading=\"lazy\" decoding=\"async\" class=\"size-full wp-image-7003\" title=\"Exito1\" src=\"https:\/\/i0.wp.com\/www.eltrabajo.cl\/portal\/wp-content\/uploads\/2011\/12\/Exito1.jpg?resize=600%2C484\" alt=\"\" width=\"600\" height=\"484\" srcset=\"https:\/\/i0.wp.com\/eltrabajo.cl\/portal\/wp-content\/uploads\/2011\/12\/Exito1.jpg?w=600&amp;ssl=1 600w, https:\/\/i0.wp.com\/eltrabajo.cl\/portal\/wp-content\/uploads\/2011\/12\/Exito1.jpg?resize=185%2C150&amp;ssl=1 185w, https:\/\/i0.wp.com\/eltrabajo.cl\/portal\/wp-content\/uploads\/2011\/12\/Exito1.jpg?resize=300%2C242&amp;ssl=1 300w, https:\/\/i0.wp.com\/eltrabajo.cl\/portal\/wp-content\/uploads\/2011\/12\/Exito1.jpg?resize=150%2C121&amp;ssl=1 150w, https:\/\/i0.wp.com\/eltrabajo.cl\/portal\/wp-content\/uploads\/2011\/12\/Exito1.jpg?resize=400%2C322&amp;ssl=1 400w\" sizes=\"auto, (max-width: 600px) 100vw, 600px\" \/><\/a><figcaption id=\"caption-attachment-7003\" class=\"wp-caption-text\">Bernardo Gallegos recibe con orgullo su Diploma y Libreta Profesional en las instalaciones del CEC de San Felipe.<\/figcaption><\/figure>\n<ul>\n<li><strong>En este reportaje especial, conoce c\u00f3mo se las ingeni\u00f3 un putaendino para salir adelante tras sufrir 16 intervenciones quir\u00fargicas durante los catorce a\u00f1os que permaneci\u00f3 internado en un hospital en Valpara\u00edso.<\/strong><\/li>\n<\/ul>\n<p>Roberto Gonz\u00e1lez Short &#8211; rgonzalez@eltrabajo.cl<\/p>\n<p>El Esp\u00edritu Humano no conoce l\u00edmites. Cada vez que una adversidad se interpone entre nosotros y nuestras metas personales, nuestra fuerza interior es la \u00fanica opci\u00f3n en la vida. Morir o Vivir, \u00e9sa es la cuesti\u00f3n y fue la elecci\u00f3n tambi\u00e9n tomada por Bernardo Gallegos Rodr\u00edguez desde que ten\u00eda apenas tres a\u00f1os de vida ante una enfermedad m\u00e1s que mortal: La Poliomielitis.<\/p>\n<p><strong>ENFERMEDAD ASESINA<\/strong><\/p>\n<p>Esta enfermedad asesina produce Par\u00e1lisis Infantil porque las personas que contraen el mal son especialmente los ni\u00f1os entre cinco y diez a\u00f1os. Se dispersa de persona a persona a trav\u00e9s de secreciones respiratorias o por la ruta fecal oral. La mayor\u00eda de las infecciones de polio son asintom\u00e1ticas. Solo en el 1\u00a0% de casos, el virus entra al sistema nervioso central (SNC) v\u00eda la corriente sangu\u00ednea. Dentro del SNC, el poliovirus preferencialmente infecta y destruye las neuronas motoras. Esa destrucci\u00f3n de neuronas causa debilidad muscular y par\u00e1lisis aguda fl\u00e1cida.<\/p>\n<p><strong>\u201cLUEGO DE 14 A\u00d1OS LOGR\u00c9 CAMINAR\u201d<\/strong><\/p>\n<p>\u00abYo quiero compartir mi historia porque estoy seguro de que estoy para hacer mucho m\u00e1s de lo que he realizado, soy Carpintero, s\u00e9 de Gasfiter\u00eda, Agricultura, Artesan\u00eda en cuero y madera. A mis 17 a\u00f1os logr\u00e9 caminar, despu\u00e9s de estar 14 a\u00f1os hospitalizado. Luego ingres\u00e9 al Colegio Rep\u00fablica de los Estados Unidos para terminar mis estudios en Putaendo\u00bb, coment\u00f3 Bernardo a DIARIO EL TRABAJO, quien pas\u00f3 catorce a\u00f1os internado en el Hospital San Juan de Dios de Valpara\u00edso.<\/p>\n<p>\u00abA\u00fan as\u00ed me aferr\u00e9 a la vida, con mis m\u00fasculos inertes, dependiente para todo, d\u00e9bil y con un miedo natural al futuro. Logr\u00e9 seguir adelante, con muchas ganas de vivir me enfrent\u00e9 al bistur\u00ed 16 veces y durante catorce a\u00f1os recib\u00ed tratamiento de Rehabilitaci\u00f3n mientras estudiaba. A mis 17 a\u00f1os pude por fin caminar\u00bb, coment\u00f3 Gallegos, emocionado.<\/p>\n<p><strong>\u201cNUNCA ME QUEJ\u00c9\u201d<\/strong><\/p>\n<p>\u00abSiempre trat\u00e9 de ser feliz, nunca me quej\u00e9 por mi enfermedad, mis padres no pod\u00edan dar ninguna clase de estudio, ellos en Putaendo y yo en los salones de un hospital, a veces me daban un \u2018Permiso Especial\u2019 para visitar a mis padres y hermanos, alguien del hospital coordinaba para que vinieran por m\u00ed\u00bb, relata Gallegos a DIARIO EL TRABAJO.<\/p>\n<p>\u00abPude alimentarme solo, pero no pod\u00eda caminar, ante todo esto, jam\u00e1s pens\u00e9 que Dios me estuviese \u2018castigando\u2019, de alguna manera, simplemente me aferr\u00e9 a la idea de ser \u00fatil y lograr salir adelante\u00bb, detall\u00f3 Bernardo. Este putaendino tiene cinco bellas hijas que nacieron de su relaci\u00f3n con su esposa Margarita Cornejo, pero hoy d\u00eda vive con otra persona.<\/p>\n<p>Actualmente tiene 58 a\u00f1os de edad, es padre de dos hijos y vive en Quebrada Herrera, y fue uno de los 120 emprendedores que este mi\u00e9rcoles recibieron su diploma y la Libreta Profesional del Alumno Trabajador por parte del Centro de Emprendimiento y Capacitaci\u00f3n para el Trabajo.<\/p>\n<p>Bernardo sufri\u00f3 la enfermedad en su forma aguda, la misma le caus\u00f3 inflamaci\u00f3n en las neuronas motoras de su m\u00e9dula espinal, del cerebro y lo llev\u00f3 a la par\u00e1lisis, atrofia muscular y en un alto grado, S\u00edndrome pospoliomiel\u00edtico (secuelas tard\u00edas de la poliomielitis) afectando en un 60% de su cuerpo. En el peor de los casos, esta enfermedad asesina puede causar par\u00e1lisis permanente o la muerte al paralizarse el diafragma. El 24 de octubre se celebra el D\u00eda Mundial contra la Poliomielitis.<\/p>\n","protected":false},"excerpt":{"rendered":"<p>En este reportaje especial, conoce c\u00f3mo se las ingeni\u00f3 un putaendino para salir adelante tras sufrir 16 intervenciones quir\u00fargicas durante los catorce a\u00f1os que permaneci\u00f3 internado en un hospital en Valpara\u00edso. Roberto&#8230;<\/p>\n","protected":false},"author":482,"featured_media":7003,"comment_status":"open","ping_status":"open","sticky":false,"template":"","format":"standard","meta":{"advanced_seo_description":"","jetpack_seo_html_title":"","jetpack_seo_noindex":false,"_jetpack_memberships_contains_paid_content":false,"footnotes":""},"categories":[15],"tags":[],"class_list":["post-7002","post","type-post","status-publish","format-standard","has-post-thumbnail","hentry","category-comunidad"],"jetpack_featured_media_url":"https:\/\/i0.wp.com\/eltrabajo.cl\/portal\/wp-content\/uploads\/2011\/12\/Exito1.jpg?fit=600%2C484&ssl=1","jetpack_sharing_enabled":true,"jetpack_likes_enabled":true,"jetpack-related-posts":[],"_links":{"self":[{"href":"https:\/\/eltrabajo.cl\/portal\/wp-json\/wp\/v2\/posts\/7002","targetHints":{"allow":["GET"]}}],"collection":[{"href":"https:\/\/eltrabajo.cl\/portal\/wp-json\/wp\/v2\/posts"}],"about":[{"href":"https:\/\/eltrabajo.cl\/portal\/wp-json\/wp\/v2\/types\/post"}],"author":[{"embeddable":true,"href":"https:\/\/eltrabajo.cl\/portal\/wp-json\/wp\/v2\/users\/482"}],"replies":[{"embeddable":true,"href":"https:\/\/eltrabajo.cl\/portal\/wp-json\/wp\/v2\/comments?post=7002"}],"version-history":[{"count":0,"href":"https:\/\/eltrabajo.cl\/portal\/wp-json\/wp\/v2\/posts\/7002\/revisions"}],"wp:featuredmedia":[{"embeddable":true,"href":"https:\/\/eltrabajo.cl\/portal\/wp-json\/wp\/v2\/media\/7003"}],"wp:attachment":[{"href":"https:\/\/eltrabajo.cl\/portal\/wp-json\/wp\/v2\/media?parent=7002"}],"wp:term":[{"taxonomy":"category","embeddable":true,"href":"https:\/\/eltrabajo.cl\/portal\/wp-json\/wp\/v2\/categories?post=7002"},{"taxonomy":"post_tag","embeddable":true,"href":"https:\/\/eltrabajo.cl\/portal\/wp-json\/wp\/v2\/tags?post=7002"}],"curies":[{"name":"wp","href":"https:\/\/api.w.org\/{rel}","templated":true}]}}