{"id":70022,"date":"2016-05-23T09:04:45","date_gmt":"2016-05-23T13:04:45","guid":{"rendered":"http:\/\/www.eltrabajo.cl\/portal\/?p=70022"},"modified":"2016-05-23T09:04:45","modified_gmt":"2016-05-23T13:04:45","slug":"ccp-san-felipe-podria-adherirse-a-huelga-de-hambre-liquida-de-gendarmeria","status":"publish","type":"post","link":"https:\/\/eltrabajo.cl\/portal\/ccp-san-felipe-podria-adherirse-a-huelga-de-hambre-liquida-de-gendarmeria\/","title":{"rendered":"CCP San Felipe podr\u00eda adherirse a Huelga de Hambre l\u00edquida de Gendarmer\u00eda"},"content":{"rendered":"<ul>\n<li><strong>Funcionarios demandan mejoras sustanciales para la instituci\u00f3n y exigen la renuncia de Director Nacional:\u00a0Gendarmes sanfelipe\u00f1os podr\u00edan sumarse a los 4 funcionarios de la Expenitenciar\u00eda de Santiago que ya se encuentran sin ingerir alimentos desde el viernes y se esperaba que durante el fin de semana se plegara al movimiento, personal de Talca y Concepci\u00f3n.<\/strong><\/li>\n<\/ul>\n<figure id=\"attachment_70023\" aria-describedby=\"caption-attachment-70023\" style=\"width: 300px\" class=\"wp-caption alignleft\"><a href=\"http:\/\/www.eltrabajo.cl\/portal\/ccp-san-felipe-podria-adherirse-a-huelga-de-hambre-liquida-de-gendarmeria\/foto-1-sargento-segundo-luis-medina\/\" rel=\"attachment wp-att-70023\"><img data-recalc-dims=\"1\" loading=\"lazy\" decoding=\"async\" class=\"size-medium wp-image-70023\" src=\"https:\/\/i0.wp.com\/www.eltrabajo.cl\/portal\/wp-content\/uploads\/2016\/05\/FOTO-1-Sargento-Segundo-Luis-Medina-300x197.jpg?resize=300%2C197\" alt=\"Sargento Segundo Luis Medina, presidente ANSOG, Provincia de San Felipe.\" width=\"300\" height=\"197\" srcset=\"https:\/\/i0.wp.com\/eltrabajo.cl\/portal\/wp-content\/uploads\/2016\/05\/FOTO-1-Sargento-Segundo-Luis-Medina.jpg?resize=300%2C197&amp;ssl=1 300w, https:\/\/i0.wp.com\/eltrabajo.cl\/portal\/wp-content\/uploads\/2016\/05\/FOTO-1-Sargento-Segundo-Luis-Medina.jpg?resize=200%2C131&amp;ssl=1 200w, https:\/\/i0.wp.com\/eltrabajo.cl\/portal\/wp-content\/uploads\/2016\/05\/FOTO-1-Sargento-Segundo-Luis-Medina.jpg?resize=228%2C150&amp;ssl=1 228w, https:\/\/i0.wp.com\/eltrabajo.cl\/portal\/wp-content\/uploads\/2016\/05\/FOTO-1-Sargento-Segundo-Luis-Medina.jpg?resize=400%2C263&amp;ssl=1 400w, https:\/\/i0.wp.com\/eltrabajo.cl\/portal\/wp-content\/uploads\/2016\/05\/FOTO-1-Sargento-Segundo-Luis-Medina.jpg?w=530&amp;ssl=1 530w\" sizes=\"auto, (max-width: 300px) 100vw, 300px\" \/><\/a><figcaption id=\"caption-attachment-70023\" class=\"wp-caption-text\">Sargento Segundo Luis Medina, presidente ANSOG, Provincia de San Felipe.<\/figcaption><\/figure>\n<p>Mediante la lectura de una declaraci\u00f3n p\u00fablica, el sargento segundo Luis Medina, presidente provincial de la Asociaci\u00f3n Nacional de Suboficiales y Gendarmes, ANSOG, anunci\u00f3 que personal del Centro de Cumplimiento Penitenciario, CCP San Felipe, podr\u00eda plegarse a la huelga de hambre l\u00edquida, que el viernes pasado iniciaron 3 funcionarios pertenecientes a este gremio, adem\u00e1s de un profesional de Asociaci\u00f3n de Gendarmes de Chile (AGECH), debido a la \u2018indolencia y falta de di\u00e1logo del Gobierno\u2019, problem\u00e1tica que la instituci\u00f3n penal personific\u00f3 en la Ministra de Justicia M\u00f3nica Blanco.<br \/>\nApostando por una mejora efectiva en la carrera profesional de los gendarmes y exigiendo la renuncia del director nacional de la instituci\u00f3n, Tulio Arce, el comunicado, argumenta que \u00aben los \u00faltimos a\u00f1os, nuestra asociaci\u00f3n ha denunciado p\u00fablicamente las incoherencias o nula comprensi\u00f3n del paradigma de prevenci\u00f3n del delito, en la concepci\u00f3n de las pol\u00edticas p\u00fablicas de parte de los gobiernos de turno, ya que hist\u00f3ricamente se ha dejado conscientemente de lado un eslab\u00f3n fundamental en ello, como lo es el penitenciario\u00bb, aduce el texto.<br \/>\nDel mismo modo, la declaraci\u00f3n resalta que \u00abesto ha quedado en evidencia, desde antes de establecer la Reforma Procesal Penal, ya que Gendarmer\u00eda de Chile, es la \u00fanica instituci\u00f3n del circuito de seguridad p\u00fablica, que no recibi\u00f3 la modernizaci\u00f3n y recursos que las dem\u00e1s instituciones s\u00ed recibieron y a pesar del paso de los a\u00f1os, esto no ha variado un \u00e1pice, porque se sigue invirtiendo con fuerza s\u00f3lo en el combate de la delincuencia, Carabineros, Polic\u00eda de Investigaciones y Ministerio P\u00fablico, lo cual, ha afectado las proyecciones de carrera de los funcionarios de nuestra instituci\u00f3n\u00bb, rese\u00f1a.<br \/>\nDe acuerdo a lo manifestado por Medina, el 23 de enero de 2015 la Presidenta Michelle Bachelet, firm\u00f3 el proyecto de agenda corta de delincuencia, el cual, hasta la fecha, s\u00f3lo ha avanzado en el Congreso Nacional en lo referente a otorgar medidas efectivas de prisi\u00f3n, a aqu\u00e9llos reincidentes en delitos contra las personas y ha dejado de lado lo relativo a nueva infraestructura carcelaria, confirm\u00e1ndose que no se construir\u00e1n nuevos recintos penitenciarios, hecho que refleja la indiferencia que existe ante las diversas realidades carcelarias.<br \/>\n\u00abA nuestro juicio, un ejercicio simple y matem\u00e1tico debiera alertar al Gobierno, hoy los recintos penales poseen un hacinamiento del orden del 43 por ciento, concentr\u00e1ndose principalmente en aqu\u00e9llos no concesionados, por lo tanto a mayor nivel de penas efectivas de c\u00e1rcel, aumentar\u00e1 irremediablemente el hacinamiento, es aqu\u00ed precisamente donde queda en evidencia la miop\u00eda del Gobierno, al no comprender que la oportunidad real en el combate de la delincuencia, radica al interior de las c\u00e1rceles y en ello es fundamental el personal de gendarmer\u00eda\u00bb, argumentaba el enunciado.<br \/>\nEn lo referente al estancamiento profesional del contingente, seg\u00fan la instituci\u00f3n \u00e9ste se produce a ra\u00edz de \u00abla rebaja de grados y creaci\u00f3n de otros s\u00f3lo en la base de la pir\u00e1mide, produciendo hasta el d\u00eda de hoy un cuello de botella insalvable, ya que muchos de nuestros funcionarios m\u00e1s j\u00f3venes y en los grados iniciales de la carrera pasar\u00e1n hasta 17 a\u00f1os en un mismo grado, lo cual se traduce en una grave atentado contra los derechos laborales, en s\u00edntesis, hoy en Gendarmer\u00eda de Chile no existe carrera funcionaria ni estabilidad laboral, hecho que provoca graves trastornos psicosociales y emocionales en nuestra gente, al darse cuenta que se han sumado a una instituci\u00f3n que nos les brinda una mayor proyecci\u00f3n\u00bb, esboz\u00f3 Medina.<br \/>\nDentro de la exigencias de Gendarmer\u00eda a nivel nacional se encuentran; Que el gobierno tramite con urgencia prorrogar las facultades al Director Nacional establecidas en la ley 20.849, para eximir de los requisitos de ascenso por m\u00e9ritos hasta el a\u00f1o 2020, ingresar un proyecto de ley que aborde la crisis de carrera funcionaria a m\u00e1s tardar el primer trimestre del a\u00f1o 2017, defender la especial funci\u00f3n de la instituci\u00f3n y su gente ante el \u00f3rgano contralor y asegurar a los dirigentes huelguistas un trato digno y coherente que bajo ning\u00fan punto de vista amenace su estabilidad laboral.<br \/>\n\u00abHoy la c\u00e1rcel en Chile, es para todos los actores involucrados, s\u00f3lo un espacio de dolor desesperanza, injusticia y profunda decepci\u00f3n, finalmente esperamos que el Gobierno y la sociedad en general, entienda la dimensi\u00f3n de nuestra lucha, ya que esto s\u00f3lo busca poner fin a a\u00f1os de abandono y desidia en las pol\u00edticas penitenciarias, ciertamente apostamos al di\u00e1logo y poder sentarnos a conversar con la autoridad ministerial, no con el director nacional, coronel Tulio Arce, a quien no encontramos un interlocutor v\u00e1lido y solicitamos su renuncia por su total desapego con la instituci\u00f3n y su personal\u00bb, cerr\u00f3 la lectura por parte de Medina.<\/p>\n<figure id=\"attachment_70024\" aria-describedby=\"caption-attachment-70024\" style=\"width: 530px\" class=\"wp-caption alignleft\"><a href=\"http:\/\/www.eltrabajo.cl\/portal\/ccp-san-felipe-podria-adherirse-a-huelga-de-hambre-liquida-de-gendarmeria\/foto-2-ccp-san-felipe\/\" rel=\"attachment wp-att-70024\"><img data-recalc-dims=\"1\" loading=\"lazy\" decoding=\"async\" class=\"size-full wp-image-70024\" src=\"https:\/\/i0.wp.com\/www.eltrabajo.cl\/portal\/wp-content\/uploads\/2016\/05\/FOTO-2-CCP-San-Felipe.jpg?resize=530%2C348\" alt=\" San Felipe, se sum\u00f3 con pancartas a inicio de huelga de hambre l\u00edquida de 4 funcionarios de la ex penitenciar\u00eda de Santiago\" width=\"530\" height=\"348\" srcset=\"https:\/\/i0.wp.com\/eltrabajo.cl\/portal\/wp-content\/uploads\/2016\/05\/FOTO-2-CCP-San-Felipe.jpg?w=530&amp;ssl=1 530w, https:\/\/i0.wp.com\/eltrabajo.cl\/portal\/wp-content\/uploads\/2016\/05\/FOTO-2-CCP-San-Felipe.jpg?resize=200%2C131&amp;ssl=1 200w, https:\/\/i0.wp.com\/eltrabajo.cl\/portal\/wp-content\/uploads\/2016\/05\/FOTO-2-CCP-San-Felipe.jpg?resize=300%2C197&amp;ssl=1 300w, https:\/\/i0.wp.com\/eltrabajo.cl\/portal\/wp-content\/uploads\/2016\/05\/FOTO-2-CCP-San-Felipe.jpg?resize=228%2C150&amp;ssl=1 228w, https:\/\/i0.wp.com\/eltrabajo.cl\/portal\/wp-content\/uploads\/2016\/05\/FOTO-2-CCP-San-Felipe.jpg?resize=400%2C263&amp;ssl=1 400w\" sizes=\"auto, (max-width: 530px) 100vw, 530px\" \/><\/a><figcaption id=\"caption-attachment-70024\" class=\"wp-caption-text\">San Felipe, se sum\u00f3 con pancartas a inicio de huelga de hambre l\u00edquida de 4 funcionarios de la ex penitenciar\u00eda de Santiago<\/figcaption><\/figure>\n","protected":false},"excerpt":{"rendered":"<p>Funcionarios demandan mejoras sustanciales para la instituci\u00f3n y exigen la renuncia de Director Nacional:\u00a0Gendarmes sanfelipe\u00f1os podr\u00edan sumarse a los 4 funcionarios de la Expenitenciar\u00eda de Santiago que ya se encuentran sin ingerir&#8230;<\/p>\n","protected":false},"author":1,"featured_media":70024,"comment_status":"open","ping_status":"open","sticky":false,"template":"","format":"standard","meta":{"advanced_seo_description":"","jetpack_seo_html_title":"","jetpack_seo_noindex":false,"_jetpack_memberships_contains_paid_content":false,"footnotes":""},"categories":[15],"tags":[],"class_list":["post-70022","post","type-post","status-publish","format-standard","has-post-thumbnail","hentry","category-comunidad"],"jetpack_featured_media_url":"https:\/\/i0.wp.com\/eltrabajo.cl\/portal\/wp-content\/uploads\/2016\/05\/FOTO-2-CCP-San-Felipe.jpg?fit=530%2C348&ssl=1","jetpack_sharing_enabled":true,"jetpack_likes_enabled":true,"jetpack-related-posts":[],"_links":{"self":[{"href":"https:\/\/eltrabajo.cl\/portal\/wp-json\/wp\/v2\/posts\/70022","targetHints":{"allow":["GET"]}}],"collection":[{"href":"https:\/\/eltrabajo.cl\/portal\/wp-json\/wp\/v2\/posts"}],"about":[{"href":"https:\/\/eltrabajo.cl\/portal\/wp-json\/wp\/v2\/types\/post"}],"author":[{"embeddable":true,"href":"https:\/\/eltrabajo.cl\/portal\/wp-json\/wp\/v2\/users\/1"}],"replies":[{"embeddable":true,"href":"https:\/\/eltrabajo.cl\/portal\/wp-json\/wp\/v2\/comments?post=70022"}],"version-history":[{"count":0,"href":"https:\/\/eltrabajo.cl\/portal\/wp-json\/wp\/v2\/posts\/70022\/revisions"}],"wp:featuredmedia":[{"embeddable":true,"href":"https:\/\/eltrabajo.cl\/portal\/wp-json\/wp\/v2\/media\/70024"}],"wp:attachment":[{"href":"https:\/\/eltrabajo.cl\/portal\/wp-json\/wp\/v2\/media?parent=70022"}],"wp:term":[{"taxonomy":"category","embeddable":true,"href":"https:\/\/eltrabajo.cl\/portal\/wp-json\/wp\/v2\/categories?post=70022"},{"taxonomy":"post_tag","embeddable":true,"href":"https:\/\/eltrabajo.cl\/portal\/wp-json\/wp\/v2\/tags?post=70022"}],"curies":[{"name":"wp","href":"https:\/\/api.w.org\/{rel}","templated":true}]}}