{"id":70027,"date":"2016-05-23T09:10:30","date_gmt":"2016-05-23T13:10:30","guid":{"rendered":"http:\/\/www.eltrabajo.cl\/portal\/?p=70027"},"modified":"2016-05-23T09:10:30","modified_gmt":"2016-05-23T13:10:30","slug":"banda-delictual-dedicada-al-robo-de-motocicletas-en-la-mira-de-la-pdi","status":"publish","type":"post","link":"https:\/\/eltrabajo.cl\/portal\/banda-delictual-dedicada-al-robo-de-motocicletas-en-la-mira-de-la-pdi\/","title":{"rendered":"Banda delictual dedicada al robo de motocicletas en la mira de la PDI"},"content":{"rendered":"<ul>\n<li><strong>Aumenta el n\u00famero de denuncias en San Felipe:\u00a0Antisociales contactan v\u00eda telef\u00f3nica a personas que desean vender sus m\u00f3viles y al momento de querer probar el rendimiento de la moto, \u00e9stos huyen sin dejar pistas de su paradero.<\/strong><\/li>\n<\/ul>\n<p>En los \u00faltimos d\u00edas, la Polic\u00eda de Investigaciones de San Felipe, a trav\u00e9s de su servicio de inteligencia, ha logrado recuperar dos motocicletas de alto valor que fueron reportadas por robo. Una de ellas, sustra\u00edda mediante la t\u00e9cnica que utilizan los delincuentes de contactar a vendedores de estos m\u00f3viles y al momento de querer comprobar su buen rendimiento, tras un encuentro pactado, huyen sin pagar lo acordado.<br \/>\nSeg\u00fan la polic\u00eda civil, este modus operandi se ha vuelto recurrente entre los delincuentes que han conformado una banda dedicada a este tipo de robos. Sin embargo, gracias a llamados an\u00f3nimos y las diligencias policiales, estos efectivos hallaron una motocicleta marca Motorrad de color azul, al interior de una vivienda en calle Hacienda de Quilpu\u00e9, a un costado de la Feria Mayorista de San Felipe, bajo encargo policial por el delito de hurto.<br \/>\nEl propietario de este m\u00f3vil, se\u00f1al\u00f3 a la polic\u00eda que los antisociales lo contactaron v\u00eda telef\u00f3nica para comprar la especie y establecer una ubicaci\u00f3n del encuentro. Los sujetos al querer probar la motocicleta le indican al comprador poder dar una vuelta en ella, ocasi\u00f3n que les permite a los delincuentes huir en direcci\u00f3n desconocida.<br \/>\nLa polic\u00eda civil confirm\u00f3 a Diario El Trabajo que durante el \u00faltimo tiempo, han sido reiteradas las denuncias efectuadas en la unidad policial, describiendo este tipo de modus operandi para cometer el respectivo delito.<br \/>\nAsimismo, la PDI inform\u00f3 que el pasado 15 de mayo se recepcion\u00f3 una denuncia por robo en lugar habitado, donde individuos desconocidos sustrajeron desde una vivienda en el sector El Algarrobal de San Felipe, una motocicleta Enduro, modelo Euromot de color rojo.<br \/>\nLas diligencias policiales realizadas permitieron a los efectivos determinar que en un taller mec\u00e1nico ubicado en calle Abraham Ahumada de San Felipe, se encontraba el m\u00f3vil anteriormente denunciado por su propietario, el que fue incautado desde dicho lugar para ser devuelto a su verdadero due\u00f1o.<br \/>\nNo obstante, la polic\u00eda mantiene plenamente identificada a esta banda delictiva y conforme a las diligencias coordinadas con la Fiscal\u00eda de San Felipe, podr\u00edan elevarse las respectivas \u00f3rdenes de detenci\u00f3n para someter a estos sujetos a la justicia.<br \/>\n<strong>Pablo Salinas Sald\u00edas<\/strong><\/p>\n<figure id=\"attachment_70029\" aria-describedby=\"caption-attachment-70029\" style=\"width: 530px\" class=\"wp-caption alignleft\"><a href=\"http:\/\/www.eltrabajo.cl\/portal\/banda-delictual-dedicada-al-robo-de-motocicletas-en-la-mira-de-la-pdi\/moto-2-2\/\" rel=\"attachment wp-att-70029\"><img data-recalc-dims=\"1\" loading=\"lazy\" decoding=\"async\" class=\"size-full wp-image-70029\" src=\"https:\/\/i0.wp.com\/www.eltrabajo.cl\/portal\/wp-content\/uploads\/2016\/05\/MOTO-2.jpg?resize=530%2C350\" alt=\"Este m\u00f3vil fue incautado por la polic\u00eda desde un taller mec\u00e1nico en calle Abraham Ahumada de San Felipe, denunciada por robo.\" width=\"530\" height=\"350\" srcset=\"https:\/\/i0.wp.com\/eltrabajo.cl\/portal\/wp-content\/uploads\/2016\/05\/MOTO-2.jpg?w=530&amp;ssl=1 530w, https:\/\/i0.wp.com\/eltrabajo.cl\/portal\/wp-content\/uploads\/2016\/05\/MOTO-2.jpg?resize=200%2C132&amp;ssl=1 200w, https:\/\/i0.wp.com\/eltrabajo.cl\/portal\/wp-content\/uploads\/2016\/05\/MOTO-2.jpg?resize=300%2C198&amp;ssl=1 300w, https:\/\/i0.wp.com\/eltrabajo.cl\/portal\/wp-content\/uploads\/2016\/05\/MOTO-2.jpg?resize=227%2C150&amp;ssl=1 227w, https:\/\/i0.wp.com\/eltrabajo.cl\/portal\/wp-content\/uploads\/2016\/05\/MOTO-2.jpg?resize=400%2C264&amp;ssl=1 400w\" sizes=\"auto, (max-width: 530px) 100vw, 530px\" \/><\/a><figcaption id=\"caption-attachment-70029\" class=\"wp-caption-text\">Este m\u00f3vil fue incautado por la polic\u00eda desde un taller mec\u00e1nico en calle Abraham Ahumada de San Felipe, denunciada por robo.<\/figcaption><\/figure>\n<figure id=\"attachment_70028\" aria-describedby=\"caption-attachment-70028\" style=\"width: 530px\" class=\"wp-caption alignleft\"><a href=\"http:\/\/www.eltrabajo.cl\/portal\/banda-delictual-dedicada-al-robo-de-motocicletas-en-la-mira-de-la-pdi\/moto-1\/\" rel=\"attachment wp-att-70028\"><img data-recalc-dims=\"1\" loading=\"lazy\" decoding=\"async\" class=\"size-full wp-image-70028\" src=\"https:\/\/i0.wp.com\/www.eltrabajo.cl\/portal\/wp-content\/uploads\/2016\/05\/MOTO-1.jpg?resize=530%2C348\" alt=\"La motocicleta marca Motorrad fue hallada por la PDI al interior de una vivienda ubicada en el sector Hacienda de Quilpu\u00e9 en San Felipe, encargada por robo.\" width=\"530\" height=\"348\" srcset=\"https:\/\/i0.wp.com\/eltrabajo.cl\/portal\/wp-content\/uploads\/2016\/05\/MOTO-1.jpg?w=530&amp;ssl=1 530w, https:\/\/i0.wp.com\/eltrabajo.cl\/portal\/wp-content\/uploads\/2016\/05\/MOTO-1.jpg?resize=200%2C131&amp;ssl=1 200w, https:\/\/i0.wp.com\/eltrabajo.cl\/portal\/wp-content\/uploads\/2016\/05\/MOTO-1.jpg?resize=300%2C197&amp;ssl=1 300w, https:\/\/i0.wp.com\/eltrabajo.cl\/portal\/wp-content\/uploads\/2016\/05\/MOTO-1.jpg?resize=228%2C150&amp;ssl=1 228w, https:\/\/i0.wp.com\/eltrabajo.cl\/portal\/wp-content\/uploads\/2016\/05\/MOTO-1.jpg?resize=400%2C263&amp;ssl=1 400w\" sizes=\"auto, (max-width: 530px) 100vw, 530px\" \/><\/a><figcaption id=\"caption-attachment-70028\" class=\"wp-caption-text\">La motocicleta marca Motorrad fue hallada por la PDI al interior de una vivienda ubicada en el sector Hacienda de Quilpu\u00e9 en San Felipe, encargada por robo.<\/figcaption><\/figure>\n","protected":false},"excerpt":{"rendered":"<p>Aumenta el n\u00famero de denuncias en San Felipe:\u00a0Antisociales contactan v\u00eda telef\u00f3nica a personas que desean vender sus m\u00f3viles y al momento de querer probar el rendimiento de la moto, \u00e9stos huyen sin&#8230;<\/p>\n","protected":false},"author":1,"featured_media":70028,"comment_status":"open","ping_status":"open","sticky":false,"template":"","format":"standard","meta":{"advanced_seo_description":"","jetpack_seo_html_title":"","jetpack_seo_noindex":false,"_jetpack_memberships_contains_paid_content":false,"footnotes":""},"categories":[21],"tags":[],"class_list":["post-70027","post","type-post","status-publish","format-standard","has-post-thumbnail","hentry","category-policial"],"jetpack_featured_media_url":"https:\/\/i0.wp.com\/eltrabajo.cl\/portal\/wp-content\/uploads\/2016\/05\/MOTO-1.jpg?fit=530%2C348&ssl=1","jetpack_sharing_enabled":true,"jetpack_likes_enabled":true,"jetpack-related-posts":[],"_links":{"self":[{"href":"https:\/\/eltrabajo.cl\/portal\/wp-json\/wp\/v2\/posts\/70027","targetHints":{"allow":["GET"]}}],"collection":[{"href":"https:\/\/eltrabajo.cl\/portal\/wp-json\/wp\/v2\/posts"}],"about":[{"href":"https:\/\/eltrabajo.cl\/portal\/wp-json\/wp\/v2\/types\/post"}],"author":[{"embeddable":true,"href":"https:\/\/eltrabajo.cl\/portal\/wp-json\/wp\/v2\/users\/1"}],"replies":[{"embeddable":true,"href":"https:\/\/eltrabajo.cl\/portal\/wp-json\/wp\/v2\/comments?post=70027"}],"version-history":[{"count":0,"href":"https:\/\/eltrabajo.cl\/portal\/wp-json\/wp\/v2\/posts\/70027\/revisions"}],"wp:featuredmedia":[{"embeddable":true,"href":"https:\/\/eltrabajo.cl\/portal\/wp-json\/wp\/v2\/media\/70028"}],"wp:attachment":[{"href":"https:\/\/eltrabajo.cl\/portal\/wp-json\/wp\/v2\/media?parent=70027"}],"wp:term":[{"taxonomy":"category","embeddable":true,"href":"https:\/\/eltrabajo.cl\/portal\/wp-json\/wp\/v2\/categories?post=70027"},{"taxonomy":"post_tag","embeddable":true,"href":"https:\/\/eltrabajo.cl\/portal\/wp-json\/wp\/v2\/tags?post=70027"}],"curies":[{"name":"wp","href":"https:\/\/api.w.org\/{rel}","templated":true}]}}