{"id":70036,"date":"2016-05-24T09:02:54","date_gmt":"2016-05-24T13:02:54","guid":{"rendered":"http:\/\/www.eltrabajo.cl\/portal\/?p=70036"},"modified":"2016-05-24T09:02:54","modified_gmt":"2016-05-24T13:02:54","slug":"junaeb-reitera-llamado-a-revalidar-la-tarjeta-nacional-estudiantil","status":"publish","type":"post","link":"https:\/\/eltrabajo.cl\/portal\/junaeb-reitera-llamado-a-revalidar-la-tarjeta-nacional-estudiantil\/","title":{"rendered":"Junaeb reitera llamado a revalidar la \u2018Tarjeta Nacional Estudiantil\u2019"},"content":{"rendered":"<ul>\n<li><strong>Este jueves 26 de mayo, se realizar\u00e1 un evento masivo de Revalidaci\u00f3n de TNE y fotograf\u00eda, en la \u2018Sede San Felipe de la Universidad de Playa Ancha\u2019, al que pueden asistir alumnos de educaci\u00f3n b\u00e1sica, media y superior de todos los establecimientos de las Provincias de San Felipe y Los Andes.<\/strong><\/li>\n<\/ul>\n<p>La Direcci\u00f3n Regional Valpara\u00edso de la Junaeb, reitera el llamado a los estudiantes que este a\u00f1o no cambian de ciclo educativo, a revalidar su TNE.<br \/>\nEste jueves 26 de mayo se realizar\u00e1 un evento masivo de pegado de sellos, proceso que se llevar\u00e1 a cabo de las 12:30 a las 20:30 horas en la sede San Felipe de la Universidad de Playa Ancha, ubicada en Benigno Caldera #351, San Felipe, instancia en la cual, se podr\u00e1n acercar a revalidar sus TNE y toma de fotograf\u00edas estudiantes de ense\u00f1anza b\u00e1sica, media y superior.<br \/>\nMarcelo G\u00f3ngora, director regional de Junaeb, destac\u00f3 la importancia de realizar este proceso \u201cInvitamos a los estudiantes que todav\u00eda no han revalidado su TNE 2015, a que lo hagan lo antes posible, es un tr\u00e1mite f\u00e1cil y r\u00e1pido que se realiza a trav\u00e9s del pegado de un sello hologr\u00e1fico 2016 y aquellos alumnos que a\u00fan no se han tomado la fotograf\u00eda a realizar este tr\u00e1mite para contar con su TNE\u201d.<br \/>\nAdem\u00e1s de los eventos masivos, seguir\u00e1n funcionando m\u00f3dulos habilitados en distintos establecimientos educacionales, para m\u00e1s informaci\u00f3n de fechas y horarios de atenci\u00f3n, los estudiantes deben revisar la web www.tne.cl.<br \/>\nLa Tarjeta Nacional Estudiantil, es un beneficio que entrega el Estado a trav\u00e9s de la Junaeb, a todos los estudiantes de 5\u00b0 a\u00f1o de ense\u00f1anza b\u00e1sica hasta 4\u00b0 a\u00f1o de ense\u00f1anza media, pertenecientes a establecimientos municipales y particulares subvencionados, reconocidos por el Mineduc; estudiantes de centros de formaci\u00f3n t\u00e9cnica, institutos profesionales y universidades que imparten carreras reconocidas por el Ministerio de Educaci\u00f3n.<br \/>\nLa TNE, es un documento personal e intransferible que permite acceder a tarifas gratuitas y reducidas en todos los medios de transporte p\u00fablico de cada regi\u00f3n los 365 d\u00edas del a\u00f1o, las 24 horas del d\u00eda.<\/p>\n<figure id=\"attachment_70037\" aria-describedby=\"caption-attachment-70037\" style=\"width: 530px\" class=\"wp-caption alignleft\"><a href=\"http:\/\/www.eltrabajo.cl\/portal\/junaeb-reitera-llamado-a-revalidar-la-tarjeta-nacional-estudiantil\/noticia_tne2016\/\" rel=\"attachment wp-att-70037\"><img data-recalc-dims=\"1\" loading=\"lazy\" decoding=\"async\" class=\"size-full wp-image-70037\" src=\"https:\/\/i0.wp.com\/www.eltrabajo.cl\/portal\/wp-content\/uploads\/2016\/05\/Noticia_TNE2016.jpg?resize=530%2C350\" alt=\"Revalidaci\u00f3n de TNE y fotograf\u00eda, en la sede San Felipe de la Universidad de Playa Ancha desde12:30 a las 20:30 horas.\" width=\"530\" height=\"350\" srcset=\"https:\/\/i0.wp.com\/eltrabajo.cl\/portal\/wp-content\/uploads\/2016\/05\/Noticia_TNE2016.jpg?w=530&amp;ssl=1 530w, https:\/\/i0.wp.com\/eltrabajo.cl\/portal\/wp-content\/uploads\/2016\/05\/Noticia_TNE2016.jpg?resize=200%2C132&amp;ssl=1 200w, https:\/\/i0.wp.com\/eltrabajo.cl\/portal\/wp-content\/uploads\/2016\/05\/Noticia_TNE2016.jpg?resize=300%2C198&amp;ssl=1 300w, https:\/\/i0.wp.com\/eltrabajo.cl\/portal\/wp-content\/uploads\/2016\/05\/Noticia_TNE2016.jpg?resize=227%2C150&amp;ssl=1 227w, https:\/\/i0.wp.com\/eltrabajo.cl\/portal\/wp-content\/uploads\/2016\/05\/Noticia_TNE2016.jpg?resize=400%2C264&amp;ssl=1 400w\" sizes=\"auto, (max-width: 530px) 100vw, 530px\" \/><\/a><figcaption id=\"caption-attachment-70037\" class=\"wp-caption-text\">Revalidaci\u00f3n de TNE y fotograf\u00eda, en la sede San Felipe de la Universidad de Playa Ancha desde12:30 a las 20:30 horas.<\/figcaption><\/figure>\n","protected":false},"excerpt":{"rendered":"<p>Este jueves 26 de mayo, se realizar\u00e1 un evento masivo de Revalidaci\u00f3n de TNE y fotograf\u00eda, en la \u2018Sede San Felipe de la Universidad de Playa Ancha\u2019, al que pueden asistir alumnos&#8230;<\/p>\n","protected":false},"author":1,"featured_media":70037,"comment_status":"open","ping_status":"open","sticky":false,"template":"","format":"standard","meta":{"advanced_seo_description":"","jetpack_seo_html_title":"","jetpack_seo_noindex":false,"_jetpack_memberships_contains_paid_content":false,"footnotes":""},"categories":[1],"tags":[],"class_list":["post-70036","post","type-post","status-publish","format-standard","has-post-thumbnail","hentry","category-cronica"],"jetpack_featured_media_url":"https:\/\/i0.wp.com\/eltrabajo.cl\/portal\/wp-content\/uploads\/2016\/05\/Noticia_TNE2016.jpg?fit=530%2C350&ssl=1","jetpack_sharing_enabled":true,"jetpack_likes_enabled":true,"jetpack-related-posts":[],"_links":{"self":[{"href":"https:\/\/eltrabajo.cl\/portal\/wp-json\/wp\/v2\/posts\/70036","targetHints":{"allow":["GET"]}}],"collection":[{"href":"https:\/\/eltrabajo.cl\/portal\/wp-json\/wp\/v2\/posts"}],"about":[{"href":"https:\/\/eltrabajo.cl\/portal\/wp-json\/wp\/v2\/types\/post"}],"author":[{"embeddable":true,"href":"https:\/\/eltrabajo.cl\/portal\/wp-json\/wp\/v2\/users\/1"}],"replies":[{"embeddable":true,"href":"https:\/\/eltrabajo.cl\/portal\/wp-json\/wp\/v2\/comments?post=70036"}],"version-history":[{"count":0,"href":"https:\/\/eltrabajo.cl\/portal\/wp-json\/wp\/v2\/posts\/70036\/revisions"}],"wp:featuredmedia":[{"embeddable":true,"href":"https:\/\/eltrabajo.cl\/portal\/wp-json\/wp\/v2\/media\/70037"}],"wp:attachment":[{"href":"https:\/\/eltrabajo.cl\/portal\/wp-json\/wp\/v2\/media?parent=70036"}],"wp:term":[{"taxonomy":"category","embeddable":true,"href":"https:\/\/eltrabajo.cl\/portal\/wp-json\/wp\/v2\/categories?post=70036"},{"taxonomy":"post_tag","embeddable":true,"href":"https:\/\/eltrabajo.cl\/portal\/wp-json\/wp\/v2\/tags?post=70036"}],"curies":[{"name":"wp","href":"https:\/\/api.w.org\/{rel}","templated":true}]}}