{"id":70044,"date":"2016-05-24T09:13:10","date_gmt":"2016-05-24T13:13:10","guid":{"rendered":"http:\/\/www.eltrabajo.cl\/portal\/?p=70044"},"modified":"2016-05-24T09:13:10","modified_gmt":"2016-05-24T13:13:10","slug":"alcalde-venegas-sobreseido-en-causa-por-malversacion-de-caudales-publicos","status":"publish","type":"post","link":"https:\/\/eltrabajo.cl\/portal\/alcalde-venegas-sobreseido-en-causa-por-malversacion-de-caudales-publicos\/","title":{"rendered":"Alcalde Venegas sobrese\u00eddo en causa por Malversaci\u00f3n de Caudales P\u00fablicos"},"content":{"rendered":"<ul>\n<li>Edil asegur\u00f3 que iniciar\u00e1 acciones legales contra quienes lo injuriaron.<\/li>\n<\/ul>\n<figure id=\"attachment_70045\" aria-describedby=\"caption-attachment-70045\" style=\"width: 300px\" class=\"wp-caption alignleft\"><a href=\"http:\/\/www.eltrabajo.cl\/portal\/alcalde-venegas-sobreseido-en-causa-por-malversacion-de-caudales-publicos\/nelson_venegas_articulo1\/\" rel=\"attachment wp-att-70045\"><img data-recalc-dims=\"1\" loading=\"lazy\" decoding=\"async\" class=\"size-medium wp-image-70045\" src=\"https:\/\/i0.wp.com\/www.eltrabajo.cl\/portal\/wp-content\/uploads\/2016\/05\/nelson_venegas_articulo1-300x197.jpg?resize=300%2C197\" alt=\"El Alcalde Nelson Venegas dijo que fue injuriado y que tomar\u00e1 represalias.\" width=\"300\" height=\"197\" srcset=\"https:\/\/i0.wp.com\/eltrabajo.cl\/portal\/wp-content\/uploads\/2016\/05\/nelson_venegas_articulo1.jpg?resize=300%2C197&amp;ssl=1 300w, https:\/\/i0.wp.com\/eltrabajo.cl\/portal\/wp-content\/uploads\/2016\/05\/nelson_venegas_articulo1.jpg?resize=200%2C131&amp;ssl=1 200w, https:\/\/i0.wp.com\/eltrabajo.cl\/portal\/wp-content\/uploads\/2016\/05\/nelson_venegas_articulo1.jpg?resize=228%2C150&amp;ssl=1 228w, https:\/\/i0.wp.com\/eltrabajo.cl\/portal\/wp-content\/uploads\/2016\/05\/nelson_venegas_articulo1.jpg?resize=400%2C263&amp;ssl=1 400w, https:\/\/i0.wp.com\/eltrabajo.cl\/portal\/wp-content\/uploads\/2016\/05\/nelson_venegas_articulo1.jpg?w=530&amp;ssl=1 530w\" sizes=\"auto, (max-width: 300px) 100vw, 300px\" \/><\/a><figcaption id=\"caption-attachment-70045\" class=\"wp-caption-text\">El Alcalde Nelson Venegas dijo que fue injuriado y que tomar\u00e1 represalias.<\/figcaption><\/figure>\n<p><strong>CALLE LARGA.-<\/strong> Este lunes qued\u00f3 finalmente sobrese\u00edda la querella presentada contra el Alcalde Nelson Venegas luego que se entregara una subvenci\u00f3n al Club Deportivo El Guindal, dineros que el Concejo Municipal en pleno aprobara en el a\u00f1o 2013.<br \/>\nEl Alcalde Nelson Venegas explic\u00f3 que \u201clas personas que estaban detr\u00e1s de este juicio y que quer\u00edan quedarse con la cancha, me presentaron una querella por malversaci\u00f3n de fondos p\u00fablicos y s\u00f3lo bastando la presentaci\u00f3n de la querella, este hecho lo dieron a conocer en todos los medios, incluso los nacionales, lo cual signific\u00f3 enlodar mi nombre y mi prestigio\u201d.<br \/>\nRespecto a las acciones que se realizar\u00e1n sostuvo que \u201chubo mucha gente que estuvo detr\u00e1s de esta acci\u00f3n, la gente de Calle Larga sabe a qui\u00e9n me refiero y evidentemente yo ejercer\u00e9 todo tipo de acciones legales que vayan en la persecuci\u00f3n de estas conductas, porque me han injuriado, me han calumniado, porque han enlodado mi apellido, mi nombre y mi reputaci\u00f3n, por lo tanto, a trav\u00e9s de esta sentencia tengo antecedentes suficientes para ir detr\u00e1s de estas personas, porque esto no puede quedar as\u00ed\u201d.<\/p>\n","protected":false},"excerpt":{"rendered":"<p>Edil asegur\u00f3 que iniciar\u00e1 acciones legales contra quienes lo injuriaron. CALLE LARGA.- Este lunes qued\u00f3 finalmente sobrese\u00edda la querella presentada contra el Alcalde Nelson Venegas luego que se entregara una subvenci\u00f3n al&#8230;<\/p>\n","protected":false},"author":1,"featured_media":70045,"comment_status":"open","ping_status":"open","sticky":false,"template":"","format":"standard","meta":{"advanced_seo_description":"","jetpack_seo_html_title":"","jetpack_seo_noindex":false,"_jetpack_memberships_contains_paid_content":false,"footnotes":""},"categories":[1],"tags":[],"class_list":["post-70044","post","type-post","status-publish","format-standard","has-post-thumbnail","hentry","category-cronica"],"jetpack_featured_media_url":"https:\/\/i0.wp.com\/eltrabajo.cl\/portal\/wp-content\/uploads\/2016\/05\/nelson_venegas_articulo1.jpg?fit=530%2C348&ssl=1","jetpack_sharing_enabled":true,"jetpack_likes_enabled":true,"jetpack-related-posts":[],"_links":{"self":[{"href":"https:\/\/eltrabajo.cl\/portal\/wp-json\/wp\/v2\/posts\/70044","targetHints":{"allow":["GET"]}}],"collection":[{"href":"https:\/\/eltrabajo.cl\/portal\/wp-json\/wp\/v2\/posts"}],"about":[{"href":"https:\/\/eltrabajo.cl\/portal\/wp-json\/wp\/v2\/types\/post"}],"author":[{"embeddable":true,"href":"https:\/\/eltrabajo.cl\/portal\/wp-json\/wp\/v2\/users\/1"}],"replies":[{"embeddable":true,"href":"https:\/\/eltrabajo.cl\/portal\/wp-json\/wp\/v2\/comments?post=70044"}],"version-history":[{"count":0,"href":"https:\/\/eltrabajo.cl\/portal\/wp-json\/wp\/v2\/posts\/70044\/revisions"}],"wp:featuredmedia":[{"embeddable":true,"href":"https:\/\/eltrabajo.cl\/portal\/wp-json\/wp\/v2\/media\/70045"}],"wp:attachment":[{"href":"https:\/\/eltrabajo.cl\/portal\/wp-json\/wp\/v2\/media?parent=70044"}],"wp:term":[{"taxonomy":"category","embeddable":true,"href":"https:\/\/eltrabajo.cl\/portal\/wp-json\/wp\/v2\/categories?post=70044"},{"taxonomy":"post_tag","embeddable":true,"href":"https:\/\/eltrabajo.cl\/portal\/wp-json\/wp\/v2\/tags?post=70044"}],"curies":[{"name":"wp","href":"https:\/\/api.w.org\/{rel}","templated":true}]}}