{"id":70048,"date":"2016-05-24T09:14:42","date_gmt":"2016-05-24T13:14:42","guid":{"rendered":"http:\/\/www.eltrabajo.cl\/portal\/?p=70048"},"modified":"2016-05-24T09:14:42","modified_gmt":"2016-05-24T13:14:42","slug":"menores-hayan-cartucho-de-dinamita-en-sitio-eriazo-de-villa-el-descanso","status":"publish","type":"post","link":"https:\/\/eltrabajo.cl\/portal\/menores-hayan-cartucho-de-dinamita-en-sitio-eriazo-de-villa-el-descanso\/","title":{"rendered":"Menores hayan cartucho de dinamita en sitio eriazo de Villa El Descanso"},"content":{"rendered":"<ul>\n<li><strong>Fiscal\u00eda dio orden a investigar a la polic\u00eda sobre la procedencia de este material altamente peligroso.<\/strong><\/li>\n<\/ul>\n<p>Pasadas las 20:00 horas de este domingo, un grupo de menores de edad, hall\u00f3 en medio de un sitio eriazo colindante a la Villa El Descanso de San Felipe, un cartucho de dinamita utilizado para la miner\u00eda, debiendo intervenir el Grupo de Operaciones Policiales Especiales de Carabineros que incaut\u00f3 el material altamente peligroso para su destrucci\u00f3n.<br \/>\nEl hallazgo, fue denunciado por los vecinos directamente a Carabineros, quienes se trasladaron al lugar para verificar la presencia del elemento que se encontraba a un costado de un conjunto residencial.<br \/>\nLos efectivos policiales, acordonaron el per\u00edmetro requiriendo la presencia del Gope de Carabineros de Valpara\u00edso, unidad especializada en levantar este tipo de material altamente peligroso.<br \/>\nDesde la polic\u00eda uniformada, se indic\u00f3 que la Fiscal\u00eda orden\u00f3 una investigaci\u00f3n para las indagaciones pertinentes sobre la procedencia de este artefacto destinado al uso minero.<br \/>\nAsimismo, Carabineros destac\u00f3 que a ra\u00edz de este hallazgo, no resultaron personas lesionadas, haciendo hincapi\u00e9 que ante la presencia de cualquier material peligroso o de uso b\u00e9lico se de aviso inmediato al fono 133 para adoptar el procedimiento de rigor en beneficio de la ciudadan\u00eda.<br \/>\n<strong>Pablo Salinas Sald\u00edas<\/strong><\/p>\n<figure id=\"attachment_70049\" aria-describedby=\"caption-attachment-70049\" style=\"width: 530px\" class=\"wp-caption alignleft\"><a href=\"http:\/\/www.eltrabajo.cl\/portal\/menores-hayan-cartucho-de-dinamita-en-sitio-eriazo-de-villa-el-descanso\/gope-2\/\" rel=\"attachment wp-att-70049\"><img data-recalc-dims=\"1\" loading=\"lazy\" decoding=\"async\" class=\"size-full wp-image-70049\" src=\"https:\/\/i0.wp.com\/www.eltrabajo.cl\/portal\/wp-content\/uploads\/2016\/05\/GOPE.jpg?resize=530%2C350\" alt=\"El levantamiento del cartucho de dinamita estuvo a cargo del Gope de Carabineros de Valpara\u00edso. (Foto Referencial).\" width=\"530\" height=\"350\" srcset=\"https:\/\/i0.wp.com\/eltrabajo.cl\/portal\/wp-content\/uploads\/2016\/05\/GOPE.jpg?w=530&amp;ssl=1 530w, https:\/\/i0.wp.com\/eltrabajo.cl\/portal\/wp-content\/uploads\/2016\/05\/GOPE.jpg?resize=200%2C132&amp;ssl=1 200w, https:\/\/i0.wp.com\/eltrabajo.cl\/portal\/wp-content\/uploads\/2016\/05\/GOPE.jpg?resize=300%2C198&amp;ssl=1 300w, https:\/\/i0.wp.com\/eltrabajo.cl\/portal\/wp-content\/uploads\/2016\/05\/GOPE.jpg?resize=227%2C150&amp;ssl=1 227w, https:\/\/i0.wp.com\/eltrabajo.cl\/portal\/wp-content\/uploads\/2016\/05\/GOPE.jpg?resize=400%2C264&amp;ssl=1 400w\" sizes=\"auto, (max-width: 530px) 100vw, 530px\" \/><\/a><figcaption id=\"caption-attachment-70049\" class=\"wp-caption-text\">El levantamiento del cartucho de dinamita estuvo a cargo del Gope de Carabineros de Valpara\u00edso. (Foto Referencial).<\/figcaption><\/figure>\n","protected":false},"excerpt":{"rendered":"<p>Fiscal\u00eda dio orden a investigar a la polic\u00eda sobre la procedencia de este material altamente peligroso. Pasadas las 20:00 horas de este domingo, un grupo de menores de edad, hall\u00f3 en medio&#8230;<\/p>\n","protected":false},"author":1,"featured_media":70049,"comment_status":"open","ping_status":"open","sticky":false,"template":"","format":"standard","meta":{"advanced_seo_description":"","jetpack_seo_html_title":"","jetpack_seo_noindex":false,"_jetpack_memberships_contains_paid_content":false,"footnotes":""},"categories":[21],"tags":[],"class_list":["post-70048","post","type-post","status-publish","format-standard","has-post-thumbnail","hentry","category-policial"],"jetpack_featured_media_url":"https:\/\/i0.wp.com\/eltrabajo.cl\/portal\/wp-content\/uploads\/2016\/05\/GOPE.jpg?fit=530%2C350&ssl=1","jetpack_sharing_enabled":true,"jetpack_likes_enabled":true,"jetpack-related-posts":[],"_links":{"self":[{"href":"https:\/\/eltrabajo.cl\/portal\/wp-json\/wp\/v2\/posts\/70048","targetHints":{"allow":["GET"]}}],"collection":[{"href":"https:\/\/eltrabajo.cl\/portal\/wp-json\/wp\/v2\/posts"}],"about":[{"href":"https:\/\/eltrabajo.cl\/portal\/wp-json\/wp\/v2\/types\/post"}],"author":[{"embeddable":true,"href":"https:\/\/eltrabajo.cl\/portal\/wp-json\/wp\/v2\/users\/1"}],"replies":[{"embeddable":true,"href":"https:\/\/eltrabajo.cl\/portal\/wp-json\/wp\/v2\/comments?post=70048"}],"version-history":[{"count":0,"href":"https:\/\/eltrabajo.cl\/portal\/wp-json\/wp\/v2\/posts\/70048\/revisions"}],"wp:featuredmedia":[{"embeddable":true,"href":"https:\/\/eltrabajo.cl\/portal\/wp-json\/wp\/v2\/media\/70049"}],"wp:attachment":[{"href":"https:\/\/eltrabajo.cl\/portal\/wp-json\/wp\/v2\/media?parent=70048"}],"wp:term":[{"taxonomy":"category","embeddable":true,"href":"https:\/\/eltrabajo.cl\/portal\/wp-json\/wp\/v2\/categories?post=70048"},{"taxonomy":"post_tag","embeddable":true,"href":"https:\/\/eltrabajo.cl\/portal\/wp-json\/wp\/v2\/tags?post=70048"}],"curies":[{"name":"wp","href":"https:\/\/api.w.org\/{rel}","templated":true}]}}