{"id":70052,"date":"2016-05-24T09:18:29","date_gmt":"2016-05-24T13:18:29","guid":{"rendered":"http:\/\/www.eltrabajo.cl\/portal\/?p=70052"},"modified":"2016-05-24T09:18:29","modified_gmt":"2016-05-24T13:18:29","slug":"banda-de-guerra-estudiantil-por-fin-tiene-su-propia-sala-de-ensayos","status":"publish","type":"post","link":"https:\/\/eltrabajo.cl\/portal\/banda-de-guerra-estudiantil-por-fin-tiene-su-propia-sala-de-ensayos\/","title":{"rendered":"Banda de Guerra estudiantil por fin tiene su propia sala de ensayos"},"content":{"rendered":"<ul>\n<li><strong>Escuela Carmela Carvajal de Prat con 60 m\u00fasicos:<\/strong><\/li>\n<\/ul>\n<p>Desde hace poco m\u00e1s de un a\u00f1o, los estudiantes de la Escuela Carmela Carvajal de Prat, de Curim\u00f3n, vienen alegrando casi todas las actividades protocolares de su escuela en calidad de m\u00fasicos estudiantiles pertenecientes a su banda escolar, pero aunque ya contaban con los instrumentos y el talento de cada uno, les faltaba una adecuada sala para ensayar y en d\u00f3nde guardar sus instrumentos.<br \/>\nPero ahora, esa situaci\u00f3n es cosa del pasado, pues atr\u00e1s quedaron esos d\u00edas en los que, para realizar sus ensayos deb\u00edan ubicarse en distintos lugares de la escuela. Hoy, lucen felices su nuevo lugar habilitado para fomentar el aprendizaje, desarrollo de habilidades y destrezas musicales de las que est\u00e1n dotados.<\/p>\n<p><strong>NUEVA SALA<\/strong><br \/>\nA trav\u00e9s de una iniciativa que busca potenciar y habilitar los distintos espacios y ambientes de la escuela, en beneficio de nuevos aprendizajes y actividades escolares, se realiz\u00f3 una fuerte inversi\u00f3n de recursos de la Subvenci\u00f3n por Mantenimiento y Recursos Subvenci\u00f3n SEP, para la adquisici\u00f3n de instrumentos musicales, contrataci\u00f3n de horas docentes para los talleres de la Banda Instrumental y Banda de Guerra, la implementaci\u00f3n y habilitaci\u00f3n de una sala especialmente equipada para desarrollar las actividades de estos talleres. Con estas acciones, la totalidad del alumnado, se ve ahora beneficiado, porque si bien es cierto, los alumnos que participan directamente en estos talleres son 60, cada vez que realizan una presentaci\u00f3n, toda la comunidad educativa, vecinos incluyendo apoderados y personas cercanas a la escuela, pueden disfrutar de los beneficios de la m\u00fasica.<br \/>\n\u00abA veces, nuestros ni\u00f1os en compa\u00f1\u00eda de sus profesores instructores, realizan ensayos intencionados en el sector pr\u00f3ximo a nuestra escuela, se acercan a las poblaciones y pasajes compartiendo lo que han ido aprendiendo. Por su parte nuestros vecinos reciben con mucho cari\u00f1o, respeto y entusiasmo a las bandas cuando pasan interpretando bellas melod\u00edas. Es una forma distinta que promueve la vinculaci\u00f3n con el entorno, pero por sobre todo permite a nuestros ni\u00f1os el desarrollar habilidades de socializaci\u00f3n, amistad, solidaridad, respeto y pertenencia a su lugar de origen. Ellos comprenden que son entes transformadores de sus entornos y como tales se sienten orgullosos que su escuela pueda llegar a los distintos sectores de la localidad entregando momentos de alegr\u00eda\u00bb, coment\u00f3 a Diario El Trabajo la directora de la escuela, Ana Mar\u00eda Donoso.<\/p>\n<p><strong>TRABAJO GRUPAL<\/strong><br \/>\nPara que este proyecto se materializara, se debi\u00f3 revisar el Proyecto Educativo, identificar los sellos y aprendizajes institucionales, con la participaci\u00f3n de toda la comunidad educativa, tal como lo propone el Ministerio de Educaci\u00f3n, trabajo que se viene realizando desde 2013 en esta escuela.<br \/>\nA su vez, es trabajo en conjunto de docentes, asistentes, profesores de talleres, directivos, alumnado, apoderados y la Daem, como tambi\u00e9n del alcalde Patricio Freire, quien confi\u00f3 siempre en las expectativas que el Equipo Directivo ten\u00eda en sus alumnos, y desde la primera vez que escuch\u00f3 sus interpretaciones de esta banda escolar, se sinti\u00f3 identificado con este hermoso proyecto, manteniendo fielmente su apoyo a esta iniciativa, que no tiene otro objetivo que el de potenciar a todos los ni\u00f1os de la escuela y de la localidad de Curim\u00f3n.<br \/>\nPor su parte los padres y apoderados de los alumnos de ambos talleres, tambi\u00e9n han ido desarrollando espacios de participaci\u00f3n y apoyo en beneficio de sus hijos; se han organizado formando su propia directiva; han acompa\u00f1ado a nuestros alumnos a las distintas presentaciones en y fuera de la comuna, destac\u00e1ndose por la seriedad y compromiso con que han asumido su rol de apoderados embajadores de la escuela. Lo que ha contribuido a potenciar el trabajo docente y ofrecer mejores oportunidades para los estudiantes\u00bb, puntualiz\u00f3 Donoso.<br \/>\nAs\u00ed las cosas, hoy podemos afirmar que la Banda Escolar de la Escuela Carmela Carvajal ya es parte de la comunidad de Curim\u00f3n, siendo altamente valorada por todos los vecinos que integran esta localidad.<br \/>\n<strong>Roberto Gonz\u00e1lez Short<\/strong><br \/>\n<strong>rgonzalez@eltrabajo.cl<\/strong><\/p>\n<figure id=\"attachment_70053\" aria-describedby=\"caption-attachment-70053\" style=\"width: 530px\" class=\"wp-caption alignleft\"><a href=\"http:\/\/www.eltrabajo.cl\/portal\/banda-de-guerra-estudiantil-por-fin-tiene-su-propia-sala-de-ensayos\/banda1-10\/\" rel=\"attachment wp-att-70053\"><img data-recalc-dims=\"1\" loading=\"lazy\" decoding=\"async\" class=\"size-full wp-image-70053\" src=\"https:\/\/i0.wp.com\/www.eltrabajo.cl\/portal\/wp-content\/uploads\/2016\/05\/Banda1.jpg?resize=530%2C348\" alt=\"BAC\u00c1N.- La Banda de Guerra de la Escuela Carmela Carvajal de Prat, de Curim\u00f3n, ya cuenta con su propia sala de ensayos propia.\" width=\"530\" height=\"348\" srcset=\"https:\/\/i0.wp.com\/eltrabajo.cl\/portal\/wp-content\/uploads\/2016\/05\/Banda1.jpg?w=530&amp;ssl=1 530w, https:\/\/i0.wp.com\/eltrabajo.cl\/portal\/wp-content\/uploads\/2016\/05\/Banda1.jpg?resize=200%2C131&amp;ssl=1 200w, https:\/\/i0.wp.com\/eltrabajo.cl\/portal\/wp-content\/uploads\/2016\/05\/Banda1.jpg?resize=300%2C197&amp;ssl=1 300w, https:\/\/i0.wp.com\/eltrabajo.cl\/portal\/wp-content\/uploads\/2016\/05\/Banda1.jpg?resize=228%2C150&amp;ssl=1 228w, https:\/\/i0.wp.com\/eltrabajo.cl\/portal\/wp-content\/uploads\/2016\/05\/Banda1.jpg?resize=400%2C263&amp;ssl=1 400w\" sizes=\"auto, (max-width: 530px) 100vw, 530px\" \/><\/a><figcaption id=\"caption-attachment-70053\" class=\"wp-caption-text\">BAC\u00c1N.- La Banda de Guerra de la Escuela Carmela Carvajal de Prat, de Curim\u00f3n, ya cuenta con su propia sala de ensayos propia.<\/figcaption><\/figure>\n<figure id=\"attachment_70054\" aria-describedby=\"caption-attachment-70054\" style=\"width: 530px\" class=\"wp-caption alignleft\"><a href=\"http:\/\/www.eltrabajo.cl\/portal\/banda-de-guerra-estudiantil-por-fin-tiene-su-propia-sala-de-ensayos\/banda2-4\/\" rel=\"attachment wp-att-70054\"><img data-recalc-dims=\"1\" loading=\"lazy\" decoding=\"async\" class=\"size-full wp-image-70054\" src=\"https:\/\/i0.wp.com\/www.eltrabajo.cl\/portal\/wp-content\/uploads\/2016\/05\/Banda2.jpg?resize=530%2C350\" alt=\"LOS MEJORES.- La Banda Escolar de la Escuela Carmela Carvajal ya es parte de la comunidad de Curim\u00f3n.\" width=\"530\" height=\"350\" srcset=\"https:\/\/i0.wp.com\/eltrabajo.cl\/portal\/wp-content\/uploads\/2016\/05\/Banda2.jpg?w=530&amp;ssl=1 530w, https:\/\/i0.wp.com\/eltrabajo.cl\/portal\/wp-content\/uploads\/2016\/05\/Banda2.jpg?resize=200%2C132&amp;ssl=1 200w, https:\/\/i0.wp.com\/eltrabajo.cl\/portal\/wp-content\/uploads\/2016\/05\/Banda2.jpg?resize=300%2C198&amp;ssl=1 300w, https:\/\/i0.wp.com\/eltrabajo.cl\/portal\/wp-content\/uploads\/2016\/05\/Banda2.jpg?resize=227%2C150&amp;ssl=1 227w, https:\/\/i0.wp.com\/eltrabajo.cl\/portal\/wp-content\/uploads\/2016\/05\/Banda2.jpg?resize=400%2C264&amp;ssl=1 400w\" sizes=\"auto, (max-width: 530px) 100vw, 530px\" \/><\/a><figcaption id=\"caption-attachment-70054\" class=\"wp-caption-text\">LOS MEJORES.- La Banda Escolar de la Escuela Carmela Carvajal ya es parte de la comunidad de Curim\u00f3n.<\/figcaption><\/figure>\n<figure id=\"attachment_70055\" aria-describedby=\"caption-attachment-70055\" style=\"width: 300px\" class=\"wp-caption alignleft\"><a href=\"http:\/\/www.eltrabajo.cl\/portal\/banda-de-guerra-estudiantil-por-fin-tiene-su-propia-sala-de-ensayos\/donoso1-3\/\" rel=\"attachment wp-att-70055\"><img data-recalc-dims=\"1\" loading=\"lazy\" decoding=\"async\" class=\"size-medium wp-image-70055\" src=\"https:\/\/i0.wp.com\/www.eltrabajo.cl\/portal\/wp-content\/uploads\/2016\/05\/Donoso1-300x197.jpg?resize=300%2C197\" alt=\"Directora de la escuela, Ana Mar\u00eda Donoso.\" width=\"300\" height=\"197\" srcset=\"https:\/\/i0.wp.com\/eltrabajo.cl\/portal\/wp-content\/uploads\/2016\/05\/Donoso1.jpg?resize=300%2C197&amp;ssl=1 300w, https:\/\/i0.wp.com\/eltrabajo.cl\/portal\/wp-content\/uploads\/2016\/05\/Donoso1.jpg?resize=200%2C131&amp;ssl=1 200w, https:\/\/i0.wp.com\/eltrabajo.cl\/portal\/wp-content\/uploads\/2016\/05\/Donoso1.jpg?resize=228%2C150&amp;ssl=1 228w, https:\/\/i0.wp.com\/eltrabajo.cl\/portal\/wp-content\/uploads\/2016\/05\/Donoso1.jpg?resize=400%2C263&amp;ssl=1 400w, https:\/\/i0.wp.com\/eltrabajo.cl\/portal\/wp-content\/uploads\/2016\/05\/Donoso1.jpg?w=530&amp;ssl=1 530w\" sizes=\"auto, (max-width: 300px) 100vw, 300px\" \/><\/a><figcaption id=\"caption-attachment-70055\" class=\"wp-caption-text\">Directora de la escuela, Ana Mar\u00eda Donoso.<\/figcaption><\/figure>\n<figure id=\"attachment_70056\" aria-describedby=\"caption-attachment-70056\" style=\"width: 300px\" class=\"wp-caption alignleft\"><a href=\"http:\/\/www.eltrabajo.cl\/portal\/banda-de-guerra-estudiantil-por-fin-tiene-su-propia-sala-de-ensayos\/katherine-leon\/\" rel=\"attachment wp-att-70056\"><img data-recalc-dims=\"1\" loading=\"lazy\" decoding=\"async\" class=\"size-medium wp-image-70056\" src=\"https:\/\/i0.wp.com\/www.eltrabajo.cl\/portal\/wp-content\/uploads\/2016\/05\/Katherine-Leon-300x197.jpg?resize=300%2C197\" alt=\"Katherine Le\u00f3n, Flauta traversa: \u00abTenemos m\u00e1s tranquilidad para nuestros ensayos, antes lo hac\u00edamos en el patio o en la biblioteca de la escuela\u00bb.\" width=\"300\" height=\"197\" srcset=\"https:\/\/i0.wp.com\/eltrabajo.cl\/portal\/wp-content\/uploads\/2016\/05\/Katherine-Leon.jpg?resize=300%2C197&amp;ssl=1 300w, https:\/\/i0.wp.com\/eltrabajo.cl\/portal\/wp-content\/uploads\/2016\/05\/Katherine-Leon.jpg?resize=200%2C131&amp;ssl=1 200w, https:\/\/i0.wp.com\/eltrabajo.cl\/portal\/wp-content\/uploads\/2016\/05\/Katherine-Leon.jpg?resize=228%2C150&amp;ssl=1 228w, https:\/\/i0.wp.com\/eltrabajo.cl\/portal\/wp-content\/uploads\/2016\/05\/Katherine-Leon.jpg?resize=400%2C263&amp;ssl=1 400w, https:\/\/i0.wp.com\/eltrabajo.cl\/portal\/wp-content\/uploads\/2016\/05\/Katherine-Leon.jpg?w=530&amp;ssl=1 530w\" sizes=\"auto, (max-width: 300px) 100vw, 300px\" \/><\/a><figcaption id=\"caption-attachment-70056\" class=\"wp-caption-text\">Katherine Le\u00f3n, Flauta traversa: \u00abTenemos m\u00e1s tranquilidad para nuestros ensayos, antes lo hac\u00edamos en el patio o en la biblioteca de la escuela\u00bb.<\/figcaption><\/figure>\n<figure id=\"attachment_70057\" aria-describedby=\"caption-attachment-70057\" style=\"width: 300px\" class=\"wp-caption alignleft\"><a href=\"http:\/\/www.eltrabajo.cl\/portal\/banda-de-guerra-estudiantil-por-fin-tiene-su-propia-sala-de-ensayos\/ricardo-garcia\/\" rel=\"attachment wp-att-70057\"><img data-recalc-dims=\"1\" loading=\"lazy\" decoding=\"async\" class=\"size-medium wp-image-70057\" src=\"https:\/\/i0.wp.com\/www.eltrabajo.cl\/portal\/wp-content\/uploads\/2016\/05\/Ricardo-Garcia-300x197.jpg?resize=300%2C197\" alt=\"Ricardo Garc\u00eda, Flaut\u00edn: \u00abEstoy muy contento, porque ahora tenemos un lugar exclusivo para nuestros ensayos\u00bb.\" width=\"300\" height=\"197\" srcset=\"https:\/\/i0.wp.com\/eltrabajo.cl\/portal\/wp-content\/uploads\/2016\/05\/Ricardo-Garcia.jpg?resize=300%2C197&amp;ssl=1 300w, https:\/\/i0.wp.com\/eltrabajo.cl\/portal\/wp-content\/uploads\/2016\/05\/Ricardo-Garcia.jpg?resize=200%2C131&amp;ssl=1 200w, https:\/\/i0.wp.com\/eltrabajo.cl\/portal\/wp-content\/uploads\/2016\/05\/Ricardo-Garcia.jpg?resize=228%2C150&amp;ssl=1 228w, https:\/\/i0.wp.com\/eltrabajo.cl\/portal\/wp-content\/uploads\/2016\/05\/Ricardo-Garcia.jpg?resize=400%2C263&amp;ssl=1 400w, https:\/\/i0.wp.com\/eltrabajo.cl\/portal\/wp-content\/uploads\/2016\/05\/Ricardo-Garcia.jpg?w=530&amp;ssl=1 530w\" sizes=\"auto, (max-width: 300px) 100vw, 300px\" \/><\/a><figcaption id=\"caption-attachment-70057\" class=\"wp-caption-text\">Ricardo Garc\u00eda, Flaut\u00edn: \u00abEstoy muy contento, porque ahora tenemos un lugar exclusivo para nuestros ensayos\u00bb.<\/figcaption><\/figure>\n","protected":false},"excerpt":{"rendered":"<p>Escuela Carmela Carvajal de Prat con 60 m\u00fasicos: Desde hace poco m\u00e1s de un a\u00f1o, los estudiantes de la Escuela Carmela Carvajal de Prat, de Curim\u00f3n, vienen alegrando casi todas las actividades&#8230;<\/p>\n","protected":false},"author":1,"featured_media":70054,"comment_status":"open","ping_status":"open","sticky":false,"template":"","format":"standard","meta":{"advanced_seo_description":"","jetpack_seo_html_title":"","jetpack_seo_noindex":false,"_jetpack_memberships_contains_paid_content":false,"footnotes":""},"categories":[15],"tags":[],"class_list":["post-70052","post","type-post","status-publish","format-standard","has-post-thumbnail","hentry","category-comunidad"],"jetpack_featured_media_url":"https:\/\/i0.wp.com\/eltrabajo.cl\/portal\/wp-content\/uploads\/2016\/05\/Banda2.jpg?fit=530%2C350&ssl=1","jetpack_sharing_enabled":true,"jetpack_likes_enabled":true,"jetpack-related-posts":[],"_links":{"self":[{"href":"https:\/\/eltrabajo.cl\/portal\/wp-json\/wp\/v2\/posts\/70052","targetHints":{"allow":["GET"]}}],"collection":[{"href":"https:\/\/eltrabajo.cl\/portal\/wp-json\/wp\/v2\/posts"}],"about":[{"href":"https:\/\/eltrabajo.cl\/portal\/wp-json\/wp\/v2\/types\/post"}],"author":[{"embeddable":true,"href":"https:\/\/eltrabajo.cl\/portal\/wp-json\/wp\/v2\/users\/1"}],"replies":[{"embeddable":true,"href":"https:\/\/eltrabajo.cl\/portal\/wp-json\/wp\/v2\/comments?post=70052"}],"version-history":[{"count":0,"href":"https:\/\/eltrabajo.cl\/portal\/wp-json\/wp\/v2\/posts\/70052\/revisions"}],"wp:featuredmedia":[{"embeddable":true,"href":"https:\/\/eltrabajo.cl\/portal\/wp-json\/wp\/v2\/media\/70054"}],"wp:attachment":[{"href":"https:\/\/eltrabajo.cl\/portal\/wp-json\/wp\/v2\/media?parent=70052"}],"wp:term":[{"taxonomy":"category","embeddable":true,"href":"https:\/\/eltrabajo.cl\/portal\/wp-json\/wp\/v2\/categories?post=70052"},{"taxonomy":"post_tag","embeddable":true,"href":"https:\/\/eltrabajo.cl\/portal\/wp-json\/wp\/v2\/tags?post=70052"}],"curies":[{"name":"wp","href":"https:\/\/api.w.org\/{rel}","templated":true}]}}